{"id":122323,"date":"2025-09-18T04:30:08","date_gmt":"2025-09-18T04:30:08","guid":{"rendered":"https:\/\/www.europesays.com\/es\/122323\/"},"modified":"2025-09-18T04:30:08","modified_gmt":"2025-09-18T04:30:08","slug":"trump-dice-que-designara-a-antifa-como-una-organizacion-terrorista","status":"publish","type":"post","link":"https:\/\/www.europesays.com\/es\/122323\/","title":{"rendered":"Trump dice que designar\u00e1 a Antifa como una organizaci\u00f3n terrorista"},"content":{"rendered":"<p>      CNN<br \/>\n        \u00a0\u2014\u00a0<\/p>\n<p class=\"paragraph inline-placeholder vossi-paragraph\" data-uri=\"es.cms.cnn.com\/_components\/paragraph\/instances\/cmfop0vfz0003356nd0tgej6p@published\" data-editable=\"text\" data-component-name=\"paragraph\" data-article-gutter=\"true\">\n            El presidente Donald Trump dijo que est\u00e1 designando al movimiento antifascista de extrema izquierda Antifa como una organizaci\u00f3n terrorista, anunciando la medida en su plataforma Truth Social en las primeras horas del jueves por la ma\u00f1ana, hora del Reino Unido.\n    <\/p>\n<p class=\"paragraph inline-placeholder vossi-paragraph\" data-uri=\"es.cms.cnn.com\/_components\/paragraph\/instances\/cmforh9tk0009356n237lpnbk@published\" data-editable=\"text\" data-component-name=\"paragraph\" data-article-gutter=\"true\">\n            No estaba claro de inmediato qu\u00e9 mecanismo usar\u00eda Trump para hacer la designaci\u00f3n, y Antifa carece de una estructura centralizada o liderazgo definido, lo que hace incierto qui\u00e9n o qu\u00e9 ser\u00eda espec\u00edficamente el objetivo.\n    <\/p>\n<p class=\"paragraph inline-placeholder vossi-paragraph\" data-uri=\"es.cms.cnn.com\/_components\/paragraph\/instances\/cmforh9tk000a356nzptqh0r7@published\" data-editable=\"text\" data-component-name=\"paragraph\" data-article-gutter=\"true\">\n            \u201cMe complace informar a nuestros muchos Patriotas de EE.UU. que estoy designando a ANTIFA, UN DESASTRE RADICAL DE IZQUIERDA, ENFERMO Y PELIGROSO, COMO UNA IMPORTANTE ORGANIZACI\u00d3N TERRORISTA\u201d, escribi\u00f3 Trump. \u201cTambi\u00e9n recomendar\u00e9 firmemente que quienes financian a ANTIFA sean investigados a fondo de acuerdo con los m\u00e1s altos est\u00e1ndares y pr\u00e1cticas legales. \u00a1Gracias por su atenci\u00f3n a este asunto!\u201d\n    <\/p>\n<p class=\"paragraph inline-placeholder vossi-paragraph\" data-uri=\"es.cms.cnn.com\/_components\/paragraph\/instances\/cmforh9tk000b356n9h9891gt@published\" data-editable=\"text\" data-component-name=\"paragraph\" data-article-gutter=\"true\">\n            Un funcionario de la Casa Blanca dijo a CNN: \u201cEsta es solo una de muchas acciones que tomar\u00e1 el presidente para abordar las organizaciones de izquierda que fomentan la violencia pol\u00edtica\u201d.\n    <\/p>\n<p class=\"paragraph inline-placeholder vossi-paragraph\" data-uri=\"es.cms.cnn.com\/_components\/paragraph\/instances\/cmforh9tk000c356ncgrvbhd5@published\" data-editable=\"text\" data-component-name=\"paragraph\" data-article-gutter=\"true\">\n            Trump \u2014quien se encuentra en el extranjero para una <a href=\"https:\/\/cnnespanol.cnn.com\/2025\/09\/17\/eeuu\/visita-trump-reino-unido-protestas-londres-trax\" rel=\"nofollow noopener\" target=\"_blank\">visita formal de Estado<\/a> \u2014 adelant\u00f3 la medida a principios de esta semana en declaraciones desde la Oficina Oval tras el asesinato del activista conservador Charlie Kirk.\n    <\/p>\n<p class=\"paragraph inline-placeholder vossi-paragraph\" data-uri=\"es.cms.cnn.com\/_components\/paragraph\/instances\/cmforh9tk000d356nshw6ofri@published\" data-editable=\"text\" data-component-name=\"paragraph\" data-article-gutter=\"true\">\n            Varios funcionarios de la administraci\u00f3n han se\u00f1alado, tras el asesinato de Kirk, que apuntar\u00e1n a lo que afirman es un esfuerzo coordinado de la izquierda para incitar a la violencia. Las medidas han provocado protestas de algunos dem\u00f3cratas, quienes alegan que Trump est\u00e1 creando un pretexto para reprimir la disidencia o puntos de vista opuestos.\n    <\/p>\n<p class=\"paragraph inline-placeholder vossi-paragraph\" data-uri=\"es.cms.cnn.com\/_components\/paragraph\/instances\/cmforh9tk000e356n4j0kl63j@published\" data-editable=\"text\" data-component-name=\"paragraph\" data-article-gutter=\"true\">\n            Tampoco estaba claro de inmediato qu\u00e9 efecto pr\u00e1ctico, si es que hay alguno, tendr\u00eda la supuesta designaci\u00f3n. En su primer mandato, Trump prometi\u00f3 designar a Antifa como una organizaci\u00f3n terrorista, y su entonces secretario de Justicia, William Barr, dijo que sus actividades constitu\u00edan \u201cterrorismo interno\u201d.\n    <\/p>\n<p class=\"paragraph inline-placeholder vossi-paragraph\" data-uri=\"es.cms.cnn.com\/_components\/paragraph\/instances\/cmforh9tk000f356neg57bono@published\" data-editable=\"text\" data-component-name=\"paragraph\" data-article-gutter=\"true\">\n            Pero Antifa, abreviatura de antifascistas, no es un grupo estructurado, sino m\u00e1s bien un movimiento social m\u00e1s nebuloso. Y aunque es ilegal proporcionar \u201capoyo material\u201d a grupos designados por el Gobierno como organizaciones terroristas extranjeras, no existe una ley an\u00e1loga para grupos nacionales.\n    <\/p>\n<p class=\"paragraph inline-placeholder vossi-paragraph\" data-uri=\"es.cms.cnn.com\/_components\/paragraph\/instances\/cmforh9tk000g356ng16xs9l3@published\" data-editable=\"text\" data-component-name=\"paragraph\" data-article-gutter=\"true\">\n            El t\u00e9rmino Antifa se utiliza para definir a un amplio grupo de personas cuyas creencias pol\u00edticas se inclinan hacia la izquierda \u2014a menudo la extrema izquierda\u2014 pero que no se alinean con la plataforma del Partido Dem\u00f3crata, inform\u00f3 previamente CNN. El grupo no tiene un l\u00edder oficial ni sede central, aunque grupos en ciertos estados celebran reuniones regulares.\n    <\/p>\n<p class=\"paragraph inline-placeholder vossi-paragraph\" data-uri=\"es.cms.cnn.com\/_components\/paragraph\/instances\/cmforh9tk000h356njci8hnlx@published\" data-editable=\"text\" data-component-name=\"paragraph\" data-article-gutter=\"true\">\n            Adem\u00e1s de designar a ciertos grupos de izquierda como organizaciones terroristas, Trump tambi\u00e9n plante\u00f3 a principios de esta semana la posibilidad de revocar el estatus de exenci\u00f3n de impuestos para organizaciones sin fines de lucro progresista, y su secretaria de Justicia ha considerado la posibilidad de presentar cargos penales contra grupos o individuos que supuestamente est\u00e9n atacando a conservadores.\n    <\/p>\n<p class=\"paragraph inline-placeholder vossi-paragraph\" data-uri=\"es.cms.cnn.com\/_components\/paragraph\/instances\/cmforh9tk000i356n13klziya@published\" data-editable=\"text\" data-component-name=\"paragraph\" data-article-gutter=\"true\">\n            \u201cAntifa es terrible. Hay otros grupos\u201d, <a href=\"https:\/\/cnnespanol.cnn.com\/2025\/09\/15\/eeuu\/trump-designaria-antifa-terroristas-internos-trax\" rel=\"nofollow noopener\" target=\"_blank\">dijo Trump el lunes<\/a> en la Oficina Oval. \u201cTenemos algunos grupos bastante radicales, y se han salido con la suya con el asesinato\u201d, agreg\u00f3 sin citar pruebas ni dar detalles.\n    <\/p>\n<p class=\"paragraph inline-placeholder vossi-paragraph\" data-uri=\"es.cms.cnn.com\/_components\/paragraph\/instances\/cmforh9tk000j356nqq36i93e@published\" data-editable=\"text\" data-component-name=\"paragraph\" data-article-gutter=\"true\">\n            Trump tambi\u00e9n dijo que hab\u00eda estado hablando con la secretaria de Justicia, Pam Bondi, sobre la posibilidad de presentar cargos de asociaci\u00f3n il\u00edcita contra grupos de izquierda que, seg\u00fan \u00e9l, estaban financiando a agitadores de izquierda.\n    <\/p>\n<p class=\"paragraph inline-placeholder vossi-paragraph\" data-uri=\"es.cms.cnn.com\/_components\/paragraph\/instances\/cmforh9tk000k356n67blg9gk@published\" data-editable=\"text\" data-component-name=\"paragraph\" data-article-gutter=\"true\">\n            \u201cLe he pedido a Pam que investigue eso en t\u00e9rminos de la Ley de Organizaciones Corruptas e Influenciadas por el Crimen Organizado (RICO, por sus siglas en ingl\u00e9s), presentar casos RICO\u201d, dijo, y agreg\u00f3: \u201cDeber\u00edan ir a la c\u00e1rcel, lo que est\u00e1n haciendo a este pa\u00eds es realmente subversivo\u201d.\n    <\/p>\n","protected":false},"excerpt":{"rendered":"CNN \u00a0\u2014\u00a0 El presidente Donald Trump dijo que est\u00e1 designando al movimiento antifascista de extrema izquierda Antifa como&hellip;\n","protected":false},"author":2,"featured_media":122324,"comment_status":"","ping_status":"","sticky":false,"template":"","format":"standard","meta":{"footnotes":""},"categories":[42],"tags":[17,18,37536,352,13,14,11,61,62,63,64,19,20,9,10,15,16,12,21,22,65,66,67],"class_list":{"0":"post-122323","1":"post","2":"type-post","3":"status-publish","4":"format-standard","5":"has-post-thumbnail","7":"category-internacional","8":"tag-breaking-news","9":"tag-breakingnews","10":"tag-charlie-kirk","11":"tag-donald-trump","12":"tag-featured-news","13":"tag-featurednews","14":"tag-headlines","15":"tag-internacional","16":"tag-international","17":"tag-international-news","18":"tag-internationalnews","19":"tag-latest-news","20":"tag-latestnews","21":"tag-news","22":"tag-noticias","23":"tag-noticias-destacadas","24":"tag-noticiasdestacadas","25":"tag-titulares","26":"tag-ultimas-noticias","27":"tag-ultimasnoticias","28":"tag-world","29":"tag-world-news","30":"tag-worldnews"},"share_on_mastodon":{"url":"","error":""},"_links":{"self":[{"href":"https:\/\/www.europesays.com\/es\/wp-json\/wp\/v2\/posts\/122323","targetHints":{"allow":["GET"]}}],"collection":[{"href":"https:\/\/www.europesays.com\/es\/wp-json\/wp\/v2\/posts"}],"about":[{"href":"https:\/\/www.europesays.com\/es\/wp-json\/wp\/v2\/types\/post"}],"author":[{"embeddable":true,"href":"https:\/\/www.europesays.com\/es\/wp-json\/wp\/v2\/users\/2"}],"replies":[{"embeddable":true,"href":"https:\/\/www.europesays.com\/es\/wp-json\/wp\/v2\/comments?post=122323"}],"version-history":[{"count":0,"href":"https:\/\/www.europesays.com\/es\/wp-json\/wp\/v2\/posts\/122323\/revisions"}],"wp:featuredmedia":[{"embeddable":true,"href":"https:\/\/www.europesays.com\/es\/wp-json\/wp\/v2\/media\/122324"}],"wp:attachment":[{"href":"https:\/\/www.europesays.com\/es\/wp-json\/wp\/v2\/media?parent=122323"}],"wp:term":[{"taxonomy":"category","embeddable":true,"href":"https:\/\/www.europesays.com\/es\/wp-json\/wp\/v2\/categories?post=122323"},{"taxonomy":"post_tag","embeddable":true,"href":"https:\/\/www.europesays.com\/es\/wp-json\/wp\/v2\/tags?post=122323"}],"curies":[{"name":"wp","href":"https:\/\/api.w.org\/{rel}","templated":true}]}}