{"id":122325,"date":"2025-09-18T04:31:11","date_gmt":"2025-09-18T04:31:11","guid":{"rendered":"https:\/\/www.europesays.com\/es\/122325\/"},"modified":"2025-09-18T04:31:11","modified_gmt":"2025-09-18T04:31:11","slug":"la-ley-antitabaco-impacta-en-la-terrazas-de-chamberi-ahora-el-cliente-fumara-en-la-acera-y-seran-como-las-puertas-de-los-hospitales-el-mundo","status":"publish","type":"post","link":"https:\/\/www.europesays.com\/es\/122325\/","title":{"rendered":"La ley antitabaco impacta en la terrazas de Chamber\u00ed: &quot;Ahora el cliente fumar\u00e1 en la acera y ser\u00e1n como las puertas de los hospitales&quot; &#8211; El Mundo"},"content":{"rendered":"<ol>\n<li><a href=\"https:\/\/news.google.com\/rss\/articles\/CBMiekFVX3lxTE9NX01GRXNKUmRwQkZlaEc2a3hxc01vTnEwQXcyTi1BdEs4NE4weGRBMmNtNU4tNFdybk5DX1B6eHR0YXRsVlR4VXQ1dXZBbXZjUGhERU13dV9ycHZrYldjUm1tajRwMGRUcTVDQnE0QjYtLUJwNXFsZVRR0gF6QVVfeXFMUGhBeFRRYkdmYnl4U1l3UGxtY1Z3bW0wdDJsNURVdWtFTExwSTNWcFMzUjNMb2l0bExJS3ZzZnFlUXJ2S2pTWHhzUEZRYjV2RGFHUS01bWM3Q2VSSC04WHBwT1lxUmhwcEVWX3YxUm9PbzhJWHBFSFdSQmc?oc=5\" target=\"_blank\" rel=\"nofollow noopener\">La ley antitabaco impacta en la terrazas de Chamber\u00ed: \u00abAhora el cliente fumar\u00e1 en la acera y ser\u00e1n como las puertas de los hospitales\u00bb<\/a>&nbsp;&nbsp;El Mundo<\/li>\n<li><a href=\"https:\/\/news.google.com\/rss\/articles\/CBMinwFBVV95cUxQSFFTMkhvT3g0V19wX1pOZEZBOXdVNUZNX2NoeG1jX1kxanl5SlNEZTlYblltQ19PbWFGX3E4bHl2MzBoSjc3dGp2UkJyV1hiQ2R3QjRiVlE0UkIyTXg1T2Rfa1NSd25aU1lJODBxYVE5b3ZSN2hsdnNjcHpwUmtXOTg0TkJjb3hjRHVWZEJob2hES0Z1LVVxY1Y1VGhNMm8?oc=5\" target=\"_blank\" rel=\"nofollow noopener\">Un abogado explica lo que va a pasar en Espa\u00f1a con la nueva ley antitabaco: \u00abEl v\u00e1per no se libra\u00bb<\/a>&nbsp;&nbsp;ABC<\/li>\n<li><a href=\"https:\/\/news.google.com\/rss\/articles\/CBMihgFBVV95cUxNMDJwb0NCRjJVOUEtbTRvYUdLRVJJYkgxUnVrbjNTdjVRZlpoU3NnQ1pJQ1dXYWdUdzdqTV9xQV80TUdaWFpSb2NZQTZjZ2pLMGdDcFBWdnRGZlZzV1RFYVpRWFJmd21iQWZaMTZyTHVCUDJGdmR3cHAzRFlBSHlTYmFNMk43dw?oc=5\" target=\"_blank\" rel=\"nofollow noopener\">Tu hijo vapea, t\u00fa pagas<\/a>&nbsp;&nbsp;elDiario.es<\/li>\n<li><a href=\"https:\/\/news.google.com\/rss\/articles\/CBMiigJBVV95cUxNUDR3VXkxZlBJSmFPcV9jbE1kZjh4SE9YTWwwSHBVeVVrVHNoVUpCUkZzWFphOE1JS0RLaFhOQWhSU0tXenBQcGhWUjlKbXRHV3NBZ19MTUhvM3BVd1VzNHZ5Q0V4dnF4Y3NpZnpaeDJXekRDa21tdzFjWVEzRVRuZmt5MU4wVkJBQ2FxeXRzekk1U1VvaGM1eHFRX1IzX05vbUZDVjROUHEtMjMyaXQwV05JeUJ6LVg2RFJzRERGenJQbEx6WW95RHZhUWctSWtHQzcwNVZrMExpZnRXQTU5dkhiMVZJTUtRTlRHSHVQM3NmWWFmNzdmYXFyM2ZqX19IQzhkb0FHMVp1QQ?oc=5\" target=\"_blank\" rel=\"nofollow noopener\">Ya es oficial: los padres tendr\u00e1n que pagar las multas de sus hijos por fumar o vapear en la calle en estos casos<\/a>&nbsp;&nbsp;El Economista<\/li>\n<li><a href=\"https:\/\/news.google.com\/rss\/articles\/CBMi0gFBVV95cUxNaWxaLW5FWklKdzBFOFd2OHJBQS1tM2gwemNoNGpxSkNYMS1rVmhnN3Vpd21haVZRRndZT25Lb0laZ1U5VjdIcWM5UkhnZEx6QW4ybFY3MEJ4NGJNc0J2eHIxNXNHYVFFX3dDbVl6aGJSWGZMNDNneWwtVDctV0ZLODdCTExwb3FZcjJTRlpKMm82cjh0UWdwU3FrcmlhU3FodnZSXzdoV3k4eG85Q0lwZWc3ZExyRWdJSlotSXpacGxGbVVINy1PU3lSZWFyaXk0REE?oc=5\" target=\"_blank\" rel=\"nofollow noopener\">Cu\u00e1ndo entrar\u00e1 en vigor la nueva ley antitabaco que proh\u00edbe fumar en las terrazas<\/a>&nbsp;&nbsp;heraldo.es<\/li>\n<\/ol>\n","protected":false},"excerpt":{"rendered":"La ley antitabaco impacta en la terrazas de Chamber\u00ed: \u00abAhora el cliente fumar\u00e1 en la acera y ser\u00e1n&hellip;\n","protected":false},"author":2,"featured_media":122326,"comment_status":"","ping_status":"","sticky":false,"template":"","format":"standard","meta":{"footnotes":""},"categories":[8],"tags":[17,18,1467,25,24,13,14,11,19,20,205,9,10,15,16,492,23,12,21,22],"class_list":{"0":"post-122325","1":"post","2":"type-post","3":"status-publish","4":"format-standard","5":"has-post-thumbnail","7":"category-espana","8":"tag-breaking-news","9":"tag-breakingnews","10":"tag-comunidad-de-madrid","11":"tag-es","12":"tag-espana","13":"tag-featured-news","14":"tag-featurednews","15":"tag-headlines","16":"tag-latest-news","17":"tag-latestnews","18":"tag-madrid","19":"tag-news","20":"tag-noticias","21":"tag-noticias-destacadas","22":"tag-noticiasdestacadas","23":"tag-sociedad","24":"tag-spain","25":"tag-titulares","26":"tag-ultimas-noticias","27":"tag-ultimasnoticias"},"share_on_mastodon":{"url":"","error":""},"_links":{"self":[{"href":"https:\/\/www.europesays.com\/es\/wp-json\/wp\/v2\/posts\/122325","targetHints":{"allow":["GET"]}}],"collection":[{"href":"https:\/\/www.europesays.com\/es\/wp-json\/wp\/v2\/posts"}],"about":[{"href":"https:\/\/www.europesays.com\/es\/wp-json\/wp\/v2\/types\/post"}],"author":[{"embeddable":true,"href":"https:\/\/www.europesays.com\/es\/wp-json\/wp\/v2\/users\/2"}],"replies":[{"embeddable":true,"href":"https:\/\/www.europesays.com\/es\/wp-json\/wp\/v2\/comments?post=122325"}],"version-history":[{"count":0,"href":"https:\/\/www.europesays.com\/es\/wp-json\/wp\/v2\/posts\/122325\/revisions"}],"wp:featuredmedia":[{"embeddable":true,"href":"https:\/\/www.europesays.com\/es\/wp-json\/wp\/v2\/media\/122326"}],"wp:attachment":[{"href":"https:\/\/www.europesays.com\/es\/wp-json\/wp\/v2\/media?parent=122325"}],"wp:term":[{"taxonomy":"category","embeddable":true,"href":"https:\/\/www.europesays.com\/es\/wp-json\/wp\/v2\/categories?post=122325"},{"taxonomy":"post_tag","embeddable":true,"href":"https:\/\/www.europesays.com\/es\/wp-json\/wp\/v2\/tags?post=122325"}],"curies":[{"name":"wp","href":"https:\/\/api.w.org\/{rel}","templated":true}]}}