{"id":122331,"date":"2025-09-18T04:38:07","date_gmt":"2025-09-18T04:38:07","guid":{"rendered":"https:\/\/www.europesays.com\/es\/122331\/"},"modified":"2025-09-18T04:38:07","modified_gmt":"2025-09-18T04:38:07","slug":"el-navarro-unai-ramos-firma-hasta-2028-con-el-kern-pharma","status":"publish","type":"post","link":"https:\/\/www.europesays.com\/es\/122331\/","title":{"rendered":"El navarro Unai Ramos firma hasta 2028 con el Kern Pharma"},"content":{"rendered":"<p>\n<strong>Unai Ramos <\/strong>(Tudela, 2005) continuar\u00e1 creciendo en el Equipo Kern Pharma desde el pr\u00f3ximo a\u00f1o al firmar<strong> un contrato hasta 2028<\/strong>, despu\u00e9s de formarse durante dos temporadas en el Equipo Finisher.<\/p>\n<p>El escalador navarro es la <a href=\"https:\/\/www.diariodenavarra.es\/noticias\/deportes\/ciclismo\/2025\/09\/15\/el-navarro-iker-gomez-ficha-el-kern-pharma-2028-660360-1024.html\" title=\"El navarro Iker G\u00f3mez ficha con el Kern Pharma hasta 2028\" rel=\"nofollow noopener\" target=\"_blank\">segunda novedad confirmada tras la de Iker G\u00f3mez,<\/a> informa el equipo en un comunicado en el que se\u00f1ala que con ellos son 12 el total de ciclistas navarros que han competido con el Kern Pharma desde el inicio de su andadura profesional en 2020.<\/p>\n<p>\n<strong>Urko Berrade<\/strong>, vencedor de etapa en La Vuelta a Espa\u00f1a, lleva desde el principio y ha formado parte de la plantilla de la presente temporada al igual que <strong>Diego Uriarte <\/strong>(desde 2024, vencedor de etapa en la Vuelta a Andaluc\u00eda), <strong>Ibai Azanz<\/strong>a (desde 2025), los hermanos <strong>Hugo y Unai Aznar<\/strong> (desde 2024) y<strong> Mikel Retegi <\/strong>(desde 2023).<strong> Igor Arrieta, Diego L\u00f3pez, Enrique Sanz y Sergio Araiz <\/strong>son los otros cuatro ciclistas locales que han pasado por las filas navarras.<\/p>\n<p>De Unai Ramos indican que ha mantenido una progresi\u00f3n sostenida durante los dos a\u00f1os que ha estado en la categor\u00eda sub23 con el Equipo Finisher.<\/p>\n<p>Tras una toma de contacto en la que ya destac\u00f3 en diferentes pruebas del Torneo Euskaldun y el Torneo Lehendakari, 2025 ha sido un a\u00f1o de grandes \u00e9xitos culminados con su gran triunfo en la Vuelta a Navarra tras ganar adem\u00e1s dos etapas.<\/p>\n<p>Tambi\u00e9n ha sumado otras dos victorias en el GP San Roman de Muxika y la Andra Mari Txiki Saria de Baranbio, a\u00f1adidas a otras seis posiciones de podio como su tercer puesto en la Bidasoa Itzulia.<\/p>\n<p>En declaraciones difundidas por el equipo, el ciclista asegura sentir \u00abmucha ilusi\u00f3n\u00bb por cumplir un sue\u00f1o que ten\u00eda desde que empez\u00f3 con la bicicleta y ha valorado los dos a\u00f1os en el Equipo Finisher como \u00ablos mejores\u00bb de su vida.<\/p>\n<p>\u00abHe disfrutado y aprendido mucho y es donde me he convertido en ciclista. Me han inculcado los valores del compa\u00f1erismo, hoy por ti y ma\u00f1ana por m\u00ed, el respeto y el sacrificio, adem\u00e1s de la paciencia para saber que el trabajo es clave y en un momento u otro acaba saliendo a la luz\u201d, declara.<\/p>\n<p>Su capacidad de trabajo en equipo y su talento, ha sido destacado por Juanjo Oroz, manager del Equipo Kern Pharma.<\/p>\n","protected":false},"excerpt":{"rendered":"Unai Ramos (Tudela, 2005) continuar\u00e1 creciendo en el Equipo Kern Pharma desde el pr\u00f3ximo a\u00f1o al firmar un&hellip;\n","protected":false},"author":2,"featured_media":122332,"comment_status":"","ping_status":"","sticky":false,"template":"","format":"standard","meta":{"footnotes":""},"categories":[273],"tags":[313,312,168,158,25,24,3822,3403,14030,23,167,15267],"class_list":{"0":"post-122331","1":"post","2":"type-post","3":"status-publish","4":"format-standard","5":"has-post-thumbnail","7":"category-ciclismo","8":"tag-ciclismo","9":"tag-cycling","10":"tag-deportes","11":"tag-el","12":"tag-es","13":"tag-espana","14":"tag-firma","15":"tag-navarro","16":"tag-ramos","17":"tag-spain","18":"tag-sports","19":"tag-unai"},"share_on_mastodon":{"url":"","error":""},"_links":{"self":[{"href":"https:\/\/www.europesays.com\/es\/wp-json\/wp\/v2\/posts\/122331","targetHints":{"allow":["GET"]}}],"collection":[{"href":"https:\/\/www.europesays.com\/es\/wp-json\/wp\/v2\/posts"}],"about":[{"href":"https:\/\/www.europesays.com\/es\/wp-json\/wp\/v2\/types\/post"}],"author":[{"embeddable":true,"href":"https:\/\/www.europesays.com\/es\/wp-json\/wp\/v2\/users\/2"}],"replies":[{"embeddable":true,"href":"https:\/\/www.europesays.com\/es\/wp-json\/wp\/v2\/comments?post=122331"}],"version-history":[{"count":0,"href":"https:\/\/www.europesays.com\/es\/wp-json\/wp\/v2\/posts\/122331\/revisions"}],"wp:featuredmedia":[{"embeddable":true,"href":"https:\/\/www.europesays.com\/es\/wp-json\/wp\/v2\/media\/122332"}],"wp:attachment":[{"href":"https:\/\/www.europesays.com\/es\/wp-json\/wp\/v2\/media?parent=122331"}],"wp:term":[{"taxonomy":"category","embeddable":true,"href":"https:\/\/www.europesays.com\/es\/wp-json\/wp\/v2\/categories?post=122331"},{"taxonomy":"post_tag","embeddable":true,"href":"https:\/\/www.europesays.com\/es\/wp-json\/wp\/v2\/tags?post=122331"}],"curies":[{"name":"wp","href":"https:\/\/api.w.org\/{rel}","templated":true}]}}