{"id":122339,"date":"2025-09-18T04:42:11","date_gmt":"2025-09-18T04:42:11","guid":{"rendered":"https:\/\/www.europesays.com\/es\/122339\/"},"modified":"2025-09-18T04:42:11","modified_gmt":"2025-09-18T04:42:11","slug":"guillermo-furiase-habla-de-las-dificultades-economicas-de-su-madre-lolita-flores","status":"publish","type":"post","link":"https:\/\/www.europesays.com\/es\/122339\/","title":{"rendered":"Guillermo Furiase habla de las dificultades econ\u00f3micas de su madre, Lolita Flores"},"content":{"rendered":"<p data-journey-content=\"true\" data-node-id=\"3\" class=\"css-6wxqfj emevuu60\"><a href=\"https:\/\/www.diezminutos.es\/famosos-corazon\/famosos-espanoles\/a63591324\/lolita-flores-rosario-flores-llorar-homenaje-lola-flores\/\" target=\"_blank\" data-vars-ga-outbound-link=\"https:\/\/www.diezminutos.es\/famosos-corazon\/famosos-espanoles\/a63591324\/lolita-flores-rosario-flores-llorar-homenaje-lola-flores\/\" data-vars-ga-ux-element=\"Hyperlink\" data-vars-ga-call-to-action=\"Lolita Flores\" data-node-id=\"3.0\" class=\"body-link css-177bzfx emevuu60\" rel=\"nofollow noopener\">Lolita Flores<\/a> se ha sincerado sobre toda su situaci\u00f3n econ\u00f3mica. <a href=\"https:\/\/www.diezminutos.es\/famosos-corazon\/famosos-espanoles\/a65817133\/lolita-flores-felicita-tia-carmen-flores-89-cumpleanos\/\" target=\"_blank\" data-vars-ga-outbound-link=\"https:\/\/www.diezminutos.es\/famosos-corazon\/famosos-espanoles\/a65817133\/lolita-flores-felicita-tia-carmen-flores-89-cumpleanos\/\" data-vars-ga-ux-element=\"Hyperlink\" data-vars-ga-call-to-action=\"La cantante y actriz \" data-node-id=\"3.2\" class=\"body-link css-177bzfx emevuu60\" rel=\"nofollow noopener\">La cantante y actriz <\/a><strong data-node-id=\"3.3\">ha explicado<\/strong> <strong data-node-id=\"3.5\">los problemas econ\u00f3micos <\/strong>que ha estado afrontando en los \u00faltimos a\u00f1os: una deuda con Hacienda mientras Crist\u00f3bal Montoro ocupaba su cargo de ministro entre los a\u00f1os 2011 y 2018. Problemas que ya tiene solucionados pero que la hicieron atravesar un momento muy duro econ\u00f3micamente que la llev\u00f3 a vender su piso, pedir dinero a gente de su entorno y vivir de alquiler. \u00abMe dan ganas de pedirle los dos millones que me quit\u00f3 en ocho a\u00f1os\u00bb, dec\u00eda en Julia en la Onda. Ahora, Guillermo Furiase ha reaccionado a las recientes palabras de su madre. <\/p>\n<p><img draggable=\"true\" alt=\"lolita en tardear\" title=\"Lolita en Tardear\" loading=\"lazy\" width=\"2667\" height=\"2000\" decoding=\"async\" data-nimg=\"1\" style=\"color:transparent;width:100%;height:auto;\"   src=\"https:\/\/www.europesays.com\/es\/wp-content\/uploads\/2025\/09\/lolita-en-tardear-67a3207050602.jpg\" class=\"css-0 e1g79fud0\"\/><\/p>\n<p>Mediaset<\/p>\n<p data-journey-content=\"true\" data-node-id=\"7\" class=\"css-6wxqfj emevuu60\">El hijo de la cantante reconoci\u00f3 que esos momentos tambi\u00e9n los vivi\u00f3 en primera persona: \u201c<strong data-node-id=\"7.1\">Hombre, los he vivido, pero eso le pasa a todo el mundo, \u00bfno? <\/strong>Hay momentos buenos de dinero y momentos malos. Adem\u00e1s, en nuestro trabajo es un s\u00ed y un no de vez en cuando. Cosas que pasan\u201d, explic\u00f3 con naturalidad durante un acto de moda en Madrid.<\/p>\n<p>Orgulloso de ser un \u201cFlores\u201d<\/p>\n<p data-journey-content=\"true\" data-node-id=\"10\" class=\"css-6wxqfj emevuu60\">Pese a esas dificultades, <a href=\"https:\/\/www.diezminutos.es\/famosos-corazon\/famosos-espanoles\/a66046711\/guillermo-elena-furiase-alba-flores-pedro-lazaga-nietos-lola-flores-latin-grammy-sevilla\/\" target=\"_blank\" data-vars-ga-outbound-link=\"https:\/\/www.diezminutos.es\/famosos-corazon\/famosos-espanoles\/a66046711\/guillermo-elena-furiase-alba-flores-pedro-lazaga-nietos-lola-flores-latin-grammy-sevilla\/\" data-vars-ga-ux-element=\"Hyperlink\" data-vars-ga-call-to-action=\"Guillermo ha demostrado que est\u00e1 orgulloso \" data-node-id=\"10.1\" class=\"body-link css-177bzfx emevuu60\" rel=\"nofollow noopener\">Guillermo ha demostrado que est\u00e1 orgulloso <\/a>de pertenecer a la estirpe familiar, un apellido que tiene reputaci\u00f3n per se. <strong data-node-id=\"10.3\">Guillermo, en la entrevista, aprovechaba para recalcar que llevar el apellido Flores nunca ha supuesto un peso para \u00e9l.<\/strong> \u201cNo me perjudica ni me beneficia. Es un apellido que llevo con much\u00edsimo orgullo. Al final, lo veis m\u00e1s desde fuera que yo mismo. Ser un Flores es una maravilla. \u00a1Qu\u00e9 suerte!\u201d, asegur\u00f3.<\/p>\n<p>Un presente sereno<\/p>\n<p data-journey-content=\"true\" data-node-id=\"15\" class=\"css-6wxqfj emevuu60\">El m\u00fasico, que acaba de cumplir la treintena, describi\u00f3 su momento vital como una etapa de madurez y estabilidad: <strong data-node-id=\"15.1\">\u201cAhora ya hay canas, tomo vitaminas\u2026 <\/strong>Estoy en un punto muy bueno de mi vida\u201d. Sobre su faceta familiar, se defini\u00f3 como \u201cel t\u00edo loco\u201d de sus sobrinos, aunque dej\u00f3 claro que no piensa en la paternidad por ahora: \u201cMe quedan muchas cosas que hacer todav\u00eda\u201d.<\/p>\n<p><img src=\"https:\/\/www.europesays.com\/es\/wp-content\/uploads\/2025\/09\/1758170531_276_323095e3-d675-4360-ad79-c3a735f161a1_1681830139.file\" alt=\"Headshot of Aroa D\u00edaz\" title=\"Headshot of Aroa D\u00edaz\" width=\"100%\" height=\"100%\" decoding=\"async\" loading=\"lazy\" class=\"css-o0wq4v ev8dhu53\"\/><\/p>\n<p>Aroa D\u00edaz es experta en realities, televisi\u00f3n y actualidad en general. No hay momento del d\u00eda en el que no tenga encendida la televisi\u00f3n conociendo los \u00faltimos desvelos de los famosos, disfrutando de los realities como Supervivientes o de los concursos m\u00e1s rocambolescos. Las \u00faltimas novedades de los famosos del coraz\u00f3n son su perdici\u00f3n y la actualidad de las Casas Reales, su gran pasi\u00f3n. \u00a0\u00a0<\/p>\n<p>En sus ratos libres disfruta de las pel\u00edculas y series de moda, y bucea por los cat\u00e1logos de las plataformas de podcast buscando nuevas entrevistas y charlas de famosos.<\/p>\n<p>Adem\u00e1s, no ha parado de formarse en todos los aspectos convirti\u00e9ndose en una periodista 360: locuci\u00f3n, doblaje, grabaci\u00f3n de v\u00eddeo, periodismo m\u00f3vil, producci\u00f3n de podcast y SEO. Actualmente est\u00e1 form\u00e1ndose en el M\u00e1ster universitario de Periodismo y Comunicaci\u00f3n Digital: Datos y Nuevas Narrativas de la UOC.<\/p>\n<p>Graduada en periodismo por la Universidad Rey Juan Carlos, no ha parado de trabajar desde que obtuvo su t\u00edtulo all\u00e1 por el 2013. Despu\u00e9s de un breve impass en Palma de Mallorca, volvi\u00f3 a Legan\u00e9s donde arranc\u00f3 su experiencia con Legan\u00e9s Activo. En este tiempo he pasado por las redacciones de varios medios recayendo finalmente en Hearst Espa\u00f1a (Telenovela, Qu\u00e9 me dices y Diez Minutos). Tambi\u00e9n tiene experiencia en diferentes radios. \u00a0<\/p>\n","protected":false},"excerpt":{"rendered":"Lolita Flores se ha sincerado sobre toda su situaci\u00f3n econ\u00f3mica. La cantante y actriz ha explicado los problemas&hellip;\n","protected":false},"author":2,"featured_media":122340,"comment_status":"","ping_status":"","sticky":false,"template":"","format":"standard","meta":{"footnotes":""},"categories":[174],"tags":[255,253,146,147,25,24,256,23],"class_list":{"0":"post-122339","1":"post","2":"type-post","3":"status-publish","4":"format-standard","5":"has-post-thumbnail","7":"category-famosos","8":"tag-celebrities","9":"tag-discover","10":"tag-entertainment","11":"tag-entretenimiento","12":"tag-es","13":"tag-espana","14":"tag-famosos","15":"tag-spain"},"share_on_mastodon":{"url":"","error":""},"_links":{"self":[{"href":"https:\/\/www.europesays.com\/es\/wp-json\/wp\/v2\/posts\/122339","targetHints":{"allow":["GET"]}}],"collection":[{"href":"https:\/\/www.europesays.com\/es\/wp-json\/wp\/v2\/posts"}],"about":[{"href":"https:\/\/www.europesays.com\/es\/wp-json\/wp\/v2\/types\/post"}],"author":[{"embeddable":true,"href":"https:\/\/www.europesays.com\/es\/wp-json\/wp\/v2\/users\/2"}],"replies":[{"embeddable":true,"href":"https:\/\/www.europesays.com\/es\/wp-json\/wp\/v2\/comments?post=122339"}],"version-history":[{"count":0,"href":"https:\/\/www.europesays.com\/es\/wp-json\/wp\/v2\/posts\/122339\/revisions"}],"wp:featuredmedia":[{"embeddable":true,"href":"https:\/\/www.europesays.com\/es\/wp-json\/wp\/v2\/media\/122340"}],"wp:attachment":[{"href":"https:\/\/www.europesays.com\/es\/wp-json\/wp\/v2\/media?parent=122339"}],"wp:term":[{"taxonomy":"category","embeddable":true,"href":"https:\/\/www.europesays.com\/es\/wp-json\/wp\/v2\/categories?post=122339"},{"taxonomy":"post_tag","embeddable":true,"href":"https:\/\/www.europesays.com\/es\/wp-json\/wp\/v2\/tags?post=122339"}],"curies":[{"name":"wp","href":"https:\/\/api.w.org\/{rel}","templated":true}]}}