{"id":12234,"date":"2025-07-29T18:30:09","date_gmt":"2025-07-29T18:30:09","guid":{"rendered":"https:\/\/www.europesays.com\/es\/12234\/"},"modified":"2025-07-29T18:30:09","modified_gmt":"2025-07-29T18:30:09","slug":"gonzalo-suarez-goya-de-honor-y-javier-rodriguez-premio-eisner","status":"publish","type":"post","link":"https:\/\/www.europesays.com\/es\/12234\/","title":{"rendered":"Gonzalo Su\u00e1rez, Goya de Honor y Javier Rodr\u00edguez, Premio Eisner"},"content":{"rendered":"<p>Charlamos con <strong>Gonzalo Su\u00e1rez<\/strong>, <strong>Premio Goya de Honor 2026<\/strong> a quien la Academia del cine le ha distinguido por \u201cuna trayectoria desde la que ha desarrollado una filmograf\u00eda sorprendente, en la que ha experimentado con todos los g\u00e9neros y desde todas las actitudes, y que ha contribuido a convertirle en un hombre clave en la cultura espa\u00f1ola de los \u00faltimos sesenta a\u00f1os\u201d.<\/p>\n<p>Tambi\u00e9n hoy nos acompa\u00f1a el dibujante asturiano <strong>Javier Rodr\u00edguez<\/strong> que el pasado s\u00e1bado recibi\u00f3 el Premio Eisner en la categor\u00eda de mejor serie limitada por <strong>Zatana. Abajo la sala. <\/strong><\/p>\n<p>Seguimos hablando de c\u00f3mics con<strong> Javier Alonso<\/strong> quien recomienda algunos de las obras de los Premios Eisner de esta edici\u00f3n, considerados los \u00d3scar del c\u00f3mic, que se fallaron el pasado s\u00e1bado en la Comic Con de San Diego. <\/p>\n<p>Por \u00faltimo, conoceremos las novedades de la nueva edici\u00f3n del <strong>Cerdenya Film Fest. <\/strong><\/p>\n","protected":false},"excerpt":{"rendered":"Charlamos con Gonzalo Su\u00e1rez, Premio Goya de Honor 2026 a quien la Academia del cine le ha distinguido&hellip;\n","protected":false},"author":2,"featured_media":12235,"comment_status":"","ping_status":"","sticky":false,"template":"","format":"standard","meta":{"footnotes":""},"categories":[91],"tags":[8519,146,147,25,24,8520,133,8522,8521,1448,1986,1987,23],"class_list":{"0":"post-12234","1":"post","2":"type-post","3":"status-publish","4":"format-standard","5":"has-post-thumbnail","7":"category-entretenimiento","8":"tag-el-ojo-critico","9":"tag-entertainment","10":"tag-entretenimiento","11":"tag-es","12":"tag-espana","13":"tag-gonzalo-suarez","14":"tag-online","15":"tag-premio-eisner","16":"tag-premio-goya-de-honor-y-javier-rodriguez","17":"tag-radio","18":"tag-rne","19":"tag-rtve-play","20":"tag-spain"},"share_on_mastodon":{"url":"","error":""},"_links":{"self":[{"href":"https:\/\/www.europesays.com\/es\/wp-json\/wp\/v2\/posts\/12234","targetHints":{"allow":["GET"]}}],"collection":[{"href":"https:\/\/www.europesays.com\/es\/wp-json\/wp\/v2\/posts"}],"about":[{"href":"https:\/\/www.europesays.com\/es\/wp-json\/wp\/v2\/types\/post"}],"author":[{"embeddable":true,"href":"https:\/\/www.europesays.com\/es\/wp-json\/wp\/v2\/users\/2"}],"replies":[{"embeddable":true,"href":"https:\/\/www.europesays.com\/es\/wp-json\/wp\/v2\/comments?post=12234"}],"version-history":[{"count":0,"href":"https:\/\/www.europesays.com\/es\/wp-json\/wp\/v2\/posts\/12234\/revisions"}],"wp:featuredmedia":[{"embeddable":true,"href":"https:\/\/www.europesays.com\/es\/wp-json\/wp\/v2\/media\/12235"}],"wp:attachment":[{"href":"https:\/\/www.europesays.com\/es\/wp-json\/wp\/v2\/media?parent=12234"}],"wp:term":[{"taxonomy":"category","embeddable":true,"href":"https:\/\/www.europesays.com\/es\/wp-json\/wp\/v2\/categories?post=12234"},{"taxonomy":"post_tag","embeddable":true,"href":"https:\/\/www.europesays.com\/es\/wp-json\/wp\/v2\/tags?post=12234"}],"curies":[{"name":"wp","href":"https:\/\/api.w.org\/{rel}","templated":true}]}}