{"id":122343,"date":"2025-09-18T04:47:14","date_gmt":"2025-09-18T04:47:14","guid":{"rendered":"https:\/\/www.europesays.com\/es\/122343\/"},"modified":"2025-09-18T04:47:14","modified_gmt":"2025-09-18T04:47:14","slug":"la-profundidad-de-los-superheroes-del-universo-de-the-boys-grupo-milenio","status":"publish","type":"post","link":"https:\/\/www.europesays.com\/es\/122343\/","title":{"rendered":"la profundidad de los superh\u00e9roes del universo de The Boys- Grupo Milenio"},"content":{"rendered":"<p>\t\t\t\t\t\t\t\t\t\t\tOmar A. G. Pardav\u00e9<\/p>\n<p>\n\t\t\t\t\tCiudad de M\u00e9xico \/ 17.09.2025 01:26:00<\/p>\n<p><strong>Mientras Marvel y DC luchan por reconquistar las salas de cine<\/strong>, ante la aparente \u201cfatiga del cine de superh\u00e9roes\u201d, <strong>el universo de The Boys, de la mano de Prime video, ha satirizado al g\u00e9nero,<\/strong> adem\u00e1s de incluir cr\u00edticas pol\u00edticas y sociales del mundo actual. Ahora l<strong>lega a la plataforma de streaming la segunda temporada de Gen V, el spin-off <\/strong>enfocado en los estudiantes de la Universidad Godolkin para S\u00fapers.<\/p>\n<p><strong>Parte del elenco principal visit\u00f3 Ciudad de M\u00e9xico en el marco de la CCXP 25<\/strong>, momento en el que Jaz Sinclair, Lizze Broadway, London Thor y Derek Luh<strong> hablaron con MILENIO<\/strong> de los nuevos cap\u00edtulos descritos por Jaz como: \u201cdivertidos, honestos, profundos y extremos\u201d.<\/p>\n<p>Entre tanto, <strong>Derek adelant\u00f3 que \u201chay muchos asesinatos, misterio, amor y muchos penes\u201d<\/strong>,en esta temporada, que ya est\u00e1 teniendo cr\u00edticas positivas, mientras que London destac\u00f3 el realismo de las acciones de los personajes si un humano tuviera poderes.<\/p>\n<p>Esta segunda temporada de GenV <strong>se desarrolla despu\u00e9s de la cuarta temporada de The Boys, donde el presidente de Estados Unidos le declar\u00f3 lealtad a Homelander <\/strong>y Starlight se convierte en fugitiva. Estos sucesos se ver\u00e1n reflejados en el colegio donde el nuevo decano cree en la superioridad de los S\u00fapers ante los humanos normales.<\/p>\n<p><strong>La protagonista Marie Moreau<\/strong> (Jaz Sinclair) <strong>continuar\u00e1 la b\u00fasqueda de su hermana y secretos del pasado,<\/strong> ahora sin tiempo de divertirse y llevando al l\u00edmite sus poderes y dilemas morales.<\/p>\n<blockquote><p>\u201cMarie va en un viaje sobre s\u00ed misma esta temporada, algunas de sus decisiones son buenas y algunas de ellas son realmente malas. Definitivamente no soy la maestra de toma de decisiones en la segunda temporada\u201d, adelant\u00f3 Jaz.<\/p><\/blockquote>\n<p>\t\t<img decoding=\"async\" class=\"nd-media-detail-caption__img\" alt=\"Gen V: segunda temporada\" data-camus-image=\"\" data-camus-toolbar-image-position=\"topleft\" loading=\"lazy\" src=\"https:\/\/images.milenio.com\/1rS1SjYsn02AHy-LqesYfTScW9Q=\/375x0\/uploads\/media\/2025\/09\/16\/gen-temporada-serie-prime-video-2.jpeg\" height=\"250\" width=\"375\" onerror=\"this.onerror=null;this.src=\\'\/bundles\/appcamusassets\/dist\/images\/logo-Milenio-2.jpg\\'\"\/><\/p>\n<p>  \tGen V: segunda temporada de la serie de Prime Video | Especial<\/p>\n<p>  \t  \t<img decoding=\"async\" alt=\"filter-toggle\" class=\"nd-media-detail-caption__icon__icon\" src=\"https:\/\/www.milenio.com\/bundles\/appcamusassets\/dist\/images\/svg\/expand-solid.svg\" width=\"15\" height=\"15\" onerror=\"this.onerror=null;this.src=\\'\/bundles\/appcamusassets\/dist\/images\/logo-Milenio-2.jpg\\'\" loading=\"lazy\"\/><br \/>\n  \t  ampliar<\/p>\n<p><strong>A pesar de terminar en una prisi\u00f3n en la primera temporada, ella y sus amigos deber\u00e1n regresar a la Universidad a falta de una mejor opci\u00f3n<\/strong> o de un lugar m\u00e1s seguro. \u201cSiento que nuestra din\u00e1mica en esta temporada definitivamente ha cambiado un poco. En la primera temporada hubo mucho tiempo divertido, pero en la segunda temporada los riesgos son mucho m\u00e1s grandes, entonces ves nuestra din\u00e1mica bajo m\u00e1s presi\u00f3n esta temporada\u201d, comparti\u00f3 Jaz.<\/p>\n<p><strong>Lizze Broadway da vida a Emma Meyer<\/strong>, personaje que puede modificar su tama\u00f1o, por lo que la <strong>actriz habl\u00f3 de la evoluci\u00f3n de este y de la relaci\u00f3n con sus amigos<\/strong>, asegurando que \u201cSon amistades complejas\u201d.\u00a0<\/p>\n<p>\t\t<img decoding=\"async\" class=\"nd-media-detail-caption__img\" alt=\"Gen V: segunda temporada\" data-camus-image=\"\" data-camus-toolbar-image-position=\"topleft\" loading=\"lazy\" src=\"https:\/\/images.milenio.com\/AP4cXkT8yrlBjyRrsZmIeG02ubE=\/375x0\/uploads\/media\/2025\/09\/16\/gen-temporada-serie-prime-video.jpeg\" height=\"250\" width=\"375\" onerror=\"this.onerror=null;this.src=\\'\/bundles\/appcamusassets\/dist\/images\/logo-Milenio-2.jpg\\'\"\/><\/p>\n<p>  \tGen V: segunda temporada de la serie de Prime Video | Especial<\/p>\n<p>  \t  \t<img decoding=\"async\" alt=\"filter-toggle\" class=\"nd-media-detail-caption__icon__icon\" src=\"https:\/\/www.milenio.com\/bundles\/appcamusassets\/dist\/images\/svg\/expand-solid.svg\" width=\"15\" height=\"15\" onerror=\"this.onerror=null;this.src=\\'\/bundles\/appcamusassets\/dist\/images\/logo-Milenio-2.jpg\\'\" loading=\"lazy\"\/><br \/>\n  \t  ampliar<\/p>\n<p>Tambi\u00e9n revel\u00f3<strong> el secreto para interpretar a la apodada Little Cricket. \u201cEl coraz\u00f3n de Emma, su esencia y su alma son realmente poderosas <\/strong>\u2014dijo\u2014 pero creo que la versi\u00f3n que ves es la que cubre el trauma. Cuando me prepar\u00e9 para la primera temporada, escrib\u00ed una biograf\u00eda de 40 p\u00e1ginas sobre qui\u00e9n era y su historia, haciendo todo ese trabajo, simplemente fluy\u00f3 el interpretarla como si dijera una verdad\u201d, record\u00f3 Lizze.<\/p>\n<p><strong>London Thor y Derek Luh interpretan el mismo personaje<\/strong>, Jordan Li quien tiene la habilidad de cambiar de g\u00e9nero, adem\u00e1s de otros poderes seg\u00fan la sexualidad de turno.<strong> Jordan continuar\u00e1 explorando su naciente amor con Marie<\/strong>, siempre y cuando la crisis en las que se encuentren lo permitan. <strong>London encuentra la fuerza de su personaje en su elecci\u00f3n de hacer lo correcto <\/strong>y decir la verdad sin importar las consecuencias.<\/p>\n<blockquote><p>\u201cJordan es muy fuerte en su toma de decisiones, morales la mayor parte del tiempo. Vemos algo de esa fuerza en la segunda temporada, pero creo que lo fundamental es mantener esos valores de bien y tratar de hacer lo correcto\u201d, coment\u00f3.<\/p><\/blockquote>\n<p>\t\t<img decoding=\"async\" class=\"nd-media-detail-caption__img\" alt=\"Gen V: segunda temporada\" data-camus-image=\"\" data-camus-toolbar-image-position=\"topleft\" loading=\"lazy\" src=\"https:\/\/images.milenio.com\/3WmPRLFbqEMqEbKHxHsECw__cY4=\/375x0\/uploads\/media\/2025\/09\/16\/gen-temporada-serie-prime-video-1.jpeg\" height=\"250\" width=\"375\" onerror=\"this.onerror=null;this.src=\\'\/bundles\/appcamusassets\/dist\/images\/logo-Milenio-2.jpg\\'\"\/><\/p>\n<p>  \tGen V: segunda temporada de la serie de Prime Video | Especial<\/p>\n<p>  \t  \t<img decoding=\"async\" alt=\"filter-toggle\" class=\"nd-media-detail-caption__icon__icon\" src=\"https:\/\/www.milenio.com\/bundles\/appcamusassets\/dist\/images\/svg\/expand-solid.svg\" width=\"15\" height=\"15\" onerror=\"this.onerror=null;this.src=\\'\/bundles\/appcamusassets\/dist\/images\/logo-Milenio-2.jpg\\'\" loading=\"lazy\"\/><br \/>\n  \t  ampliar<\/p>\n<p>Por su parte, <strong>Derek detall\u00f3 la preparaci\u00f3n de ambos actores para perfeccionar la sincronizaci\u00f3n en su interpretaci\u00f3n.<\/strong> \u201cEntre las temporadas, London y yo fuimos a la clase de actuaci\u00f3n de su mam\u00e1 donde terminamos haciendo una escena de Rabbit Hole para poder vernos actuar a los dos al mismo tiempo y ver c\u00f3mo reacciona cada uno\u201d, revel\u00f3 Derek.<\/p>\n<blockquote><p>\u201cPersonalmente me quise enfocar en sincronizar a Jordan en cada escena, as\u00ed que iba, cuando London estaba trabajando, para observarla. Ten\u00eda mi libreta de notas y rastreaba el arco emocional, miraba d\u00f3nde estaba la Jordan femenina y su relaci\u00f3n con cada persona, quer\u00eda asegurarme que cuando yo estuviera en la siguiente escena pudiera continuar\u201d, agreg\u00f3.<\/p><\/blockquote>\n<blockquote class=\"nd-split-detail-base\"><p>\n    Claves<br \/>\n    The Boys Temporada<\/p>\n<p>La temporada final de la serie principal termin\u00f3 grabaciones en julio del presente a\u00f1o y llegar\u00e1 a Prime Video en 2026.<\/p>\n<p>Spin off Mexicano<\/p>\n<p>Se est\u00e1 desarrollando una serie mexicana ubicada en el mismo universo, que cuenta con Diego Luna y Gael Garc\u00eda Bernal como productores ejecutivos.<\/p>\n<p>Vought Rising<\/p>\n<p>Ser\u00e1 una serie precuela protagonizada por Soldier Boy y Stormfront en la d\u00e9cada de 1950.<\/p>\n<\/blockquote>\n<p>A pesar de contar con personajes invitados como Starlight, The Deep y Black Noir, <strong>la gran ausencia ser\u00e1 el protag\u00f3nico Andre Anderson, pues su int\u00e9rprete, Chance Perdomo, falleci\u00f3 en un accidente d<\/strong>e motocicleta en 2024, antes de comenzar las filmaciones.\u00a0<\/p>\n<p><strong>Su personaje tambi\u00e9n estar\u00e1 muerto en la segunda temporada, pero se mantendr\u00e1 presente<\/strong>, como una forma de rendir homenaje al actor. <strong>\u201cToda la temporada est\u00e1 dedicada a \u00e9l. <\/strong>Creo que todas nuestras actuaciones se las dedicamos, el show&#8230; S\u00ed, todo es para \u00e9l\u201d, declar\u00f3 London.<\/p>\n<p>    \t<img decoding=\"async\" alt=\"__icon\" class=\"nd-related-news-detail-media-dual__icon\" src=\"https:\/\/www.milenio.com\/bundles\/appcamusassets\/dist\/images\/svg\/arrow-circle-right-solid.svg\" width=\"15\" height=\"15\" onerror=\"this.onerror=null;this.src=\\'\/bundles\/appcamusassets\/dist\/images\/logo-Milenio-2.jpg\\'\" loading=\"lazy\"\/><br \/>\n    Te recomendamos<\/p>\n","protected":false},"excerpt":{"rendered":"Omar A. G. Pardav\u00e9 Ciudad de M\u00e9xico \/ 17.09.2025 01:26:00 Mientras Marvel y DC luchan por reconquistar las&hellip;\n","protected":false},"author":2,"featured_media":122344,"comment_status":"","ping_status":"","sticky":false,"template":"","format":"standard","meta":{"footnotes":""},"categories":[169],"tags":[177,146,147,25,24,176,40222,40220,40223,40218,175,40221,40219,23,40224],"class_list":{"0":"post-122343","1":"post","2":"type-post","3":"status-publish","4":"format-standard","5":"has-post-thumbnail","7":"category-cine","8":"tag-cine","9":"tag-entertainment","10":"tag-entretenimiento","11":"tag-es","12":"tag-espana","13":"tag-film","14":"tag-gen-v-entrevista","15":"tag-gen-v-estreno","16":"tag-gen-vthe-boys","17":"tag-gen-v","18":"tag-movies","19":"tag-personajes-de-gen-v","20":"tag-serie-gen-v","21":"tag-spain","22":"tag-the-boys"},"share_on_mastodon":{"url":"","error":""},"_links":{"self":[{"href":"https:\/\/www.europesays.com\/es\/wp-json\/wp\/v2\/posts\/122343","targetHints":{"allow":["GET"]}}],"collection":[{"href":"https:\/\/www.europesays.com\/es\/wp-json\/wp\/v2\/posts"}],"about":[{"href":"https:\/\/www.europesays.com\/es\/wp-json\/wp\/v2\/types\/post"}],"author":[{"embeddable":true,"href":"https:\/\/www.europesays.com\/es\/wp-json\/wp\/v2\/users\/2"}],"replies":[{"embeddable":true,"href":"https:\/\/www.europesays.com\/es\/wp-json\/wp\/v2\/comments?post=122343"}],"version-history":[{"count":0,"href":"https:\/\/www.europesays.com\/es\/wp-json\/wp\/v2\/posts\/122343\/revisions"}],"wp:featuredmedia":[{"embeddable":true,"href":"https:\/\/www.europesays.com\/es\/wp-json\/wp\/v2\/media\/122344"}],"wp:attachment":[{"href":"https:\/\/www.europesays.com\/es\/wp-json\/wp\/v2\/media?parent=122343"}],"wp:term":[{"taxonomy":"category","embeddable":true,"href":"https:\/\/www.europesays.com\/es\/wp-json\/wp\/v2\/categories?post=122343"},{"taxonomy":"post_tag","embeddable":true,"href":"https:\/\/www.europesays.com\/es\/wp-json\/wp\/v2\/tags?post=122343"}],"curies":[{"name":"wp","href":"https:\/\/api.w.org\/{rel}","templated":true}]}}