{"id":122347,"date":"2025-09-18T04:53:06","date_gmt":"2025-09-18T04:53:06","guid":{"rendered":"https:\/\/www.europesays.com\/es\/122347\/"},"modified":"2025-09-18T04:53:06","modified_gmt":"2025-09-18T04:53:06","slug":"el-ministro-de-finanzas-israeli-asegura-estar-negociando-con-estados-unidos-la-division-de-gaza","status":"publish","type":"post","link":"https:\/\/www.europesays.com\/es\/122347\/","title":{"rendered":"El ministro de Finanzas israel\u00ed asegura estar negociando con Estados Unidos la divisi\u00f3n de Gaza"},"content":{"rendered":"<p>El ministro de Finanzas israel\u00ed, el radical y colono <strong>Bezalel Smotrich<\/strong>, ha asegurado este mi\u00e9rcoles que Gaza podr\u00eda ser una \u00ab<strong>bonanza inmobiliaria<\/strong>\u00ab, una gran oportunidad de mercado. Seg\u00fan ha presumido, su Gobierno ya est\u00e1 manteniendo conversaciones con la <strong>Administraci\u00f3n de Trump<\/strong> para repartir las ganancias de un presunto \u00abplan de negocios\u00bb destinado a explotar econ\u00f3micamente la devastada Franja palestina.<\/p>\n<p>\u00abPagamos mucho dinero por esta guerra, as\u00ed que tenemos que dividir c\u00f3mo obtenemos un porcentaje de la<strong> comercializaci\u00f3n de terrenos<\/strong> m\u00e1s adelante\u00bb, ha declarado el ultraderechista en una conferencia inmobiliaria en Tel Aviv. \u00abYa <strong>hemos completado la fase de demolici\u00f3n<\/strong>, que siempre es la primera fase de la renovaci\u00f3n urbana. Ahora tenemos que construir. Es mucho m\u00e1s barato\u00bb, ha se\u00f1alado. Sus palabras van en sinton\u00eda con las del ministro de Defensa, Israel Katz, que ha vuelto a hablar de la <strong>\u00abdestrucci\u00f3n total<\/strong> de Ciudad de Gaza\u00bb. Con la destrucci\u00f3n de la Franja, Tel Aviv sigue sumando objetivos, tambi\u00e9n econ\u00f3micos, y cataloga al enclave como \u00abuna mina de oro\u00bb.<\/p>\n<p>Estas declaraciones llegan apenas dos d\u00edas despu\u00e9s de que las tropas israel\u00edes anunciaran su <strong>ofensiva final para tomar por completo la capital del enclave<\/strong>, prometiendo arrasar una ciudad en la que, tras casi dos a\u00f1os de guerra, solo quedan escombros. Desde el pasado martes, la ciudad sufre constantes bombardeos y ataques desde tierra de los tanques israel\u00edes que avanzan hacia el coraz\u00f3n de la urbe. Mientras, el n\u00famero de v\u00edctimas supera ya los <strong>65.000<\/strong>. <\/p>\n<p>El desplazamiento forzoso de los gazat\u00edes<\/p>\n<p>Como la mayor\u00eda de ministros de Netanyahu, Smotrich defiende prolongar esta guerra hasta <strong>erradicar a Ham\u00e1s<\/strong>. Pero su plan va mucho m\u00e1s all\u00e1. Contempla que los asentamientos jud\u00edos desmantelados en 2005 vuelvan a Gaza y forzar la deportaci\u00f3n de los <strong>dos millones de personas <\/strong>que viven en el enclave, una medida que este dirigente ultraderechista describe como \u00abemigraci\u00f3n voluntaria\u00bb. <\/p>\n<p>La realidad, sin embargo, es que se trata de un desplazamiento forzoso de poblaci\u00f3n civil, lo que constituye un <strong>crimen de guerra<\/strong>, y apuntala los argumentos jur\u00eddicos para considerar la ofensiva israel\u00ed como <strong>genocidio<\/strong>, un delito que investiga la Corte Internacional de Justicia a instancias de Sud\u00e1frica. De hecho, la ONU ha concluido esta semana que, en efecto, lo que ocurre en Gaza <a href=\"https:\/\/www.rtve.es\/noticias\/20250916\/masacre-gaza-genocidio-israel-onu\/16730610.shtml\" target=\"_blank\" rel=\"nofollow noopener\">cumple con esta definici\u00f3n<\/a>.<\/p>\n<p>Las declaraciones de Smotrich siempre siguen el mismo patr\u00f3n. Ha manifestado en reiteradas ocasiones que <strong>Gaza y Cisjordania<\/strong> deben ser \u00abarrebatados para siempre\u00bb a los palestinos. <a href=\"https:\/\/www.rtve.es\/noticias\/20241111\/ministro-israeli-fianzas-anticipa-anexion-total-cisjordania-tras-triunfo-trump-eeuu\/16325901.shtml\" target=\"_blank\" rel=\"nofollow noopener\">Tras el triunfo electoral de Trump<\/a>, consider\u00f3 que era el momento id\u00f3neo para imponer la<strong> soberan\u00eda israel\u00ed sobre Palestina<\/strong> y el establecimiento de una \u00abclara mayor\u00eda jud\u00eda\u00bb en sus territorios. En el \u00faltimo a\u00f1o, sus ideas mesi\u00e1nicas han pasado de las palabras a los hechos, ejecutando planes pol\u00edticos tangibles que han acelerado la anexi\u00f3n de Cisjordania y la apropiaci\u00f3n de terrenos palestinos, ignorando el consenso internacional y profundizando la crisis humanitaria y pol\u00edtica en la regi\u00f3n.<\/p>\n<p>El pol\u00edtico m\u00e1s extremista del Gobierno de Netanyahu considera que los jud\u00edos tienen el derecho divino de habitar toda la tierra que perteneci\u00f3 al Israel b\u00edblico y, para hacer tangibles sus deseos, vive en uno de estos asentamientos en la Cisjordania ocupada.<\/p>\n<p>\u00abRiviera de Oriente Medio\u00bb de Trump<\/p>\n<p>Pero la idea que el ultraderechista ha presentado este mi\u00e9rcoles no es nueva. A principios de febrero, coincidiendo con la primera visita de Netanyahu a la Casa Blanca, Trump asegur\u00f3 que Estados Unidos asumir\u00eda<strong> el control de la Franja<\/strong> para <a href=\"https:\/\/www.rtve.es\/noticias\/20250220\/deportaciones-masivas-aranceles-riviera-gaza-turbulento-primer-mes-trump-casa-blanca\/16457289.shtml\" target=\"_blank\" rel=\"nofollow noopener\">\u00abposeer\u00bb su tierra<\/a> y reconstruirla para transformarla en la \u00ab<strong>Riviera de Oriente Medio<\/strong>\u00ab. Apost\u00f3 por demoler lo poco que queda en pie y, haciendo uso de su pasado en sector inmobiliario, construir un resort de tur\u00edstico para viajeros internacionales. <\/p>\n<p>En aquel momento, Trump ya habl\u00f3 de <strong>desplazar \u00abde forma permanente\u00bb a la poblaci\u00f3n palestina<\/strong> a pa\u00edses vecinos como Jordania y Egipto. Sin embargo, los meses pasan y Trump sigue sin dar demasiados detalles sobre como piensa llevar a cabo su proyecto, aunque, lo que s\u00ed que est\u00e1 claro es que cuenta con el apoyo incondicional de Netanyahu. <\/p>\n<p>Los pormenores los hizo p\u00fablicos The Washington Post a principios de septiembre al revelar un documento de la Administraci\u00f3n Trump con uno de los planes que barajan para Gaza una vez finalice la ofensiva israel\u00ed. El texto, de 38 p\u00e1ginas, propone que el enclave quede bajo un r\u00e9gimen de fideicomiso administrado por Estados Unidos, entregado por Israel, durante al menos diez a\u00f1os. <\/p>\n<p>Ese escenario implicar\u00eda que Washington lidere ese proceso con financiaci\u00f3n p\u00fablica y privada, y que la \u00ab<strong>nueva Gaza<\/strong>\u00bb albergue grandes proyectos econ\u00f3micos, que incluir\u00edan desde f\u00e1bricas de veh\u00edculos el\u00e9ctricos hasta centros de datos o complejos tur\u00edsticos. Todo ello, eso s\u00ed, <strong>sin los palestinos<\/strong>.<\/p>\n<p>Para seguir avanzando en sus planes b\u00e9licos, el lunes, primer ministro israel\u00ed afirm\u00f3 que su hom\u00f3logo estadounidense le hab\u00eda invitado a la Casa Blanca despu\u00e9s de su intervenci\u00f3n en la Asamblea de la ONU en Nueva York, prevista para el viernes 26 de septiembre. <\/p>\n","protected":false},"excerpt":{"rendered":"El ministro de Finanzas israel\u00ed, el radical y colono Bezalel Smotrich, ha asegurado este mi\u00e9rcoles que Gaza podr\u00eda&hellip;\n","protected":false},"author":2,"featured_media":122348,"comment_status":"","ping_status":"","sticky":false,"template":"","format":"standard","meta":{"footnotes":""},"categories":[42],"tags":[17,18,13,14,11,61,62,63,64,19,20,9,10,15,16,12,21,22,65,66,67],"class_list":{"0":"post-122347","1":"post","2":"type-post","3":"status-publish","4":"format-standard","5":"has-post-thumbnail","7":"category-internacional","8":"tag-breaking-news","9":"tag-breakingnews","10":"tag-featured-news","11":"tag-featurednews","12":"tag-headlines","13":"tag-internacional","14":"tag-international","15":"tag-international-news","16":"tag-internationalnews","17":"tag-latest-news","18":"tag-latestnews","19":"tag-news","20":"tag-noticias","21":"tag-noticias-destacadas","22":"tag-noticiasdestacadas","23":"tag-titulares","24":"tag-ultimas-noticias","25":"tag-ultimasnoticias","26":"tag-world","27":"tag-world-news","28":"tag-worldnews"},"share_on_mastodon":{"url":"","error":""},"_links":{"self":[{"href":"https:\/\/www.europesays.com\/es\/wp-json\/wp\/v2\/posts\/122347","targetHints":{"allow":["GET"]}}],"collection":[{"href":"https:\/\/www.europesays.com\/es\/wp-json\/wp\/v2\/posts"}],"about":[{"href":"https:\/\/www.europesays.com\/es\/wp-json\/wp\/v2\/types\/post"}],"author":[{"embeddable":true,"href":"https:\/\/www.europesays.com\/es\/wp-json\/wp\/v2\/users\/2"}],"replies":[{"embeddable":true,"href":"https:\/\/www.europesays.com\/es\/wp-json\/wp\/v2\/comments?post=122347"}],"version-history":[{"count":0,"href":"https:\/\/www.europesays.com\/es\/wp-json\/wp\/v2\/posts\/122347\/revisions"}],"wp:featuredmedia":[{"embeddable":true,"href":"https:\/\/www.europesays.com\/es\/wp-json\/wp\/v2\/media\/122348"}],"wp:attachment":[{"href":"https:\/\/www.europesays.com\/es\/wp-json\/wp\/v2\/media?parent=122347"}],"wp:term":[{"taxonomy":"category","embeddable":true,"href":"https:\/\/www.europesays.com\/es\/wp-json\/wp\/v2\/categories?post=122347"},{"taxonomy":"post_tag","embeddable":true,"href":"https:\/\/www.europesays.com\/es\/wp-json\/wp\/v2\/tags?post=122347"}],"curies":[{"name":"wp","href":"https:\/\/api.w.org\/{rel}","templated":true}]}}