{"id":122349,"date":"2025-09-18T04:54:07","date_gmt":"2025-09-18T04:54:07","guid":{"rendered":"https:\/\/www.europesays.com\/es\/122349\/"},"modified":"2025-09-18T04:54:07","modified_gmt":"2025-09-18T04:54:07","slug":"genova-debate-vox-si-vox-no","status":"publish","type":"post","link":"https:\/\/www.europesays.com\/es\/122349\/","title":{"rendered":"G\u00e9nova debate: Vox s\u00ed, Vox no"},"content":{"rendered":"<p style=\"\">En el <strong>PP<\/strong> llevan tiempo asumiendo -incluso tras el estallido del <a href=\"https:\/\/www.abc.es\/noticias\/santos-cerdan-leon\/\" title=\"www.abc.es\" data-voc-vtm-id=\"in-text-traffic\" data-mrf-link=\"www.abc.es\" rel=\"nofollow noopener\" target=\"_blank\">caso Cerd\u00e1n<\/a>&#8211; que el presidente del Gobierno aguantar\u00e1 todo lo posible en el poder. El camino va a ser largo, admiten en G\u00e9nova. La labor de oposici\u00f3n va sufriendo modificaciones por los  &#8230; distintos frentes judiciales y los pactos de Pedro S\u00e1nchez con los independentistas. Muchos dirigentes del PP se quejan de ser <strong>incapaces de mantener el rumbo<\/strong>, explicar su alternativa pol\u00edtica y hacer propuestas si cada semana deben reaccionar a un nuevo esc\u00e1ndalo. Cambios en el guion que no est\u00e1n previstos y que se ven obligados a incorporar, o proposiciones legislativas que directamente meten en un caj\u00f3n. A eso se suma la estrategia de divisi\u00f3n social a la que el Ejecutivo ha apostado su propia continuidad -como se ha vuelto a ver en las protestas contra Israel alentadas desde Moncloa-. Y <strong>en este contexto de extrema polarizaci\u00f3n Vox se dispara en las encuestas<\/strong>. Un fen\u00f3meno que preocupa al PP y que, aunque llevan tiempo analizando, ahora ha cobrado especial importancia.<\/p>\n<p class=\"voc-p\" style=\"\">En el entorno de Alberto N\u00fa\u00f1ez Feij\u00f3o minimizan el auge del partido de Santiago Abascal por dos motivos: <strong>la suma de PP y Vox roza los 200 diputados<\/strong> en pr\u00e1cticamente todos los sondeos, confirmando una <a href=\"https:\/\/www.abc.es\/espana\/narciso-michavila-gad3-analiza-ultimo-barometro-abc-20250916174525-aud.html\" data-voc-vtm-id=\"in-text-traffic\" title=\"tendencia muy s\u00f3lida para la derecha\" rel=\"nofollow noopener\" target=\"_blank\">tendencia muy s\u00f3lida para la derecha<\/a>; y, sobre todo, porque a diferencia de lo que ha ocurrido en el resto de pa\u00edses europeos, en Espa\u00f1a la derecha tradicional ha logrado contener mucho m\u00e1s el espacio de Vox. <\/p>\n<p class=\"voc-p\" style=\"\">En Francia, Alemania y Portugal sus partidos hom\u00f3logos son la segunda fuerza. En Italia y Hungr\u00eda gobiernan. <strong>En Polonia ganaron las \u00faltimas elecciones presidenciales <\/strong>y en el Reino Unido hay un movimiento creciente como se vio el pasado fin de semana en una multitudinaria manifestaci\u00f3n en Londres en contra de la inmigraci\u00f3n.<\/p>\n<p class=\"voc-p\" style=\"\">En este contexto, liderando las encuestas y con la situaci\u00f3n espa\u00f1ola casi como un oasis en el continente, en el entorno de Feij\u00f3o ven\u00edan defendiendo que no se pod\u00eda hablar de \u00abinquietud\u00bb. Lo m\u00e1s importante, reconoc\u00edan, es que el PP mantenga una superioridad clara con la que seguir defendiendo un gobierno en solitario. La encuesta de GAD3 publicada por ABC abre un escenario m\u00e1s complicado al situar <strong>al partido de Santiago Abascal en 61 diputados<\/strong>. Un crecimiento exponencial (ahora tienen 33 y en 2019 alcanzaron el que hasta ahora ha sido su m\u00e1ximo con 52 diputados) que no tiene nada de anecd\u00f3tico, seg\u00fan explican varios dirigentes consultados por ABC. <\/p>\n<p class=\"voc-p\" style=\"\">En el partido siempre ha habido un debate extenso sobre c\u00f3mo deb\u00eda ser la relaci\u00f3n con los de Abascal: si hab\u00eda que normalizar los pactos, teniendo en cuenta los que ha firmado a nivel nacional <strong>S\u00e1nchez incluso con Bildu<\/strong>, o si hab\u00eda que apostar por su aislamiento. Feij\u00f3o ya fij\u00f3 posici\u00f3n en el congreso del PP del mes de julio naturalizando los acuerdos con Vox -y no dar la espalda a sus votantes, que muchos lo fueron antes del PP- pero apostando por gobiernos en solitario, empezando por el suyo si consigue llegar a la Moncloa.<\/p>\n<p>\nCambio profundo\n<\/p>\n<p class=\"voc-p\" style=\"\">En G\u00e9nova, igual que en los territorios, son conscientes de que el crecimiento de Vox tiene mucho que ver con la situaci\u00f3n tan polarizada del momento. Y por eso a menudo se\u00f1alan <strong>\u00abla pinza Gobierno-Vox\u00bb<\/strong> para arrinconar al PP. Consideran que es el propio S\u00e1nchez el que alimenta a menudo lo que el Ejecutivo llama \u00abla extrema derecha\u00bb y que Abascal se confunde en su estrategia de atacar constantemente al PP. <\/p>\n<p class=\"voc-p\" style=\"\">Este lunes Feij\u00f3o reuni\u00f3 a la <a href=\"https:\/\/www.abc.es\/noticias\/partido-popular-pp\/\" title=\"www.abc.es\" data-voc-vtm-id=\"in-text-traffic\" data-mrf-link=\"www.abc.es\" rel=\"nofollow noopener\" target=\"_blank\">junta directiva nacional <\/a>-m\u00e1ximo \u00f3rgano entre congresos- y volvi\u00f3 a prometer a los suyos un cambio profundo bajo dos premisas: \u00abNo conceder un mil\u00edmetro de terreno al Gobierno y no caer en sus trampas\u00bb, dijo en primer lugar. Y dos: \u00ab<strong>Cuando llegue el cambio, no conceder un mil\u00edmetro de terreno<\/strong> a nadie que no crea en ese cambio\u00bb. <\/p>\n<p class=\"voc-p\" style=\"\">Este \u00faltimo fue interpretado como un <a href=\"https:\/\/www.abc.es\/noticias\/vox\/\" title=\"www.abc.es\" data-voc-vtm-id=\"in-text-traffic\" data-mrf-link=\"www.abc.es\" rel=\"nofollow noopener\" target=\"_blank\">recado velado a Vox<\/a>. Sin embargo, algunos cargos consultados por este peri\u00f3dico que estuvieron en la reuni\u00f3n echaron en falta mensajes \u00abm\u00e1s combativos\u00bb, dirigidos a arengar a las filas y mantener la confianza de que ni el cambio se frustrara ni el PP ser\u00e1 incapaz de mantener a raya a su rival por la derecha.<\/p>\n<p class=\"voc-p\" style=\"\">La realidad es que el debate sobre c\u00f3mo combatir a Vox, \u00abdar con la tecla\u00bb para impedir su crecimiento, lleva tiempo encima de la mesa de G\u00e9nova 13. Muchas personas cercanas a Feij\u00f3o insisten en que no pueden competir con \u00abla dureza\u00bb de Abascal porque nunca podr\u00edan igualarla. Tambi\u00e9n se\u00f1alan que los principios pol\u00edticos y los valores que acompa\u00f1an las siglas populares son incompatibles con algunos planteamientos de Vox. Y recalcan que entrar en ese marco impedir\u00eda tambi\u00e9n seguir recabando apoyos de los desencantados con el PSOE, su gran objetivo. <strong>\u00abPerder\u00edamos el espacio de la centralidad y a eso no podemos renunciar\u00bb<\/strong>, rematan.<\/p>\n<p class=\"voc-p\" style=\"\">Sin embargo, hay otras voces en el PP que llevan tiempo alertando de que el fen\u00f3meno de Vox -especialmente potente en el electorado m\u00e1s joven como se ha visto este verano con c\u00e1nticos insultando al presidente en muchas discotecas de Espa\u00f1a- ha traspasado capas sociales y cada vez es m\u00e1s transversal. <strong>La encuesta de GAD3 mantiene al PP en 137 diputados<\/strong>, el mismo resultado que tuvo en las elecciones de 2023. Pero ser\u00e1n las elecciones -primero Castilla y Le\u00f3n y despu\u00e9s Andaluc\u00eda- lo que confirmen el estado real en el que se encuentra cada partido. El PP sigue pensando que dos victorias amplias terminar\u00e1n de impulsarles, tambi\u00e9n frente a Vox.<\/p>\n","protected":false},"excerpt":{"rendered":"En el PP llevan tiempo asumiendo -incluso tras el estallido del caso Cerd\u00e1n&#8211; que el presidente del Gobierno&hellip;\n","protected":false},"author":2,"featured_media":122350,"comment_status":"","ping_status":"","sticky":false,"template":"","format":"standard","meta":{"footnotes":""},"categories":[8],"tags":[17,18,11559,25,24,13,14,17903,11,19,20,9,10,15,16,23,12,21,22,624],"class_list":{"0":"post-122349","1":"post","2":"type-post","3":"status-publish","4":"format-standard","5":"has-post-thumbnail","7":"category-espana","8":"tag-breaking-news","9":"tag-breakingnews","10":"tag-debate","11":"tag-es","12":"tag-espana","13":"tag-featured-news","14":"tag-featurednews","15":"tag-genova","16":"tag-headlines","17":"tag-latest-news","18":"tag-latestnews","19":"tag-news","20":"tag-noticias","21":"tag-noticias-destacadas","22":"tag-noticiasdestacadas","23":"tag-spain","24":"tag-titulares","25":"tag-ultimas-noticias","26":"tag-ultimasnoticias","27":"tag-vox"},"share_on_mastodon":{"url":"","error":""},"_links":{"self":[{"href":"https:\/\/www.europesays.com\/es\/wp-json\/wp\/v2\/posts\/122349","targetHints":{"allow":["GET"]}}],"collection":[{"href":"https:\/\/www.europesays.com\/es\/wp-json\/wp\/v2\/posts"}],"about":[{"href":"https:\/\/www.europesays.com\/es\/wp-json\/wp\/v2\/types\/post"}],"author":[{"embeddable":true,"href":"https:\/\/www.europesays.com\/es\/wp-json\/wp\/v2\/users\/2"}],"replies":[{"embeddable":true,"href":"https:\/\/www.europesays.com\/es\/wp-json\/wp\/v2\/comments?post=122349"}],"version-history":[{"count":0,"href":"https:\/\/www.europesays.com\/es\/wp-json\/wp\/v2\/posts\/122349\/revisions"}],"wp:featuredmedia":[{"embeddable":true,"href":"https:\/\/www.europesays.com\/es\/wp-json\/wp\/v2\/media\/122350"}],"wp:attachment":[{"href":"https:\/\/www.europesays.com\/es\/wp-json\/wp\/v2\/media?parent=122349"}],"wp:term":[{"taxonomy":"category","embeddable":true,"href":"https:\/\/www.europesays.com\/es\/wp-json\/wp\/v2\/categories?post=122349"},{"taxonomy":"post_tag","embeddable":true,"href":"https:\/\/www.europesays.com\/es\/wp-json\/wp\/v2\/tags?post=122349"}],"curies":[{"name":"wp","href":"https:\/\/api.w.org\/{rel}","templated":true}]}}