{"id":122353,"date":"2025-09-18T05:01:09","date_gmt":"2025-09-18T05:01:09","guid":{"rendered":"https:\/\/www.europesays.com\/es\/122353\/"},"modified":"2025-09-18T05:01:09","modified_gmt":"2025-09-18T05:01:09","slug":"el-canal-de-castilla-la-megainfraestructura-condenada-por-el-tren-que-ahora-busca-convertirse-en-una-ruta-cicloturista","status":"publish","type":"post","link":"https:\/\/www.europesays.com\/es\/122353\/","title":{"rendered":"El Canal de Castilla, la megainfraestructura condenada por el tren que ahora busca convertirse en una ruta cicloturista"},"content":{"rendered":"<p class=\"paragraph\">El <b>Canal de Castilla<\/b>, una <b>megrainfraestructura <\/b>\u00fanica en Espa\u00f1a y que fue <b>condenada <\/b>al desuso con la llegada del <b>ferrocarril<\/b>, busca una <b>nueva vida<\/b>.<\/p>\n<p class=\"paragraph\">El Consorcio para la <b>Gesti\u00f3n<\/b> <b>Tur\u00edstica <\/b>del Canal de Castilla participar\u00e1 del 19 al 21 de septiembre en Sea Otter Europe 2025, una de las ferias internacionales de ciclismo m\u00e1s relevantes de Europa, que reunir\u00e1 en Girona a miles de aficionados y a los principales actores del <b>sector cicloturista<\/b>.<\/p>\n<p>            <a href=\"#\" title=\"\"><br \/>\n                <img decoding=\"async\" loading=\"lazy\" width=\"120px\" height=\"90px\" alt=\"c\" src=\"https:\/\/imagenes.eldebate.com\/files\/related_image\/files\/fp\/uploads\/2025\/07\/08\/686d0f2e3403c.r_d.521-524.jpeg\" data-full-src=\"https:\/\/www.europesays.com\/es\/wp-content\/uploads\/2025\/09\/686d0f2e3403c.jpeg\"\/><br \/>\n            <\/a><\/p>\n<p class=\"paragraph\">Con su presencia pretende <b>impulsar la promoci\u00f3n del Canal de Castilla como ruta cicloturista<\/b> singular y accesible, un <b>itinerario <\/b>de m\u00e1s de <b>200 km <\/b>que conecta las provincias de <b>Palencia<\/b>, <b>Valladolid <\/b>y <b>Burgos<\/b>, combinando deporte, cultura, naturaleza y gastronom\u00eda en el coraz\u00f3n de Castilla y Le\u00f3n.<\/p>\n<p class=\"paragraph\">Durante el certamen, el Consorcio estrenar\u00e1 un v\u00eddeo promocional en castellano e ingl\u00e9s que muestra la experiencia de recorrer el canal en bicicleta de forma recreativa, familiar y tranquila, destacando la riqueza paisaj\u00edstica, patrimonial y enogastron\u00f3mica de este recurso \u00fanico.<\/p>\n<p class=\"paragraph\">El stand del Canal de Castilla incluye una acci\u00f3n de <b>dinamizaci\u00f3n <\/b>con el <b>sorteo <\/b>de cinco experiencias vinculadas al canal, gracias a la colaboraci\u00f3n de entidades p\u00fablicas y privadas del territorio. Los premios son los siguientes:<\/p>\n<ul>\n<li>Fin de semana cicloturista con Senda Libre Cycling &amp; Tours , con dos etapas en BTT, gravel o touring, alojamiento en hotel, media pensi\u00f3n, briefing, seguro y transporte de equipajes.<\/li>\n<\/ul>\n<ul>\n<li>Una noche de alojamiento y desayuno en el Hotel Castilla Vieja (Palencia).<\/li>\n<\/ul>\n<ul>\n<li>Una noche de alojamiento y desayuno en el Hospedium Hotel Vittoria Colonna (Medina de Rioseco).<\/li>\n<\/ul>\n<ul>\n<li>Fin de semana enotur\u00edstico con Bike &amp; Plus , con dos noches de hotel, etapas ciclistas, traslado de equipajes y visita a una bodega.<\/li>\n<\/ul>\n<ul>\n<li>Entradas familiares para el Museo Territorial Campos del Renacimiento y el Centro Astron\u00f3mico San Pedro Cultural (Becerril de Campos).<\/li>\n<\/ul>\n<p class=\"paragraph\">Para poder participar, solo hay que rellenar el cuestionario que aparece en el siguiente <a href=\"https:\/\/docs.google.com\/forms\/d\/e\/1FAIpQLSdIc3rTVQAYCDlasADgnyrtX8gm8UYeoy2cBfIHSaiF0hdVKQ\/viewform?usp=header\" target=\"_blank\" rel=\" nofollow noopener\">enlace<\/a>.<\/p>\n<p class=\"paragraph\">Una ruta singular con <b>apoyo institucional<\/b>. El Canal de Castilla es gestionado tur\u00edsticamente por el Consorcio que lleva el mismo nombre. Integrado por las diputaciones de Palencia, Valladolid y Burgos, se ha convertido en uno de los ejes m\u00e1s destacados de la estrategia de posicionamiento cicloturista nacional e internacional de Castilla y Le\u00f3n.<\/p>\n<p class=\"paragraph\">Su presencia en Sea Otter Europe refuerza la estrategia de posicionar el Canal como un producto cicloturista de referencia en Espa\u00f1a y en los <b>mercados<\/b> <b>internacionales<\/b>, gracias a la colaboraci\u00f3n p\u00fablico-privada y a la implicaci\u00f3n de empresas tur\u00edsticas del territorio.<\/p>\n<p class=\"paragraph\">El <b>Consorcio del Canal de Castilla<\/b>, a trav\u00e9s de la Diputaci\u00f3n de Palencia, se encuentra en este momento ejecutando el Plan de Sostenibilidad Tur\u00edstica del Canal de Castilla impulsado en el marco del Plan de Recuperaci\u00f3n, Transformaci\u00f3n y Resiliencia del Gobierno de Espa\u00f1a , financiado por la Uni\u00f3n Europea \u2013 NextGenerationEU, dentro de su Componente 14 \u00abPlan de modernizaci\u00f3n y competitividad del sector tur\u00edstico\u00bb, Inversi\u00f3n 1 \u00abTransformaci\u00f3n del modelo tur\u00edstico hacia la sostenibilidad\u00bb, Submedida 2 \u00abPlanes de Sostenibilidad Tur\u00edstica en Destino\u00bb , que incluye el Plan Territorial de Sostenibilidad Tur\u00edstica en Destinos de Castilla y Le\u00f3n 2023-2026 .<\/p>\n<p>            <a href=\"#\" title=\"\"><br \/>\n                <img decoding=\"async\" loading=\"lazy\" width=\"120px\" height=\"90px\" alt=\"Parador de Villafranca del Bierzo\" src=\"https:\/\/imagenes.eldebate.com\/files\/related_image\/uploads\/2025\/09\/16\/68c97afd31011.jpeg\" data-full-src=\"https:\/\/www.europesays.com\/es\/wp-content\/uploads\/2025\/09\/68c97afd31011.jpeg\"\/><br \/>\n            <\/a><\/p>\n<p class=\"paragraph\">En aplicaci\u00f3n de este programa, la Consejer\u00eda de Cultura, Turismo y Deporte de la<b> Junta de Castilla y Le\u00f3n<\/b> concedi\u00f3 al Consorcio una subvenci\u00f3n directa de 2 millones de euros (Orden de 11 de abril de 2024) para la ejecuci\u00f3n de este plan.<\/p>\n","protected":false},"excerpt":{"rendered":"El Canal de Castilla, una megrainfraestructura \u00fanica en Espa\u00f1a y que fue condenada al desuso con la llegada&hellip;\n","protected":false},"author":2,"featured_media":122354,"comment_status":"","ping_status":"","sticky":false,"template":"","format":"standard","meta":{"footnotes":""},"categories":[273],"tags":[313,312,168,25,24,23,167],"class_list":{"0":"post-122353","1":"post","2":"type-post","3":"status-publish","4":"format-standard","5":"has-post-thumbnail","7":"category-ciclismo","8":"tag-ciclismo","9":"tag-cycling","10":"tag-deportes","11":"tag-es","12":"tag-espana","13":"tag-spain","14":"tag-sports"},"share_on_mastodon":{"url":"","error":""},"_links":{"self":[{"href":"https:\/\/www.europesays.com\/es\/wp-json\/wp\/v2\/posts\/122353","targetHints":{"allow":["GET"]}}],"collection":[{"href":"https:\/\/www.europesays.com\/es\/wp-json\/wp\/v2\/posts"}],"about":[{"href":"https:\/\/www.europesays.com\/es\/wp-json\/wp\/v2\/types\/post"}],"author":[{"embeddable":true,"href":"https:\/\/www.europesays.com\/es\/wp-json\/wp\/v2\/users\/2"}],"replies":[{"embeddable":true,"href":"https:\/\/www.europesays.com\/es\/wp-json\/wp\/v2\/comments?post=122353"}],"version-history":[{"count":0,"href":"https:\/\/www.europesays.com\/es\/wp-json\/wp\/v2\/posts\/122353\/revisions"}],"wp:featuredmedia":[{"embeddable":true,"href":"https:\/\/www.europesays.com\/es\/wp-json\/wp\/v2\/media\/122354"}],"wp:attachment":[{"href":"https:\/\/www.europesays.com\/es\/wp-json\/wp\/v2\/media?parent=122353"}],"wp:term":[{"taxonomy":"category","embeddable":true,"href":"https:\/\/www.europesays.com\/es\/wp-json\/wp\/v2\/categories?post=122353"},{"taxonomy":"post_tag","embeddable":true,"href":"https:\/\/www.europesays.com\/es\/wp-json\/wp\/v2\/tags?post=122353"}],"curies":[{"name":"wp","href":"https:\/\/api.w.org\/{rel}","templated":true}]}}