{"id":122359,"date":"2025-09-18T05:04:09","date_gmt":"2025-09-18T05:04:09","guid":{"rendered":"https:\/\/www.europesays.com\/es\/122359\/"},"modified":"2025-09-18T05:04:09","modified_gmt":"2025-09-18T05:04:09","slug":"smarason-el-refuerzo-que-prepara-el-barca","status":"publish","type":"post","link":"https:\/\/www.europesays.com\/es\/122359\/","title":{"rendered":"Smarason, el refuerzo que prepara el Bar\u00e7a"},"content":{"rendered":"<p class=\"ft-text\">El <a class=\"ft-link ft-link--decoration\" href=\"https:\/\/www.sport.es\/es\/barca\/balonmano\/\" rel=\"nofollow noopener\" target=\"_blank\">Bar\u00e7a ha arrancado la temporada 2025\/2026 <\/a>con un total de siete caras nuevas y un equipo rejuvenecido, adem\u00e1s de regresos de renombre como el de Ludovic Fabregas, o la vuelta de cesi\u00f3n de Djordje Cikusa e Ian Barrufet. Tambi\u00e9n con la salida de varios jugadores emblem\u00e1ticos como <strong>Gonzalo P\u00e9rez de Vargas o Aitor Ari\u00f1o<\/strong>, quienes han emprendido un nuevo camino lejos de Barcelona.<\/p>\n<p class=\"ft-text\">Mientras se consolida el nuevo equipo con el que Carlos Ortega volver\u00e1 intentar el asalto a la ansiada Champions, ya hay otras salidas confirmadas para el pr\u00f3ximo curso como la de Emil Nielsen, quien pondr\u00e1 rumbo al <strong>Veszprem.<\/strong> Otro de los que no continuar\u00e1 ser\u00e1 Domen Makuc, que se unir\u00e1 a las filas del <strong>THW Kiel de P\u00e9rez de Vargas.<\/strong><\/p>\n<p class=\"ft-text\">Conocidas esa bajsa, <strong>el Bar\u00e7a se ha puesto ya a afianzar los recambios<\/strong> y aunque en el caso de la porter\u00eda parece claro que ser\u00e1 Sergey Hern\u00e1ndez el que llegar\u00e1, en el caso del central la b\u00fasqueda est\u00e1 en marcha.<\/p>\n<p class=\"ft-text\">El mejor posicionado parece ser el island\u00e9s <strong>Janus Smarason, actual jugador del Pick Szeged<\/strong>\u00a0h\u00fangaro. Seg\u00fan pudo confirmar SPORT, el fichaje del jugador se encuentra pr\u00f3ximo, aunque por el momento no est\u00e1 cerrado totalmente.<\/p>\n<p class=\"ft-text\"><strong>Con la marcha de Melvyn Richardson a final de la temporada pasada<\/strong>, la posici\u00f3n de central es una de las que ha quedado menos reforzada y Carlos Ortega busca un jugador de garant\u00edas. Entre las opciones para cubrir la plaza han sonado nombres como el de Bruno Reguart, quien ya milit\u00f3 en el Bar\u00e7a y que actualmente se encuentra en las filas de Fraikin Granollers tras regresar de Alemania; o Albin Lagergren, entre otros, pero el primero de la lista del t\u00e9cnico azulgrana parece ser Smarason.<\/p>\n<p class=\"ft-text\">El island\u00e9s lleg\u00f3 al Pick Szeged en la temporada 2024 procedente del Magdeburgo, club al que hab\u00eda llegado como refuerzo de \u00faltima hora tras la lesi\u00f3n de Kristjansson. Con el conjunto h\u00fangaro firm\u00f3 por dos temporadas que expiran el verano de 2026.<\/p>\n","protected":false},"excerpt":{"rendered":"El Bar\u00e7a ha arrancado la temporada 2025\/2026 con un total de siete caras nuevas y un equipo rejuvenecido,&hellip;\n","protected":false},"author":2,"featured_media":122360,"comment_status":"","ping_status":"","sticky":false,"template":"","format":"standard","meta":{"footnotes":""},"categories":[268],"tags":[376,2296,168,25,24,280,282,1239,40227,281,23,167],"class_list":{"0":"post-122359","1":"post","2":"type-post","3":"status-publish","4":"format-standard","5":"has-post-thumbnail","7":"category-futbol","8":"tag-balonmano","9":"tag-barca","10":"tag-deportes","11":"tag-es","12":"tag-espana","13":"tag-football","14":"tag-futbol","15":"tag-mercado","16":"tag-smarason","17":"tag-soccer","18":"tag-spain","19":"tag-sports"},"share_on_mastodon":{"url":"","error":""},"_links":{"self":[{"href":"https:\/\/www.europesays.com\/es\/wp-json\/wp\/v2\/posts\/122359","targetHints":{"allow":["GET"]}}],"collection":[{"href":"https:\/\/www.europesays.com\/es\/wp-json\/wp\/v2\/posts"}],"about":[{"href":"https:\/\/www.europesays.com\/es\/wp-json\/wp\/v2\/types\/post"}],"author":[{"embeddable":true,"href":"https:\/\/www.europesays.com\/es\/wp-json\/wp\/v2\/users\/2"}],"replies":[{"embeddable":true,"href":"https:\/\/www.europesays.com\/es\/wp-json\/wp\/v2\/comments?post=122359"}],"version-history":[{"count":0,"href":"https:\/\/www.europesays.com\/es\/wp-json\/wp\/v2\/posts\/122359\/revisions"}],"wp:featuredmedia":[{"embeddable":true,"href":"https:\/\/www.europesays.com\/es\/wp-json\/wp\/v2\/media\/122360"}],"wp:attachment":[{"href":"https:\/\/www.europesays.com\/es\/wp-json\/wp\/v2\/media?parent=122359"}],"wp:term":[{"taxonomy":"category","embeddable":true,"href":"https:\/\/www.europesays.com\/es\/wp-json\/wp\/v2\/categories?post=122359"},{"taxonomy":"post_tag","embeddable":true,"href":"https:\/\/www.europesays.com\/es\/wp-json\/wp\/v2\/tags?post=122359"}],"curies":[{"name":"wp","href":"https:\/\/api.w.org\/{rel}","templated":true}]}}