{"id":122366,"date":"2025-09-18T05:09:08","date_gmt":"2025-09-18T05:09:08","guid":{"rendered":"https:\/\/www.europesays.com\/es\/122366\/"},"modified":"2025-09-18T05:09:08","modified_gmt":"2025-09-18T05:09:08","slug":"carlos-ares-el-mundo-artificial-nos-vuelve-menos-humanos","status":"publish","type":"post","link":"https:\/\/www.europesays.com\/es\/122366\/","title":{"rendered":"Carlos Ares: \u00abEl mundo artificial nos vuelve menos humanos\u00bb"},"content":{"rendered":"<p><a class=\"v-mdl-ath__fig-a\" href=\"https:\/\/www.elcorreo.com\/autor\/miguel-aizpuru-6786.html\" title=\"Miguel Aizpuru\" rel=\"nofollow noopener\" target=\"_blank\"><br \/>\n<img decoding=\"async\" class=\"v-mdl-ath__img\" src=\"https:\/\/www.europesays.com\/es\/wp-content\/uploads\/2025\/09\/autor-6786-foto-1.jpeg\" alt=\"Miguel Aizpuru\"\/><br \/>\n<\/a><\/p>\n<p class=\"v-mdl-ath__p v-mdl-ath__p--6\">\nJueves, 18 de septiembre 2025, 00:51<\/p>\n<p class=\"v-p\">La de Carlos Ares es una de las propuestas m\u00e1s frescas y personales del indie espa\u00f1ol. Con sus dos primeros \u00e1lbumes, ha demostrado que la m\u00fasica de guitarras y los c\u00f3digos de la m\u00fasica urbana no est\u00e1n re\u00f1idos entre s\u00ed y pueden convivir en forma de canciones de calidad como las que factura este coru\u00f1\u00e9s de 28 a\u00f1os que irrumpi\u00f3 pisando fuerte el a\u00f1o pasado con &#8216;Peregrino&#8217; y ha revalidado las buenas sensaciones este 2025 con &#8216;La boca del lobo&#8217;. Se presenta este domingo en el festival solidario del Puerto Viejo Dale CandELA y en sala el pr\u00f3ximo febrero en la Stage Live de Bilbao, cita para la que tiene ya todo el papel vendido. <\/p>\n<p class=\"v-p\"><strong>&#8211; En &#8216;La boca del lobo&#8217; sigue explorando su sonido y buscando un estilo propio. <\/strong><\/p>\n<p class=\"v-p\">&#8211; S\u00ed, s\u00ed, es el segundo \u00e1lbum de mi carrera y estoy tratando de reafirmar un poco ya una identidad que alcanc\u00e9 con mi debut, &#8216;Peregrino&#8217;, y a la que me apetec\u00eda darle continuidad con este segundo \u00e1lbum.<\/p>\n<p class=\"v-p\"><strong>&#8211; \u00bfC\u00f3mo ha sido la concepci\u00f3n y la grabaci\u00f3n de los temas?<\/strong><\/p>\n<p class=\"v-p\">&#8211; Ha sido m\u00e1s sencillo para &#8216;La boca del lobo&#8217; que para &#8216;Peregrino&#8217;, porque al final, cuando ya tienes un poco el camino trazado, resulta m\u00e1s f\u00e1cil imaginarse las canciones. En mi caso ya ten\u00eda claro cu\u00e1l era la formaci\u00f3n en directo, la propuesta que yo quer\u00eda llevar a los escenarios y todo el proyecto. Digamos que yo vivo mucho del directo, y que el epicentro de mi proyecto, incluso a nivel creativo, es el concierto. Ya sabiendo cu\u00e1les eran los m\u00fasicos que me iban a acompa\u00f1ar, me result\u00f3 mucho m\u00e1s sencillo pensar en los arreglos para cada uno de los temas y en qu\u00e9 es lo que me hac\u00eda falta para complementar tambi\u00e9n el concierto y la gira.<\/p>\n<p class=\"v-p\"><strong>&#8211; Siendo un LP concebido para el director, la propuesta esc\u00e9nica tendr\u00e1 que ser potente. <\/strong><\/p>\n<p class=\"v-p\">&#8211; Eso intentamos. Siempre me acompa\u00f1an seis m\u00fasicos, somos siete en total, y tratamos de que sea un show lo m\u00e1s din\u00e1mico y entretenido posible, e interactivo incluso. Tambi\u00e9n es cierto que por ahora somos un proyecto emergente y todav\u00eda no tenemos todos los recursos que nos gustar\u00eda, pero s\u00ed que tratamos de que el show, solo con las canciones, ya sea capaz de ofrecer algo interesante. La parte musical es en realidad el coraz\u00f3n de cualquier show. Y yo creo que s\u00ed, que tenemos una puesta en escena poderosa.<\/p>\n<p class=\"v-p\"><strong>&#8211; Ha publicado dos discos muy seguidos, en el plazo de un a\u00f1o, algo no muy habitual hoy en d\u00eda. <\/strong><\/p>\n<p class=\"v-p\">&#8211; Bueno, en realidad el primero se gest\u00f3 durante tres o cuatro a\u00f1os. Las canciones se fueron escribiendo a lo largo del tiempo y con mucha paciencia. Al final lo que estaba tratando era de encontrar una identidad y eso no sucede en dos d\u00edas, sino que hace falta la perspectiva que te da el paso del tiempo y una capacidad de autoan\u00e1lisis y de darte cuenta de qu\u00e9 canciones van m\u00e1s contigo. Sin embargo, en &#8216;La boca del lobo&#8217; fui muy consciente de la oportunidad que me habr\u00eda brindado &#8216;Peregrino&#8217;, porque de repente ten\u00eda la atenci\u00f3n del p\u00fablico y se notaba una emoci\u00f3n por parte de la gente en cuanto a mi m\u00fasica. Entonces, me pareci\u00f3 un momento que deb\u00eda aprovechar y que me vendr\u00eda muy bien tener un nuevo amasijo de canciones para poder ofrecer cosas nuevas a cualquiera que viniera a vernos a los conciertos.<\/p>\n<p class=\"v-p\"><strong>&#8211; El mundo rural est\u00e1 muy presente en sus canciones. \u00bfC\u00f3mo ha vivido los incendios de este verano, muy cruentos en su Galicia natal?<\/strong><\/p>\n<p class=\"v-p\">&#8211; Ha sido duro, sobre todo por conocidos, por gente que lo ha sufrido m\u00e1s en primera persona. Es la impotencia de no entender por qu\u00e9 de repente est\u00e1 sucediendo de manera tan violenta y a la vez en todas partes. Te da para reflexionar sobre la maldad del ser humano o sobre el cambio clim\u00e1tico, que tambi\u00e9n viene un poco a consecuencia del egocentrismo del ser humano. Yo tengo una conexi\u00f3n especial con la naturaleza y con el monte y estas cosas me afectan mucho.<\/p>\n<p class=\"v-p\"><strong>&#8211; Esa conexi\u00f3n se nota en sus letras.<\/strong><\/p>\n<p class=\"v-p\">&#8211; A lo largo de mi vida mis padres me convirtieron en un amante del monte y de la experiencia de ir a la monta\u00f1a. \u00cdbamos pr\u00e1cticamente todos los a\u00f1os a la zona de los Ancares o de Somiedo a ver la berrea o a hacer rutas. Total, que me fui convirtiendo, sin darme cuenta, en un fan\u00e1tico de la monta\u00f1a y del ambiente rural. Me di cuenta tambi\u00e9n de que me gusta y admiro el car\u00e1cter de la gente de estos lugares porque est\u00e1n menos intoxicados por esta sobreestimulaci\u00f3n a la que estamos sometidos todos los que vivimos en grandes ciudades o pegados a la era moderna. La gente que vive m\u00e1s alejada de eso se conserva m\u00e1s aut\u00e9ntica al no estar en contacto con el mundo artificial que creo que nos vuelve menos humanos.<\/p>\n<p class=\"v-p\"><strong>&#8211; El festival Dale CandELA es un evento solidario singular de entrada gratuita. \u00bfQu\u00e9 le parece?<\/strong><\/p>\n<p class=\"v-p\">&#8211; Me emociona especialmente porque mi t\u00eda falleci\u00f3 por ELA hace unos cuantos a\u00f1os. Entonces, claro, viv\u00ed bastante lo que es la enfermedad. Es muy bonito poder participar en esto por lo que significa para mi familia y para m\u00ed.<\/p>\n<p class=\"v-p\"><strong>&#8211; Tiene tambi\u00e9n una fecha en febrero en Bilbao con entradas ya agotadas, a meses vista. \u00bfUna muestra de que el disco est\u00e1 funcionando bien?<\/strong><\/p>\n<p class=\"v-p\">&#8211; Es una alegr\u00eda. Hemos intentado movernos a una sala m\u00e1s amplia para poder ampliar las entradas pero nada, ha sido imposible. En cualquier caso estoy content\u00edsimo, frecuent\u00e9 mucho el Pa\u00eds Vasco hace unos a\u00f1os y creo que podemos ser buenos amigos el p\u00fablico vasco y yo.<\/p>\n<p class=\"v-p\"><strong>&#8211; \u00bfSe est\u00e1 moviendo algo nuevo en la escena alternativa espa\u00f1ola?<\/strong><\/p>\n<p class=\"v-p\">&#8211; Yo creo que es un momento bonito. Hay gente con mucha creatividad y en el panorama m\u00e1s alternativo me parece que se est\u00e1n abriendo nuevas puertas con gente como Rusowsky, Barry B o Judeline, todo propuestas interesantes y de la mano de gente atrevida que se est\u00e1 animando a explorar nuevos terrenos, tanto en la parte est\u00e9tica visual como en la parte del sonido. Y eso siempre es positivo porque seguramente ser\u00e1n una inspiraci\u00f3n para muchos otros artistas que busquen su personalidad y se dar\u00e1n cuenta de que no hay que tener miedo a probar. Al final, se trata de ser original y de crear, y adem\u00e1s creo que el p\u00fablico tiene los o\u00eddos abiertos y est\u00e1 receptivo a nuevas propuestas.<\/p>\n<p class=\"v-p\"><strong>&#8211; Su m\u00fasica demuestra que las guitarras o incluso el folk no est\u00e1n re\u00f1idos con los nuevos sonidos urbanos.<\/strong><\/p>\n<p class=\"v-p\">&#8211; S\u00ed, yo busco la vanguardia en mi m\u00fasica por m\u00e1s que mi propuesta tambi\u00e9n busque algo cl\u00e1sico, un poco por melancol\u00eda o por echar de menos cierto tipo de canciones, cierto tipo de letras o de m\u00fasica como se pod\u00eda concebir antes. As\u00ed que me gusta fusionar lo cl\u00e1sico con la modernidad y estar presente en lo que est\u00e1 sucediendo en la actualidad. Me interesan mucho los nuevos c\u00f3digos y se trata de encontrar ambas cosas. Es bonito, porque a la gente le gusta esa fusi\u00f3n, le gusta que le des algo que ellos identifican pero tambi\u00e9n se sorprenden con las cosas nuevas. Menos mal que el p\u00fablico te permite hacer cosas diferentes porque si no ser\u00eda un aburrimiento.<\/p>\n<p>Comenta<\/p>\n<p>Reporta un error<\/p>\n","protected":false},"excerpt":{"rendered":"Jueves, 18 de septiembre 2025, 00:51 La de Carlos Ares es una de las propuestas m\u00e1s frescas y&hellip;\n","protected":false},"author":2,"featured_media":122367,"comment_status":"","ping_status":"","sticky":false,"template":"","format":"standard","meta":{"footnotes":""},"categories":[170],"tags":[16102,5099,415,146,147,25,24,1632,3013,184,185,23,739],"class_list":{"0":"post-122366","1":"post","2":"type-post","3":"status-publish","4":"format-standard","5":"has-post-thumbnail","7":"category-musica","8":"tag-ares","9":"tag-artificial","10":"tag-carlos","11":"tag-entertainment","12":"tag-entretenimiento","13":"tag-es","14":"tag-espana","15":"tag-humanos","16":"tag-mundo","17":"tag-music","18":"tag-musica","19":"tag-spain","20":"tag-vuelve"},"share_on_mastodon":{"url":"","error":""},"_links":{"self":[{"href":"https:\/\/www.europesays.com\/es\/wp-json\/wp\/v2\/posts\/122366","targetHints":{"allow":["GET"]}}],"collection":[{"href":"https:\/\/www.europesays.com\/es\/wp-json\/wp\/v2\/posts"}],"about":[{"href":"https:\/\/www.europesays.com\/es\/wp-json\/wp\/v2\/types\/post"}],"author":[{"embeddable":true,"href":"https:\/\/www.europesays.com\/es\/wp-json\/wp\/v2\/users\/2"}],"replies":[{"embeddable":true,"href":"https:\/\/www.europesays.com\/es\/wp-json\/wp\/v2\/comments?post=122366"}],"version-history":[{"count":0,"href":"https:\/\/www.europesays.com\/es\/wp-json\/wp\/v2\/posts\/122366\/revisions"}],"wp:featuredmedia":[{"embeddable":true,"href":"https:\/\/www.europesays.com\/es\/wp-json\/wp\/v2\/media\/122367"}],"wp:attachment":[{"href":"https:\/\/www.europesays.com\/es\/wp-json\/wp\/v2\/media?parent=122366"}],"wp:term":[{"taxonomy":"category","embeddable":true,"href":"https:\/\/www.europesays.com\/es\/wp-json\/wp\/v2\/categories?post=122366"},{"taxonomy":"post_tag","embeddable":true,"href":"https:\/\/www.europesays.com\/es\/wp-json\/wp\/v2\/tags?post=122366"}],"curies":[{"name":"wp","href":"https:\/\/api.w.org\/{rel}","templated":true}]}}