{"id":122368,"date":"2025-09-18T05:10:11","date_gmt":"2025-09-18T05:10:11","guid":{"rendered":"https:\/\/www.europesays.com\/es\/122368\/"},"modified":"2025-09-18T05:10:11","modified_gmt":"2025-09-18T05:10:11","slug":"asi-reaccionaron-aaron-y-aldo-a-las-peliculas-de-cine-de-terror-el-tesoro-de-la-avellana-y-sexto-sin-sentido-shows-famosos","status":"publish","type":"post","link":"https:\/\/www.europesays.com\/es\/122368\/","title":{"rendered":"As\u00ed reaccionaron Aar\u00f3n y Aldo a las pel\u00edculas de cine de terror \u2018El tesoro de la avellana\u2019 y \u2018Sexto sin sentido\u2019 | Shows Famosos"},"content":{"rendered":"<p>El cine de terror en <b><a href=\"https:\/\/www.lasestrellas.tv\/famosos\/aldo-de-nigris-y-aaron-mercury-hablan-de-elaine-tras-su-salida-de-la-casa-de-los-famosos-mexico-2025\" rel=\"nofollow noopener\" target=\"_blank\">La Casa de Los Famosos M\u00e9xico 2025<\/a> dej\u00f3 impactados a los habitantes,<\/b> sobre todo a <b>Aar\u00f3n Mercury y Aldo De Nigris, <\/b>quienes tras ver las cintas <b> \u2018El tesoro de la avellana\u2019 y \u2018Sexto sentido\u2019, <\/b>su perspectiva del juego cambi\u00f3 por completo.<\/p>\n<p>La primera cinta en ser proyectada fue <b>\u2018El tesoro de la avellana\u2019, <\/b>en donde pudimos ver todo el conflicto por la crema de avellana en la cocina, en el que <b>Aar\u00f3n se not\u00f3 molesto tras darse cuenta que alguien hab\u00eda escondido los frascos <\/b>y nadie le daba una pista.<\/p>\n<p>\u2018El tesoro de la avellana\u2019 y \u2018Sexto sin sentido\u2019 deja impactados a los habitantes<\/p>\n<p>Durante la pel\u00edcula, todos se dieron cuenta que tras una <b> broma que hicieron Aldo De Nigris y Abelito, de embarrar crema<\/b> de avellana en la taza de ba\u00f1o, <b>Dal\u00edlah Polanco decidi\u00f3 esconder los frascos,<\/b> pues asegur\u00f3 \u201cno se la merecen\u201d.<\/p>\n<p>La cinta mostr\u00f3 todo lo que tuvo que pasar <b>Dal\u00edlah para esconder los dos frascos de crema de avellana<\/b> sin que nadie se diera cuenta. Sin embargo, tuvo que compartir el secreto con <b>Guana y Shiky, quienes la ayudaron a ocultar los frascos y por lo tanto el secreto. <\/b><\/p>\n<p>Al final, <b>Aar\u00f3n encontr\u00f3 uno de los frascos de crema de avellana <\/b>dentro de su propia maleta, asegurando que alguien m\u00e1s lo puso ah\u00ed.<\/p>\n<p>Tras ver \u2018El tesoro de la avellana\u2019 Aar\u00f3n se qued\u00f3 visiblemente pensativo e impactado.<\/p>\n<p>Sin embargo, la noche de cine de terror apenas comenzaba, pues faltaba ver <b>\u2018Sexto sin sentido\u2019, esta cinta caus\u00f3 a\u00fan m\u00e1s impacto<\/b> y conmoci\u00f3n entre los habitantes pues, se trat\u00f3 de todo lo que pas\u00f3 en la cabina de las tentaciones, la noche de ayer 15 de septiembre, en donde <b> <a href=\"https:\/\/www.lasestrellas.tv\/famosos\/alexis-ayala-se-reencuentra-con-su-esposa-cinthia-aparicio-y-rompe-en-llanto-la-jefa-le-pide-silencio\" rel=\"nofollow noopener\" target=\"_blank\">Alexis Ayala eligi\u00f3 ver a su esposa Cinthia Aparicio por 5 minutos<\/a> <\/b>a cambio de nominar con 6 puntos a Aldo De Nigris.<\/p>\n<p><b>Todos los habitantes se conmovieron con el rom\u00e1ntico momento que vivi\u00f3 el Mr. con su esposa <\/b>y todos elogiaron su decisi\u00f3n, a pesar de que eso implic\u00f3 dejar a Aldo con desventaja en las pr\u00f3ximas nominaciones de este mi\u00e9rcoles.<\/p>\n<p>Aldo con toda la buena energ\u00eda que lo caracteriza, solo le dijo a Alexis: <b>\u201cAl ratito lo platicamos, pero estuvo bien\u201d.<\/b><\/p>\n<p>Ambas cintas dejaron comentando a todos los habitantes, <b>quienes a\u00fan ten\u00edan m\u00e1s sorpresas por disfrutar en esta noche del 16 de septiembre. <\/b><\/p>\n<p><b>Sigue disfrutando de todo lo que pasa en la casa en el 24\/7 de Vix y <a href=\"https:\/\/www.lasestrellas.tv\/\" target=\"_blank\" rel=\"nofollow noopener\">Las Estrellas. <\/a><\/b> <\/p>\n","protected":false},"excerpt":{"rendered":"El cine de terror en La Casa de Los Famosos M\u00e9xico 2025 dej\u00f3 impactados a los habitantes, sobre&hellip;\n","protected":false},"author":2,"featured_media":122369,"comment_status":"","ping_status":"","sticky":false,"template":"","format":"standard","meta":{"footnotes":""},"categories":[169],"tags":[177,146,147,25,24,176,40229,40228,40230,175,23],"class_list":{"0":"post-122368","1":"post","2":"type-post","3":"status-publish","4":"format-standard","5":"has-post-thumbnail","7":"category-cine","8":"tag-cine","9":"tag-entertainment","10":"tag-entretenimiento","11":"tag-es","12":"tag-espana","13":"tag-film","14":"tag-la-casa-de-los-famosos-mexico-2025-cine-de-terror","15":"tag-la-casa-de-los-famosos-mexico-2025-el-tesoro-de-la-avellana-y-sexto-sin-sentido","16":"tag-la-casa-de-los-famosos-mexico-2025-peliculas-16-de-septiembre","17":"tag-movies","18":"tag-spain"},"share_on_mastodon":{"url":"","error":""},"_links":{"self":[{"href":"https:\/\/www.europesays.com\/es\/wp-json\/wp\/v2\/posts\/122368","targetHints":{"allow":["GET"]}}],"collection":[{"href":"https:\/\/www.europesays.com\/es\/wp-json\/wp\/v2\/posts"}],"about":[{"href":"https:\/\/www.europesays.com\/es\/wp-json\/wp\/v2\/types\/post"}],"author":[{"embeddable":true,"href":"https:\/\/www.europesays.com\/es\/wp-json\/wp\/v2\/users\/2"}],"replies":[{"embeddable":true,"href":"https:\/\/www.europesays.com\/es\/wp-json\/wp\/v2\/comments?post=122368"}],"version-history":[{"count":0,"href":"https:\/\/www.europesays.com\/es\/wp-json\/wp\/v2\/posts\/122368\/revisions"}],"wp:featuredmedia":[{"embeddable":true,"href":"https:\/\/www.europesays.com\/es\/wp-json\/wp\/v2\/media\/122369"}],"wp:attachment":[{"href":"https:\/\/www.europesays.com\/es\/wp-json\/wp\/v2\/media?parent=122368"}],"wp:term":[{"taxonomy":"category","embeddable":true,"href":"https:\/\/www.europesays.com\/es\/wp-json\/wp\/v2\/categories?post=122368"},{"taxonomy":"post_tag","embeddable":true,"href":"https:\/\/www.europesays.com\/es\/wp-json\/wp\/v2\/tags?post=122368"}],"curies":[{"name":"wp","href":"https:\/\/api.w.org\/{rel}","templated":true}]}}