{"id":122378,"date":"2025-09-18T05:18:16","date_gmt":"2025-09-18T05:18:16","guid":{"rendered":"https:\/\/www.europesays.com\/es\/122378\/"},"modified":"2025-09-18T05:18:16","modified_gmt":"2025-09-18T05:18:16","slug":"a-punt-rechaza-la-entrega-voluntaria-de-las-imagenes-del-cecopi-a-la-jueza-de-la-dana","status":"publish","type":"post","link":"https:\/\/www.europesays.com\/es\/122378\/","title":{"rendered":"\u00c0 Punt rechaza la entrega voluntaria de las im\u00e1genes del Cecopi a la jueza de la dana"},"content":{"rendered":"<p class=\"article-text\">\n        \u00c0 Punt Radiotelevisi\u00f3n Valenciana ha informado este mi\u00e9rcoles de la entrega en el juzgado n\u00ba 3 de Catarroja de un escrito en respuesta a la providencia recibida ayer. En dicho escrito, la entidad reafirma su compromiso de colaboraci\u00f3n con la autoridad judicial y manifiesta su disposici\u00f3n a entregar la totalidad del material audiovisual generado durante los d\u00edas de la dana, siempre que as\u00ed lo requiera la magistrada instructora. Sin embargo, la jueza ya advirti\u00f3 de que no pod\u00eda pedirlas formalmente, de ah\u00ed que las <a href=\"https:\/\/www.eldiario.es\/comunitat-valenciana\/jueza-dana-plantea-punt-aportacion-voluntaria-audio-cecopi-gravedad-hechos_1_12597850.html\" data-mrf-recirculation=\"links-noticia\" class=\"link\" rel=\"nofollow noopener\" target=\"_blank\">solicitara su entrega voluntaria<\/a> tanto a \u00c0 Punt como a Televisi\u00f3n Espa\u00f1ola.\n    <\/p>\n<p>    <a href=\"https:\/\/www.eldiario.es\/comunitat-valenciana\/punt-anuncia-acciones-legales-supuesta-sustraccion-video-cecopi-emitido-rtve_1_12603856.html\" data-mrf-recirculation=\"saber-mas\" data-dl-event=\"saber-mas\" rel=\"nofollow noopener\" target=\"_blank\"><\/p>\n<p class=\"know-more__title\">\u00c0 Punt anuncia acciones legales por la supuesta sustracci\u00f3n del v\u00eddeo del Cecopi emitido por RTVE<\/p>\n<p>            <img decoding=\"async\" class=\"lazy\" loading=\"lazy\" data-src=\"https:\/\/static.eldiario.es\/clip\/32c3b8b9-e8c6-444a-a74f-9b9f1cfdee91_16-9-aspect-ratio_default_0_x98y138.jpg\" src=\"data:image\/svg+xml,%3Csvg xmlns=\" http:=\"\" viewbox=\"0 0 880 495\" alt=\"\u00c0 Punt anuncia acciones legales por la supuesta sustracci\u00f3n del v\u00eddeo del Cecopi emitido por RTVE\"\/><\/p>\n<p>                        <\/a><\/p>\n<p class=\"article-text\">\n        La cadena p\u00fablica ha informado tambi\u00e9n de que ha hecho constar al juzgado las consecuencias que podr\u00edan suponer para \u00c0 Punt la difusi\u00f3n voluntaria del bruto de c\u00e1mara correspondiente a la reuni\u00f3n de las 19:00 horas del Centro de Coordinaci\u00f3n Operativa Integrado (Cecopi) del 29 de octubre, ya que se trata de un \u201cmudo\u201d. Es decir, un segmento audiovisual con imagen cuyo audio no est\u00e1 autorizado a grabar. En el caso de esa reuni\u00f3n del Cecopi del 29 de octubre, el propio equipo de \u00c0 Punt fue expresamente advertido de ello por personal de la Generalitat Valenciana al tratarse de una reuni\u00f3n celebrada a puerta cerrada.\n    <\/p>\n<p class=\"article-text\">\n        Adem\u00e1s, \u00c0 Punt ha expuesto en este escrito a la jueza que, tal y como indic\u00f3 ella misma en el auto del pasado 8 de septiembre, la difusi\u00f3n voluntaria de estos audios sin requerimiento judicial podr\u00eda suponer \u201cuna vulneraci\u00f3n del secreto profesional de los medios reconocido constitucional y jurisprudencialmente\u201d.\n    <\/p>\n<p class=\"article-text\">\n        Este hecho, seg\u00fan la cadena p\u00fablica, \u201cpodr\u00eda significar para \u00c0 Punt incurrir en responsabilidades penales, sin descartar a los propios trabajadores que lo grabaron o a los que han tenido acceso a estas im\u00e1genes, ya que la reuni\u00f3n era a puerta cerrada\u201d. No obstante, \u00c0 Punt ha expresado a la jueza que \u201ctodos los brutos se entregar\u00e1n al juzgado de manera inmediata en el momento que les sean requeridos\u201d.\n    <\/p>\n<p>    <a href=\"https:\/\/www.eldiario.es\/comunitat-valenciana\/jueza-dana-plantea-punt-aportacion-voluntaria-audio-cecopi-gravedad-hechos_1_12597850.html\" data-mrf-recirculation=\"saber-mas-abajo\" data-dl-event=\"saber-mas-abajo\" rel=\"nofollow noopener\" target=\"_blank\"><\/p>\n<p class=\"know-more__title\">La jueza de la dana plantea a \u00c0 Punt que le entregue voluntariamente el audio del Cecopi ante la \u201cgravedad de los hechos\u201d<\/p>\n<p>            <img decoding=\"async\" class=\"lazy\" loading=\"lazy\" data-src=\"https:\/\/static.eldiario.es\/clip\/2efc609e-0632-4bd4-9cff-90f709c67cbb_16-9-aspect-ratio_default_0.jpg\" src=\"data:image\/svg+xml,%3Csvg xmlns=\" http:=\"\" viewbox=\"0 0 880 495\" alt=\"La jueza de la dana plantea a \u00c0 Punt que le entregue voluntariamente el audio del Cecopi ante la \u201cgravedad de los hechos\u201d\"\/><\/p>\n<p>                        <\/a><\/p>\n<p class=\"article-text\">\n        El escrito presentado este mi\u00e9rcoles por la radiotelevisi\u00f3n p\u00fablica valenciana responde a una solicitud de pronunciamiento formulada por el Juzgado n\u00ba 3 de Catarroja, mediante resoluci\u00f3n fechada el pasado lunes, 15 de septiembre, y notificada a esta entidad ayer martes 16 de septiembre. Mediante esta providencia, el \u00f3rgano judicial solicita a \u00c0 Punt si mantiene el ofrecimiento realizado el 19 de febrero de 2025 relativo a la entrega de la totalidad del material audiovisual -tanto im\u00e1genes como audios- vinculado a la dana y, en particular, el correspondiente a la reuni\u00f3n del Cecopi celebrada el 29 de octubre.\n    <\/p>\n","protected":false},"excerpt":{"rendered":"\u00c0 Punt Radiotelevisi\u00f3n Valenciana ha informado este mi\u00e9rcoles de la entrega en el juzgado n\u00ba 3 de Catarroja&hellip;\n","protected":false},"author":2,"featured_media":122379,"comment_status":"","ping_status":"","sticky":false,"template":"","format":"standard","meta":{"footnotes":""},"categories":[5],"tags":[517,2206,1705,17,18,3965,242,25,24,13,14,11,1667,19,20,9,10,15,16,1925,23,12,21,22,235],"class_list":{"0":"post-122378","1":"post","2":"type-post","3":"status-publish","4":"format-standard","5":"has-post-thumbnail","7":"category-titulares","8":"tag-actualidad","9":"tag-alicante","10":"tag-analisis","11":"tag-breaking-news","12":"tag-breakingnews","13":"tag-castellon","14":"tag-comunidad-valenciana","15":"tag-es","16":"tag-espana","17":"tag-featured-news","18":"tag-featurednews","19":"tag-headlines","20":"tag-informacion","21":"tag-latest-news","22":"tag-latestnews","23":"tag-news","24":"tag-noticias","25":"tag-noticias-destacadas","26":"tag-noticiasdestacadas","27":"tag-opinion","28":"tag-spain","29":"tag-titulares","30":"tag-ultimas-noticias","31":"tag-ultimasnoticias","32":"tag-valencia"},"share_on_mastodon":{"url":"","error":""},"_links":{"self":[{"href":"https:\/\/www.europesays.com\/es\/wp-json\/wp\/v2\/posts\/122378","targetHints":{"allow":["GET"]}}],"collection":[{"href":"https:\/\/www.europesays.com\/es\/wp-json\/wp\/v2\/posts"}],"about":[{"href":"https:\/\/www.europesays.com\/es\/wp-json\/wp\/v2\/types\/post"}],"author":[{"embeddable":true,"href":"https:\/\/www.europesays.com\/es\/wp-json\/wp\/v2\/users\/2"}],"replies":[{"embeddable":true,"href":"https:\/\/www.europesays.com\/es\/wp-json\/wp\/v2\/comments?post=122378"}],"version-history":[{"count":0,"href":"https:\/\/www.europesays.com\/es\/wp-json\/wp\/v2\/posts\/122378\/revisions"}],"wp:featuredmedia":[{"embeddable":true,"href":"https:\/\/www.europesays.com\/es\/wp-json\/wp\/v2\/media\/122379"}],"wp:attachment":[{"href":"https:\/\/www.europesays.com\/es\/wp-json\/wp\/v2\/media?parent=122378"}],"wp:term":[{"taxonomy":"category","embeddable":true,"href":"https:\/\/www.europesays.com\/es\/wp-json\/wp\/v2\/categories?post=122378"},{"taxonomy":"post_tag","embeddable":true,"href":"https:\/\/www.europesays.com\/es\/wp-json\/wp\/v2\/tags?post=122378"}],"curies":[{"name":"wp","href":"https:\/\/api.w.org\/{rel}","templated":true}]}}