{"id":122384,"date":"2025-09-18T05:24:13","date_gmt":"2025-09-18T05:24:13","guid":{"rendered":"https:\/\/www.europesays.com\/es\/122384\/"},"modified":"2025-09-18T05:24:13","modified_gmt":"2025-09-18T05:24:13","slug":"almeida-aboga-por-pagar-350-000-euros-de-patrocinio-a-la-vuelta-despues-de-ser-victimas-de-boicot-y-de-sanchez","status":"publish","type":"post","link":"https:\/\/www.europesays.com\/es\/122384\/","title":{"rendered":"Almeida aboga por pagar 350.000 euros de patrocinio a La Vuelta despu\u00e9s de ser v\u00edctimas de \u00abboicot y de S\u00e1nchez\u00bb"},"content":{"rendered":"<p>    MADRID 17 Sep. (EUROPA PRESS) &#8211; <\/p>\n<p>   El alcalde de Madrid, Jos\u00e9 Luis Mart\u00ednez-Almeida, aboga por abonar los 350.000 euros en patrocinio a La Vuelta Ciclista, pese a no haber podido terminar la etapa en la ciudad, para no sumarles un perjuicio econ\u00f3mico tras ser v\u00edctimas de \u00abun boicot y de Pedro S\u00e1nchez\u00bb.<\/p>\n<p>   \u00abMe reafirmo. Tenemos que verlo desde el punto de vista administrativo pero yo voy a poner todos los medios\u00bb para abonar ese patrocinio, ha declarado Almeida tras la presentaci\u00f3n del sistema de balizas en la M-30.<\/p>\n<p>   El primer edil madrile\u00f1o ha instado a \u00abponer en valor lo que ha hecho la Vuelta Ciclista a Espa\u00f1a porque ha sido dificil\u00edsimo a lo largo de estos 21 d\u00edas, sometidos a todo tipo de boicots y acciones violentas y, sin embargo, ha hecho todo lo humanamente posible por que pudiera finalizar y llegar a Madrid y porque los corredores lo hicieran en condiciones de integridad f\u00edsica\u00bb.<\/p>\n<p>\u00abNO RENUNCIAMOS A NADA\u00bb<\/p>\n<p>   Tal y como adelant\u00f3 ayer la vicealcaldesa, Inma Sanz, el Gobierno municipal no renuncia \u00aba nada\u00bb tras lo ocurrido el domingo. En cuanto al dispositivo policial, Almeida ha recordado que \u00ablo dise\u00f1a la Delegaci\u00f3n de Gobierno, es decir, no es competencia del Ayuntamiento\u00bb, para apostillar que su problema fue \u00abque no se dej\u00f3 actuar a la polic\u00eda\u00bb, unido a que result\u00f3 \u00abinsuficiente\u00bb.<\/p>\n<p>   \u00abQuien no dej\u00f3 que la Polic\u00eda actuara fue el delegado del Gobierno. Se juntan las dos cosas: una, que no fue suficiente, y dos, la m\u00e1s importante, que el delegado no dej\u00f3 actuar a las Fuerzas y Cuerpos de Seguridad\u00bb, ha concluido.<\/p>\n","protected":false},"excerpt":{"rendered":"MADRID 17 Sep. (EUROPA PRESS) &#8211; El alcalde de Madrid, Jos\u00e9 Luis Mart\u00ednez-Almeida, aboga por abonar los 350.000&hellip;\n","protected":false},"author":2,"featured_media":122385,"comment_status":"","ping_status":"","sticky":false,"template":"","format":"standard","meta":{"footnotes":""},"categories":[273],"tags":[313,312,168,25,24,23,167],"class_list":{"0":"post-122384","1":"post","2":"type-post","3":"status-publish","4":"format-standard","5":"has-post-thumbnail","7":"category-ciclismo","8":"tag-ciclismo","9":"tag-cycling","10":"tag-deportes","11":"tag-es","12":"tag-espana","13":"tag-spain","14":"tag-sports"},"share_on_mastodon":{"url":"","error":""},"_links":{"self":[{"href":"https:\/\/www.europesays.com\/es\/wp-json\/wp\/v2\/posts\/122384","targetHints":{"allow":["GET"]}}],"collection":[{"href":"https:\/\/www.europesays.com\/es\/wp-json\/wp\/v2\/posts"}],"about":[{"href":"https:\/\/www.europesays.com\/es\/wp-json\/wp\/v2\/types\/post"}],"author":[{"embeddable":true,"href":"https:\/\/www.europesays.com\/es\/wp-json\/wp\/v2\/users\/2"}],"replies":[{"embeddable":true,"href":"https:\/\/www.europesays.com\/es\/wp-json\/wp\/v2\/comments?post=122384"}],"version-history":[{"count":0,"href":"https:\/\/www.europesays.com\/es\/wp-json\/wp\/v2\/posts\/122384\/revisions"}],"wp:featuredmedia":[{"embeddable":true,"href":"https:\/\/www.europesays.com\/es\/wp-json\/wp\/v2\/media\/122385"}],"wp:attachment":[{"href":"https:\/\/www.europesays.com\/es\/wp-json\/wp\/v2\/media?parent=122384"}],"wp:term":[{"taxonomy":"category","embeddable":true,"href":"https:\/\/www.europesays.com\/es\/wp-json\/wp\/v2\/categories?post=122384"},{"taxonomy":"post_tag","embeddable":true,"href":"https:\/\/www.europesays.com\/es\/wp-json\/wp\/v2\/tags?post=122384"}],"curies":[{"name":"wp","href":"https:\/\/api.w.org\/{rel}","templated":true}]}}