{"id":122388,"date":"2025-09-18T05:26:27","date_gmt":"2025-09-18T05:26:27","guid":{"rendered":"https:\/\/www.europesays.com\/es\/122388\/"},"modified":"2025-09-18T05:26:27","modified_gmt":"2025-09-18T05:26:27","slug":"galicia-en-la-liga-femenina-endesa-de-baloncesto-nada-nos-detiene","status":"publish","type":"post","link":"https:\/\/www.europesays.com\/es\/122388\/","title":{"rendered":"Galicia, en la Liga Femenina Endesa de baloncesto \u00abnada nos detiene\u00bb"},"content":{"rendered":"<p>\t\t\t \t\t \t\t\t\t\t\t\t <strong class=\"pd-l\">FEDERACI\u00d3N ESPA\u00d1OLA DE BALONCESTO  <\/strong><\/p>\n<p>\t\t\t\t\t\tEl Baxi Ferrol y Dur\u00e1n Maquinaria Ensino son los representantes gallegos en la \u00e9lite nacional para el curso 2025-2026 tras el descenso del Celta<br \/>\n\t\t\t\t\t\t\t\t\t\t\t\t<strong>16 sep 2025<\/strong> . Actualizado a las 17:08 h.\t\t\t\t\t\t<\/p>\n<p class=\"first-paragraph txt\"><strong>Nada nos detiene<\/strong> es el eslogan de la nueva campa\u00f1a de la<strong> Liga Femenina Endesa,<\/strong> que arranca el primer fin de semana de octubre y que contar\u00e1 con el<strong> Baxi Ferrol y el Dur\u00e1n Maquinaria Ensino como representantes gallegos<\/strong>. La m\u00e1xima competici\u00f3n del baloncesto femenino nacional fue presentada este martes en la sede de Endesa, en Madrid, en una gala conducida por la exjugadora <strong>Marta Fern\u00e1ndez y el influencer Pablo Lolaso<\/strong>, que puso la nota de humor a una jornada en la que las representantes de los clubes evidenciaron que, m\u00e1s all\u00e1 de la competitivad en la cancha, reina el absoluto buen rollo entre ellas.<\/p>\n<blockquote class=\"instagram-media\" style=\"background: #FFF; border: 0; border-radius: 3px; box-shadow: 0 0 1px 0 rgba(0,0,0,0.5),0 1px 10px 0 rgba(0,0,0,0.15); margin: 1px; max-width: 540px; min-width: 326px; padding: 0; width: calc(100% - 2px);\" data-instgrm-captioned=\"\" data-instgrm-permalink=\"https:\/\/www.instagram.com\/p\/DOqddevDbSI\/?utm_source=ig_embed&amp;utm_campaign=loading\" data-instgrm-version=\"14\"\/>\n<p class=\"txt\">Besos, abrazos, reencuentros y orgullo que quiso destacar en su intervenci\u00f3n el presidente del Consejo Superior de Deportes Jos\u00e9 Manuel Rodr\u00edguez Uribes: \u00abLa siembra de estos a\u00f1os ha tra\u00eddo buenos frutos. <strong>El baloncesto espa\u00f1ol es la disciplina con mayor n\u00famero de licencias femeninas<\/strong>\u00bb, indic\u00f3. Tom\u00f3 el revelo la presidenta de la Federaci\u00f3n Espa\u00f1ola de baloncesto Elisa Aguilar, que dej\u00f3 patente que \u00ablas grandes protagonistas son ellas, que ponen a la competici\u00f3n en lo m\u00e1s alto\u00bb.<\/p>\n<p class=\"txt\">En la misma l\u00ednea se pronunci\u00f3 el consejero delegado de Endesa Jos\u00e9 Bogas: \u00abLo que tiene el baloncesto es que es una familia y todos remamos en el mismo barco. Ganar es una an\u00e9cdota y lo importante es la cultura del esfuerzo\u00bb, valor\u00f3. Cultura de la que sabe mucho el baloncesto gallego y, concretamente los dos representantes gallegos en la \u00e9lite. Empieza la cuenta atr\u00e1s para el gran salto inicial del Ensino y el Baxi Ferrol. <strong>Nada los detiene para dejar bien alto el pabell\u00f3n del baloncesto femenino en Galicia.<\/strong><\/p>\n<p>\t\t\t\t           \t\t\t\t\t\t\t\t\t\t\t\t\t\t\t\t\t\t\t\t\t<strong>Gala Mestres:\u00a0\u00abEmpezamos la temporada dispuestas a darlo todo\u00bb<\/strong>\t\t\t\t<\/p>\n<p class=\"txt\">La catalana Gala Mestres (30 a\u00f1os) encara su tercer curso en el Baxi como capitana de un equipo que hizo historia el pasado curso en Europa.<\/p>\n<p class=\"txt\"><strong>\u2014\u00bfTienen v\u00e9rtigo de lo vivido el pasado curso?<\/strong><\/p>\n<p class=\"txt\">\u2014Somos conscientes de que lo que conseguimos el a\u00f1o pasado fue algo hist\u00f3rico. Encaramos la temporada igual. Dispuestas a darlo todo y espero que la afici\u00f3n tambi\u00e9n venga con esta mentalidad de esfuerzo y sacrificio.<\/p>\n<p class=\"txt\"><strong>\u2014\u00bfObjetivos?<\/strong><\/p>\n<p class=\"txt\">\u2014La salvaci\u00f3n y, a partir de ah\u00ed, disfrutar lo que venga.<\/p>\n<p><strong>Blanca Mill\u00e1n:\u00a0\u00abCuantos m\u00e1s equipos gallegos seamos en la \u00e9lite, mejor\u00bb<\/strong>\t\t\t\t<\/p>\n<p class=\"txt\">Blanca Mill\u00e1n (Compostela, 27 a\u00f1os) encara su segundo a\u00f1o en el Baxi con ganas de ayudar a las nuevas y representar al baloncesto gallego en Europa.<\/p>\n<p class=\"txt\"><strong>\u2014Se han quedado sin el Celta, \u00bfle da pena?<\/strong><\/p>\n<p class=\"txt\">\u2014Como gallega, cu\u00e1ntos m\u00e1s equipos seamos en la \u00e9lite, mejor. Eso es se\u00f1al de que se est\u00e1n haciendo las cosas bien.<\/p>\n<p class=\"txt\"><strong>\u2014\u00bfVeremos al Baxi reconocible de Lino?<\/strong><\/p>\n<p class=\"txt\">\u2014S\u00ed, lo que intentamos es que las que llegan se adapten a esa l\u00ednea de humildad y trabajo. El v\u00ednculo con la ciudad y nuestra identidad de pelear siempre por todo.\u00a0<\/p>\n<p>\t\t\t\t           \t\t\t\t\t\t\t\t\t\t\t\t\t\t\t\t\t\t\t\t\t<strong>Elba Garfella:\u00a0\u00abEs volver a un sitio que conozco y con Suso ha sido superf\u00e1cil\u00bb<\/strong>\t\t\t\t<\/p>\n<p class=\"txt\">La valenciana Elba Garfella (22 a\u00f1os) es de las veteranas en un Ensino en el que, tras la marcha de Pernas, ser\u00e1 su mano derecha, Suso Garrido, el que tome las riendas.<\/p>\n<p class=\"txt\"><strong>\u2014\u00bfC\u00f3mo vivi\u00f3 el cambio en el banquillo y c\u00f3mo est\u00e1 siendo?<\/strong><\/p>\n<p class=\"txt\">\u2014Es volver a un sitio que ya conozco y, con Suso que ya lo conoc\u00eda, ha sido superf\u00e1cil la adaptaci\u00f3n, y el grupo es una pasada.<\/p>\n<p class=\"txt\"><strong>\u2014\u00bfVan a por m\u00e1s que la permanencia o no quieren pensarlo?<\/strong><\/p>\n<p class=\"txt\">\u2014Aunque cambien jugadoras o el entrenador, el club tiene un ADN y eso sigue. Ahora hay que cuajar el equipo.<\/p>\n<p>\t\t\t\t\t\t \t\t\t\t\t\t\t\t\t\t\t\t\t\t\t\t\t\t\t\t\t\t\t<strong>Zoe Hern\u00e1ndez:\u00a0\u00abMe han acogido bien y estoy deseando asentarme\u00bb<\/strong><\/p>\n<p>\t\t\t \t\t \t\t\t\t\t\t\tZoe, segunda por la izquierda, durante la presentaci\u00f3n de la temporada. <strong class=\"pd-l\"\/><\/p>\n<p class=\"txt\">Zoe Hern\u00e1ndez (Zaragoza, 24 a\u00f1os) es una de las siete caras nuevas del Dur\u00e1n Maquinaria Ensino y, adem\u00e1s, se estrenar\u00e1 con el cuadro gallego en la primera jornada frente a su exequipo, el Casademont Zaragoza.<\/p>\n<p class=\"txt\"><strong>\u2014\u00bfC\u00f3mo est\u00e1n siendo sus sensaciones en Lugo?<\/strong><\/p>\n<p class=\"txt\">\u2014Con mucha ilusi\u00f3n, muchas ganas. Me han acogido muy bien. Con ganas de asentarme y encontrar mi sitio.<\/p>\n<p class=\"txt\"><strong>\u2014Son muchas caras nuevas&#8230;<\/strong><\/p>\n<p class=\"txt\">\u2014S\u00ed, es un proceso. El entrenador lo sabe y est\u00e1 teniendo paciencia. Todo est\u00e1 cuajando bien.<\/p>\n<p>&#13;<br \/>\n\tArchivado en:&#13;<br \/>\n\t\t\t\t\t<a href=\"https:\/\/www.lavozdegalicia.es\/temas\/baloncesto-femenino\/\" target=\"_blank\" class=\"mg-l\" rel=\"nofollow noopener\">Baloncesto Femenino<\/a>&#13;<br \/>\n\t&#13;<\/p>\n<p>\t\t\t\t<script async src=\"\/\/www.instagram.com\/embed.js\"><\/script><\/p>\n","protected":false},"excerpt":{"rendered":"FEDERACI\u00d3N ESPA\u00d1OLA DE BALONCESTO El Baxi Ferrol y Dur\u00e1n Maquinaria Ensino son los representantes gallegos en la \u00e9lite&hellip;\n","protected":false},"author":2,"featured_media":122389,"comment_status":"","ping_status":"","sticky":false,"template":"","format":"standard","meta":{"footnotes":""},"categories":[269],"tags":[299,11503,298,168,25,24,23,167],"class_list":{"0":"post-122388","1":"post","2":"type-post","3":"status-publish","4":"format-standard","5":"has-post-thumbnail","7":"category-baloncesto","8":"tag-baloncesto","9":"tag-baloncesto-femenino","10":"tag-basketball","11":"tag-deportes","12":"tag-es","13":"tag-espana","14":"tag-spain","15":"tag-sports"},"share_on_mastodon":{"url":"","error":""},"_links":{"self":[{"href":"https:\/\/www.europesays.com\/es\/wp-json\/wp\/v2\/posts\/122388","targetHints":{"allow":["GET"]}}],"collection":[{"href":"https:\/\/www.europesays.com\/es\/wp-json\/wp\/v2\/posts"}],"about":[{"href":"https:\/\/www.europesays.com\/es\/wp-json\/wp\/v2\/types\/post"}],"author":[{"embeddable":true,"href":"https:\/\/www.europesays.com\/es\/wp-json\/wp\/v2\/users\/2"}],"replies":[{"embeddable":true,"href":"https:\/\/www.europesays.com\/es\/wp-json\/wp\/v2\/comments?post=122388"}],"version-history":[{"count":0,"href":"https:\/\/www.europesays.com\/es\/wp-json\/wp\/v2\/posts\/122388\/revisions"}],"wp:featuredmedia":[{"embeddable":true,"href":"https:\/\/www.europesays.com\/es\/wp-json\/wp\/v2\/media\/122389"}],"wp:attachment":[{"href":"https:\/\/www.europesays.com\/es\/wp-json\/wp\/v2\/media?parent=122388"}],"wp:term":[{"taxonomy":"category","embeddable":true,"href":"https:\/\/www.europesays.com\/es\/wp-json\/wp\/v2\/categories?post=122388"},{"taxonomy":"post_tag","embeddable":true,"href":"https:\/\/www.europesays.com\/es\/wp-json\/wp\/v2\/tags?post=122388"}],"curies":[{"name":"wp","href":"https:\/\/api.w.org\/{rel}","templated":true}]}}