{"id":122390,"date":"2025-09-18T05:27:08","date_gmt":"2025-09-18T05:27:08","guid":{"rendered":"https:\/\/www.europesays.com\/es\/122390\/"},"modified":"2025-09-18T05:27:08","modified_gmt":"2025-09-18T05:27:08","slug":"las-selecciones-de-pais-vasco-y-palestina-jugaran-un-amistoso-el-proximo-15-de-noviembre","status":"publish","type":"post","link":"https:\/\/www.europesays.com\/es\/122390\/","title":{"rendered":"Las selecciones de Pa\u00eds Vasco y Palestina jugar\u00e1n un amistoso el pr\u00f3ximo 15 de noviembre"},"content":{"rendered":"<p>Amistoso hist\u00f3rico. El pr\u00f3ximo 15 de noviembre, <a href=\"https:\/\/theobjective.com\/deportes\/2025-09-16\/israel-eurobasket-futbol-la-vuelta-espana\/\" rel=\"nofollow noopener\" target=\"_blank\">el estadio de San Mam\u00e9s <\/a>ser\u00e1 el escenario de un partido amistoso entre la selecci\u00f3n de Euskadi y la selecci\u00f3n de Palestina, seg\u00fan ha informado la Cadena Ser. Este encuentro, que se celebrar\u00e1 en Bilbao, <strong>tiene un fuerte componente simb\u00f3lico<\/strong>, ya que busca <a href=\"https:\/\/theobjective.com\/deportes\/2025-09-17\/espana-esukadi-pelota-vasca-mundial\/\" rel=\"nofollow noopener\" target=\"_blank\">rendir homenaje a las v\u00edctimas del conflicto en Gaza<\/a>, en especial a ra\u00edz de las acciones militares llevadas a cabo por Israel en la Franja.<\/p>\n<p>La organizaci\u00f3n del evento ha <a href=\"https:\/\/theobjective.com\/deportes\/2025-09-15\/uci-pedro-sanchez-gobierno\/\" rel=\"nofollow noopener\" target=\"_blank\">corrido a cargo de la Federaci\u00f3n Vasca de F\u00fatbol (EFF-FVF)<\/a>, en estrecha colaboraci\u00f3n con la Asociaci\u00f3n Palestina de F\u00fatbol. Adem\u00e1s, <strong>el partido cuenta con la aprobaci\u00f3n del Gobierno de Espa\u00f1a<\/strong>, seg\u00fan ha podido saber esta emisora. Las autoridades deportivas palestinas han recibido con entusiasmo la propuesta, valorando especialmente la relevancia de jugar en un <a href=\"https:\/\/theobjective.com\/directo\/futbol\/2025-09-16\/real-madrid-marsella-en-directo\/\" rel=\"nofollow noopener\" target=\"_blank\">estadio emblem\u00e1tico como San Mam\u00e9s, <\/a>conocido como La Catedral.<\/p>\n<p>Sigue el l\u00edo de la Vuelta<\/p>\n<p>Este encuentro se enmarca <a href=\"https:\/\/theobjective.com\/deportes\/2025-09-17\/antiviolencia-propone-multar-17-manifestantes-propalestinos-la-vuelta\/\" rel=\"nofollow noopener\" target=\"_blank\">en un contexto internacional marcado<\/a> por la creciente tensi\u00f3n en torno al conflicto palestino-israel\u00ed. En ese sentido, la cita deportiva tambi\u00e9n ser\u00e1 una forma de denunciar la situaci\u00f3n que atraviesa el pueblo palestino. En paralelo, las recientes protestas propalestinas registradas <strong>durante la Vuelta a Espa\u00f1a han desatado un conflicto entre la Uni\u00f3n Ciclista Internacional (UCI) y el Gobierno espa\u00f1ol.<\/strong> La UCI ha criticado duramente al presidente Pedro S\u00e1nchez, acus\u00e1ndolo de alentar dichas manifestaciones y cuestionando la capacidad de Espa\u00f1a para<a href=\"https:\/\/theobjective.com\/deportes\/2025-09-16\/csd-pide-coi-exclusion-israel-competiciones-deportivas\/\" rel=\"nofollow noopener\" target=\"_blank\"> organizar eventos deportivos de alto nivel.<\/a><\/p>\n<p>El Ejecutivo, a trav\u00e9s del Consejo Superior de Deportes (CSD), ha respondido con firmeza, dejando claro que utilizar el deporte para silenciar o maquillar cr\u00edmenes contra la humanidad va en contra de los valores ol\u00edmpicos. En un comunicado contundente, el CSD subray\u00f3 que \u201cno hay paz sin justicia\u201d y lament\u00f3 la ausencia de cualquier menci\u00f3n a la crisis humanitaria en Gaza en el pronunciamiento oficial de la UCI.<\/p>\n","protected":false},"excerpt":{"rendered":"Amistoso hist\u00f3rico. El pr\u00f3ximo 15 de noviembre, el estadio de San Mam\u00e9s ser\u00e1 el escenario de un partido&hellip;\n","protected":false},"author":2,"featured_media":122391,"comment_status":"","ping_status":"","sticky":false,"template":"","format":"standard","meta":{"footnotes":""},"categories":[268],"tags":[23843,2601,12495,168,25,24,280,282,76,281,23,167],"class_list":{"0":"post-122390","1":"post","2":"type-post","3":"status-publish","4":"format-standard","5":"has-post-thumbnail","7":"category-futbol","8":"tag-athletic-club-de-bilbao","9":"tag-bilbao","10":"tag-conflicto-israel-palestina","11":"tag-deportes","12":"tag-es","13":"tag-espana","14":"tag-football","15":"tag-futbol","16":"tag-palestina","17":"tag-soccer","18":"tag-spain","19":"tag-sports"},"share_on_mastodon":{"url":"","error":""},"_links":{"self":[{"href":"https:\/\/www.europesays.com\/es\/wp-json\/wp\/v2\/posts\/122390","targetHints":{"allow":["GET"]}}],"collection":[{"href":"https:\/\/www.europesays.com\/es\/wp-json\/wp\/v2\/posts"}],"about":[{"href":"https:\/\/www.europesays.com\/es\/wp-json\/wp\/v2\/types\/post"}],"author":[{"embeddable":true,"href":"https:\/\/www.europesays.com\/es\/wp-json\/wp\/v2\/users\/2"}],"replies":[{"embeddable":true,"href":"https:\/\/www.europesays.com\/es\/wp-json\/wp\/v2\/comments?post=122390"}],"version-history":[{"count":0,"href":"https:\/\/www.europesays.com\/es\/wp-json\/wp\/v2\/posts\/122390\/revisions"}],"wp:featuredmedia":[{"embeddable":true,"href":"https:\/\/www.europesays.com\/es\/wp-json\/wp\/v2\/media\/122391"}],"wp:attachment":[{"href":"https:\/\/www.europesays.com\/es\/wp-json\/wp\/v2\/media?parent=122390"}],"wp:term":[{"taxonomy":"category","embeddable":true,"href":"https:\/\/www.europesays.com\/es\/wp-json\/wp\/v2\/categories?post=122390"},{"taxonomy":"post_tag","embeddable":true,"href":"https:\/\/www.europesays.com\/es\/wp-json\/wp\/v2\/tags?post=122390"}],"curies":[{"name":"wp","href":"https:\/\/api.w.org\/{rel}","templated":true}]}}