{"id":122392,"date":"2025-09-18T05:28:16","date_gmt":"2025-09-18T05:28:16","guid":{"rendered":"https:\/\/www.europesays.com\/es\/122392\/"},"modified":"2025-09-18T05:28:16","modified_gmt":"2025-09-18T05:28:16","slug":"descubrimos-el-affaire-que-no-cuenta-con-el-famoso-presentador-de-operacion-triunfo","status":"publish","type":"post","link":"https:\/\/www.europesays.com\/es\/122392\/","title":{"rendered":"descubrimos el affaire que no cuenta con el famoso presentador de Operaci\u00f3n Triunfo"},"content":{"rendered":"<p>Las memorias de <b>Mar Flores<\/b>, Mar en calma, han levantado un aut\u00e9ntico tsunami de comentarios, sobre todo en torno a sus amores:<b> Carlo Costanzia<\/b>, <b>Alessandro Lequio<\/b>, <b>Fernando Fern\u00e1ndez Tapias<\/b>, <b>Cayetano Mart\u00ednez de Irujo<\/b>, <b>Javier Merino<\/b>\u2026 Pero hay un nombre que tambi\u00e9n est\u00e1 en esa lista y con el que vivi\u00f3 un breve pero intenso romance a finales de los 90: <b>Carlos Lozano<\/b>.<\/p>\n<p>Corr\u00eda el a\u00f1o 1999 y ambos compart\u00edan rodaje en la serie Ada Madrina. Fue entonces cuando los paparazzi captaron unas im\u00e1genes que dieron mucho que hablar: Mar y Carlos pasando un fin de semana en la sierra madrile\u00f1a. La modelo y el presentador fueron fotografiados entrando juntos en un hotel cercano a la residencia de Lozano. La qu\u00edmica entre ellos traspas\u00f3 la pantalla y, aunque su historia nunca lleg\u00f3 a consolidarse, lo cierto es que juntos se sintieron muy a gusto.<\/p>\n<p>En aquel momento, Mar Flores ya era uno de los rostros m\u00e1s perseguidos por la prensa rosa, y Lozano se encontraba en plena proyecci\u00f3n medi\u00e1tica, convirti\u00e9ndose poco despu\u00e9s en uno de los presentadores m\u00e1s populares de la televisi\u00f3n en Espa\u00f1a. Aquella relaci\u00f3n fugaz, discreta pero intensa, se sum\u00f3 a la lista de episodios sentimentales que han acompa\u00f1ado a la modelo durante d\u00e9cadas. Y hoy cobra mucho m\u00e1s sentido, teniendo en cuenta la expectaci\u00f3n que ha generado su libro.<\/p>\n<p>                            <img decoding=\"async\" src=\"https:\/\/www.europesays.com\/es\/wp-content\/uploads\/2025\/09\/770x_carlos-lozano.jpg\" loading=\"lazy\"\/><\/p>\n<p>La historia de Mar Flores no se entiende sin repasar los nombres que han marcado su vida personal y sentimental:<\/p>\n<p><b>Carlo Costanzia di Costigliole<\/b>: padre de su primer hijo, Carlo, hoy pareja de Alejandra Rubio, con la que tiene un beb\u00e9. Con el conde vivi\u00f3 una relaci\u00f3n muy tormentosa que termin\u00f3 en los tribunales.<\/p>\n<p><b>Fernando Fern\u00e1ndez Tapias<\/b>: uno de los empresarios m\u00e1s poderosos de Espa\u00f1a en los 90. Su relaci\u00f3n se vio sacudida cuando salieron a la luz las famosas im\u00e1genes de Mar junto a Alessandro Lequio en Roma, que demostraban una infidelidad.<\/p>\n<p><b>Alessandro Lequio<\/b>: protagonista de uno de los esc\u00e1ndalos m\u00e1s sonados de la prensa, al ser fotografiados juntos en 1994. D\u00e9cadas despu\u00e9s, Mar reabri\u00f3 esa historia y Alessandro le respondi\u00f3.<\/p>\n<p><b>Cayetano Mart\u00ednez de Irujo<\/b>: el hijo de la duquesa de Alba se enamor\u00f3 perdidamente de Mar. Vivieron dos a\u00f1os juntos, pero Cayetana nunca aprob\u00f3 la relaci\u00f3n y todo termin\u00f3 dinamitado tras las fotos de Mar y Lequio en la cama.<\/p>\n<p><b>Javier Merino<\/b>: ella lo describe como su salvador. \u00c9l la ayud\u00f3 en su peor momento personal y, a d\u00eda de hoy, siguen manteniendo una buena relaci\u00f3n. Estuvieron juntos 18 a\u00f1os y tienen cuatro hijos en com\u00fan. Anunciaron su separaci\u00f3n en 2016.<\/p>\n<p>Hoy, gracias a la hemeroteca, recuperamos este romance de Mar Flores con Carlos Lozano que quiz\u00e1 algunos recuerden, pero que ella ha pasado por alto en sus memorias, <a href=\"https:\/\/www.eleconomista.es\/informalia\/famosos\/noticias\/13544344\/09\/25\/el-doloroso-romance-de-mar-flores-con-bertin-osborne-me-dejo-el-lo-hizo-por-telefono-me-enfade-y-lo-pase-muy-mal.html\" rel=\"nofollow noopener\" target=\"_blank\">al igual que el de <b>Bert\u00edn Osborne<\/b>, del que ya hablamos hace unos d\u00edas<\/a>.<\/p>\n<p>Carlos Lozano y Mar Flores protagonizaron uno de los romances m\u00e1s comentados de finales de los 90. La revista Diez Minutos public\u00f3 en 1999 una portada hist\u00f3rica en la que ambos aparec\u00edan disfrutando de un fin de semana en la sierra madrile\u00f1a. Su fugaz relaci\u00f3n nunca lleg\u00f3 a consolidarse, pero dio mucho que hablar en la prensa del coraz\u00f3n. De haber prosperado aquel affaire, Carlos Lozano podr\u00eda haberse convertido en t\u00edo pol\u00edtico de <b>Laura Matamoros<\/b>, sobrina de Mar. 26 a\u00f1os despu\u00e9s, este episodio vuelve a cobrar relevancia gracias a las memorias de la modelo.<\/p>\n<p>                            <img decoding=\"async\" src=\"https:\/\/www.europesays.com\/es\/wp-content\/uploads\/2025\/09\/770x_portada-diez-minutos-.jpeg\" loading=\"lazy\"\/><\/p>\n<p>Del \u00e9xito televisivo a su vida sentimental<\/p>\n<p>A lo largo de su trayectoria, Carlos Lozano ha pasado por distintas etapas que abarcan desde su papel como presentador en la primera edici\u00f3n de Operaci\u00f3n Triunfo, en pleno auge de figuras como <b>David Bisbal<\/b>, hasta episodios de su vida personal, como la relaci\u00f3n que mantuvo con la modelo <b>M\u00f3nica Hoyos<\/b>, quien tambi\u00e9n mantuvo un romance con<b> Cayetano Mart\u00ednez de Irujo<\/b>.<\/p>\n<p>                            <img decoding=\"async\" src=\"https:\/\/www.europesays.com\/es\/wp-content\/uploads\/2025\/09\/770x_lozano-bisbal.jpg\" loading=\"lazy\"\/><\/p>\n<p>                            Carlos Lozano con David Bisbal en la primera edici\u00f3n de &#8216;Operaci\u00f3n Triunfo&#8217;<\/p>\n<p>                            <img decoding=\"async\" src=\"https:\/\/www.europesays.com\/es\/wp-content\/uploads\/2025\/09\/770x_hoyos-lozanoo.jpg\" loading=\"lazy\"\/><\/p>\n<p>                            Carlos Lozano y M\u00f3nica Hoyos<\/p>\n<p>                            <img decoding=\"async\" src=\"https:\/\/www.europesays.com\/es\/wp-content\/uploads\/2025\/09\/770x_lozano-en-de-viernes-.jpg\" loading=\"lazy\"\/><\/p>\n<p>                            Carlos Lozano en &#8216;\u00a1De Viernes!&#8217; el pasado mes de marzo<\/p>\n<p>WhatsApp<a href=\"https:\/\/api.whatsapp.com\/send?text=https:\/\/www.eleconomista.es\/informalia\/famosos\/noticias\/13550607\/09\/25\/las-desmemorias-de-mar-flores-descubrimos-el-affaire-que-no-cuenta-con-el-famoso-presentador-de-operacion-triunfo.html?utm_source%3Dwhatsapp%26utm_medium%3Dshare_button&amp;id=1648118629957_whatsapp\" target=\"_blank\" data-action=\"share\/whatsapp\/share\" aria-label=\"Compartir en Whatsapp\" rel=\"nofollow noopener\"><\/a>Facebook<a id=\"fb-share\" href=\"#\" target=\"_blank\" rel=\"noopener noreferrer\" aria-label=\"Compartir en Facebook\"><\/a>Twitter<a href=\"https:\/\/twitter.com\/share?text=Las+desmemorias+de+Mar+Flores%3A+descubrimos+el+affaire+que+no+cuenta+con+el+famoso+presentador+de+Operaci%C3%B3n+Triunfo&amp;url=https:\/\/www.eleconomista.es\/informalia\/famosos\/noticias\/13550607\/09\/25\/las-desmemorias-de-mar-flores-descubrimos-el-affaire-que-no-cuenta-con-el-famoso-presentador-de-operacion-triunfo.html&amp;via=Informalia&amp;id=1648118839245_twitter\" target=\"_blank\" aria-label=\"Compartir en Twitter\" rel=\"nofollow noopener\"><\/a>Linkedin<a onclick=\"return abrirLinkedin();\" href=\"https:\/\/www.linkedin.com\/shareArticle?text=Las+desmemorias+de+Mar+Flores%3A+descubrimos+el+affaire+que+no+cuenta+con+el+famoso+presentador+de+Operaci%C3%B3n+Triunfo&amp;url=https:\/\/www.eleconomista.es\/informalia\/famosos\/noticias\/13550607\/09\/25\/las-desmemorias-de-mar-flores-descubrimos-el-affaire-que-no-cuenta-con-el-famoso-presentador-de-operacion-triunfo.html&amp;mini=true\" target=\"_blank\" aria-label=\"Compartir en linkedin\" rel=\"nofollow noopener\"><\/a>Beloud<a href=\"https:\/\/beloud.com\/share?text=Las+desmemorias+de+Mar+Flores%3A+descubrimos+el+affaire+que+no+cuenta+con+el+famoso+presentador+de+Operaci%C3%B3n+Triunfo&amp;url=https:\/\/www.eleconomista.es\/informalia\/famosos\/noticias\/13550607\/09\/25\/las-desmemorias-de-mar-flores-descubrimos-el-affaire-que-no-cuenta-con-el-famoso-presentador-de-operacion-triunfo.html&amp;via=Informalia&amp;id=1648118839245_beloud\" target=\"_blank\" aria-label=\"Compartir en beloud\" rel=\"nofollow noopener\"><\/a>Bluesky<a href=\"https:\/\/bsky.app\/intent\/compose?text=https:\/\/bsky.app\/intent\/compose?text=https:\/\/www.eleconomista.es\/informalia\/famosos\/noticias\/13550607\/09\/25\/las-desmemorias-de-mar-flores-descubrimos-el-affaire-que-no-cuenta-con-el-famoso-presentador-de-operacion-triunfo.html&amp;url=https:\/\/www.eleconomista.es\/informalia\/famosos\/noticias\/13550607\/09\/25\/las-desmemorias-de-mar-flores-descubrimos-el-affaire-que-no-cuenta-con-el-famoso-presentador-de-operacion-triunfo.html&amp;via=elEconomistaes&amp;id=1648118839245_bluesky\" target=\"_blank\" aria-label=\"Compartir en bluesky\" rel=\"nofollow noopener\"><\/a><\/p>\n<p><script async src=\"https:\/\/platform.twitter.com\/widgets.js\" charset=\"utf-8\"><\/script><\/p>\n","protected":false},"excerpt":{"rendered":"Las memorias de Mar Flores, Mar en calma, han levantado un aut\u00e9ntico tsunami de comentarios, sobre todo en&hellip;\n","protected":false},"author":2,"featured_media":122393,"comment_status":"","ping_status":"","sticky":false,"template":"","format":"standard","meta":{"footnotes":""},"categories":[174],"tags":[255,146,147,25,24,256,260,23],"class_list":{"0":"post-122392","1":"post","2":"type-post","3":"status-publish","4":"format-standard","5":"has-post-thumbnail","7":"category-famosos","8":"tag-celebrities","9":"tag-entertainment","10":"tag-entretenimiento","11":"tag-es","12":"tag-espana","13":"tag-famosos","14":"tag-gente","15":"tag-spain"},"share_on_mastodon":{"url":"","error":""},"_links":{"self":[{"href":"https:\/\/www.europesays.com\/es\/wp-json\/wp\/v2\/posts\/122392","targetHints":{"allow":["GET"]}}],"collection":[{"href":"https:\/\/www.europesays.com\/es\/wp-json\/wp\/v2\/posts"}],"about":[{"href":"https:\/\/www.europesays.com\/es\/wp-json\/wp\/v2\/types\/post"}],"author":[{"embeddable":true,"href":"https:\/\/www.europesays.com\/es\/wp-json\/wp\/v2\/users\/2"}],"replies":[{"embeddable":true,"href":"https:\/\/www.europesays.com\/es\/wp-json\/wp\/v2\/comments?post=122392"}],"version-history":[{"count":0,"href":"https:\/\/www.europesays.com\/es\/wp-json\/wp\/v2\/posts\/122392\/revisions"}],"wp:featuredmedia":[{"embeddable":true,"href":"https:\/\/www.europesays.com\/es\/wp-json\/wp\/v2\/media\/122393"}],"wp:attachment":[{"href":"https:\/\/www.europesays.com\/es\/wp-json\/wp\/v2\/media?parent=122392"}],"wp:term":[{"taxonomy":"category","embeddable":true,"href":"https:\/\/www.europesays.com\/es\/wp-json\/wp\/v2\/categories?post=122392"},{"taxonomy":"post_tag","embeddable":true,"href":"https:\/\/www.europesays.com\/es\/wp-json\/wp\/v2\/tags?post=122392"}],"curies":[{"name":"wp","href":"https:\/\/api.w.org\/{rel}","templated":true}]}}