{"id":122398,"date":"2025-09-18T05:33:10","date_gmt":"2025-09-18T05:33:10","guid":{"rendered":"https:\/\/www.europesays.com\/es\/122398\/"},"modified":"2025-09-18T05:33:10","modified_gmt":"2025-09-18T05:33:10","slug":"aldama-dona-los-10-000-e-que-cobro-por-el-documental-de-la-ex-de-abalos-a-las-familias-de-los-guardias-asesinados-en-barbate","status":"publish","type":"post","link":"https:\/\/www.europesays.com\/es\/122398\/","title":{"rendered":"Aldama dona los 10.000 \u20ac que cobr\u00f3 por el documental de la ex de \u00c1balos a las familias de los guardias asesinados en Barbate"},"content":{"rendered":"<p id=\"paragraph_1\"><strong>V\u00edctor de Aldama<\/strong> ha donado los 10.000 euros que cobr\u00f3 por el documental sobre <strong>Carolina Perles<\/strong>, exmujer de <strong>Jos\u00e9 Luis \u00c1balos<\/strong>, a las familias de los dos guardias civiles asesinados en <strong>Barbate (C\u00e1diz)<\/strong> el 9 de febrero de 2024.<\/p>\n<p class=\"paragraph\" id=\"paragraph_2\">Seg\u00fan ha podido confirmar EL ESPA\u00d1OL, Aldama acept\u00f3 la petici\u00f3n de la productora Mandarina de colaborar en dicho programa con la condici\u00f3n de que su cach\u00e9 fuera a parar a las viudas e hijos de <strong>Miguel \u00c1ngel Gonz\u00e1lez G\u00f3mez<\/strong> y <strong>David P\u00e9rez Carracedo<\/strong>, atropellados por una &#8216;narcolancha&#8217;.<\/p>\n<p class=\"paragraph\" id=\"paragraph_3\">El empresario investigado en el caso Koldo aport\u00f3 su testimonio en el programa <strong>&#8216;El Precio De&#8230;&#8217;<\/strong>, presentado por <strong>Santi Acosta<\/strong> y emitido en <strong>Telecinco<\/strong> los dos \u00faltimos lunes. \u00b4<\/p>\n<p><img loading=\"lazy\" decoding=\"async\" alt=\"V\u00edctor de Aldama este mi\u00e9rcoles en 'El Programa de Ana Rosa'.\" height=\"180\" src=\"https:\/\/www.europesays.com\/es\/wp-content\/uploads\/2025\/09\/1003743919123_258590839_320x180.jpg\" width=\"320\" data-lazy-status=\"processed\" data-lazy-info=\"remove loading item 1\"\/><\/p>\n<p class=\"paragraph\" id=\"paragraph_4\">En el documental, Aldama explic\u00f3 su relaci\u00f3n con Jos\u00e9 Luis \u00c1balos y <strong>Koldo Garc\u00eda<\/strong>, as\u00ed como las mordidas que pag\u00f3 al exministro de Transportes y a otros cargos del PSOE.<\/p>\n<p class=\"paragraph\" id=\"paragraph_5\">Tambi\u00e9n coment\u00f3 los hechos narrados por Carolina Perles durante la extensa entrevista que le realiz\u00f3 el programa de Telecinco y que fue grabada el pasado mes de julio.<\/p>\n<p class=\"paragraph\" id=\"paragraph_6\">En el estreno de &#8216;El Precio De&#8230;&#8217;, el lunes 8 de septiembre, se emiti\u00f3 el documental y esta semana la propia Carolina Perles se sent\u00f3 en el plat\u00f3 para seguir contestando preguntas sobre las comisiones cobradas por el exn\u00famero tres del PSOE y sobre las infidelidades de \u00c1balos con prostitutas.<\/p>\n<p class=\"paragraph\" id=\"paragraph_7\">Perles asegur\u00f3 en el programa que <strong>Pedro S\u00e1nchez<\/strong> dio instrucciones a \u00c1balos antes de reunirse con <strong>Delcy Rodr\u00edguez<\/strong> en Barajas el 20 de enero de 2020.<\/p>\n<p class=\"paragraph\" id=\"paragraph_8\">\u00c1balos le comunic\u00f3 que ten\u00eda que acudir de urgencia al aeropuerto. Y que lo hizo sin seguridad. Se desplaz\u00f3, \u00fanicamente, junto a su asesor, Koldo Garc\u00eda. \u00abHa habido un problema\u00bb, asegur\u00f3 la mujer que le dijo el entonces ministro de Transportes.<\/p>\n<p class=\"paragraph\" id=\"paragraph_9\">\u00ab\u00c9l estaba hablando en ese momento con <strong>Marlaska<\/strong> y el presidente\u00bb, se\u00f1al\u00f3 Perles en la entrevista.<\/p>\n<p class=\"paragraph\" id=\"paragraph_10\">La expareja de \u00c1balos calific\u00f3 a Koldo de \u00abmat\u00f3n\u00bb y acus\u00f3 a Santos Cerd\u00e1n de pon\u00e9rselo de escolta al exministro de Transportes \u00abpara maniobrar\u00bb.<\/p>\n<p>Relaci\u00f3n Aldama &#8211; Guardia Civil<\/p>\n<p class=\"paragraph\" id=\"paragraph_11\">Aldama fue condecorado con la medalla al <strong>M\u00e9rito con Distintivo Blanco<\/strong> de la Guardia Civil el 27 de septiembre de 2022.<\/p>\n<p class=\"paragraph\" id=\"paragraph_12\">El empresario siempre ha mantenido su \u00abrespeto\u00bb a la Guardia Civil, cuya <strong>Unidad Central Operativa (UCO)<\/strong> investiga el caso Koldo y el caso hidrocarburos en los que est\u00e1 investigado.<\/p>\n<p class=\"paragraph\" id=\"paragraph_13\">Desde 2019, Aldama colabor\u00f3 con la unidad antiterrorista <strong>UCE-2<\/strong> y organiz\u00f3 eventos para responsables de la <strong>CIA<\/strong> y el <strong>FBI<\/strong> en sus visitas a Espa\u00f1a.<\/p>\n<p class=\"paragraph\" id=\"paragraph_14\">Fue Koldo Garc\u00eda, exasesor de \u00c1balos, quien present\u00f3 al empresario a esta unidad de la Guardia Civil.<\/p>\n<p><img decoding=\"async\" alt=\"Carolina Perles, exmujer de Jos\u00e9 Luis \u00c1balos, durante la entrevista.\" height=\"180\" loading=\"lazy\" width=\"320\" data-lazy-status=\"processed\" id=\"4375b49549\" src=\"https:\/\/www.elespanol.com\/espana\/20250918\/aldama-dona-eur-cobro-documental-ex-abalos-familias-guardias-asesinados-barbate\/[\" https:=\"\" data-lazy-info=\"changed src\"\/><\/p>\n<p class=\"paragraph\" id=\"paragraph_15\">La productora Mandarina ofreci\u00f3 10.000 euros a Aldama por participar en &#8216;El Precio De&#8230;&#8217; y el expresidente del Zamora CF acept\u00f3 la oferta con la condici\u00f3n de que ese dinero ir\u00eda donado a las familias de los guardias civiles que fueron atropellados por una &#8216;narcolancha&#8217; en Barbate.<\/p>\n<p class=\"paragraph\" id=\"paragraph_16\">El 9 de febrero de 2024, los agentes Miguel \u00c1ngel Gonz\u00e1lez, del <strong>Grupo de Actividades Subacu\u00e1ticas (GEAS)<\/strong>, y David P\u00e9rez, del <strong>Grupo de Acci\u00f3n R\u00e1pida (GAR)<\/strong>, fueron arrollados por una embarcaci\u00f3n en el puerto de esta localidad gaditana.<\/p>\n<p class=\"paragraph\" id=\"paragraph_17\">La embarcaci\u00f3n, utilizada para transportar droga, embisti\u00f3 a gran velocidad la patrullera de los agentes. Ambos fallecieron en el acto.<\/p>\n<p class=\"paragraph\" id=\"paragraph_18\">Miguel \u00c1ngel Gonz\u00e1lez G\u00f3mez, de 39 a\u00f1os, dej\u00f3 hu\u00e9rfano a un hijo menor, mientras que David P\u00e9rez Carracedo, de 43 a\u00f1os, era padre de dos ni\u00f1os.<\/p>\n","protected":false},"excerpt":{"rendered":"V\u00edctor de Aldama ha donado los 10.000 euros que cobr\u00f3 por el documental sobre Carolina Perles, exmujer de&hellip;\n","protected":false},"author":2,"featured_media":122399,"comment_status":"","ping_status":"","sticky":false,"template":"","format":"standard","meta":{"footnotes":""},"categories":[169],"tags":[177,146,147,25,24,176,248,5610,175,2961,2957,23,692,2964],"class_list":{"0":"post-122398","1":"post","2":"type-post","3":"status-publish","4":"format-standard","5":"has-post-thumbnail","7":"category-cine","8":"tag-cine","9":"tag-entertainment","10":"tag-entretenimiento","11":"tag-es","12":"tag-espana","13":"tag-film","14":"tag-gobierno-de-espana","15":"tag-jose-luis-abalos","16":"tag-movies","17":"tag-periodismo-de-investigacion","18":"tag-psoe-partido-socialista-obrero-espanol","19":"tag-spain","20":"tag-telecinco","21":"tag-victor-de-aldama"},"share_on_mastodon":{"url":"","error":""},"_links":{"self":[{"href":"https:\/\/www.europesays.com\/es\/wp-json\/wp\/v2\/posts\/122398","targetHints":{"allow":["GET"]}}],"collection":[{"href":"https:\/\/www.europesays.com\/es\/wp-json\/wp\/v2\/posts"}],"about":[{"href":"https:\/\/www.europesays.com\/es\/wp-json\/wp\/v2\/types\/post"}],"author":[{"embeddable":true,"href":"https:\/\/www.europesays.com\/es\/wp-json\/wp\/v2\/users\/2"}],"replies":[{"embeddable":true,"href":"https:\/\/www.europesays.com\/es\/wp-json\/wp\/v2\/comments?post=122398"}],"version-history":[{"count":0,"href":"https:\/\/www.europesays.com\/es\/wp-json\/wp\/v2\/posts\/122398\/revisions"}],"wp:featuredmedia":[{"embeddable":true,"href":"https:\/\/www.europesays.com\/es\/wp-json\/wp\/v2\/media\/122399"}],"wp:attachment":[{"href":"https:\/\/www.europesays.com\/es\/wp-json\/wp\/v2\/media?parent=122398"}],"wp:term":[{"taxonomy":"category","embeddable":true,"href":"https:\/\/www.europesays.com\/es\/wp-json\/wp\/v2\/categories?post=122398"},{"taxonomy":"post_tag","embeddable":true,"href":"https:\/\/www.europesays.com\/es\/wp-json\/wp\/v2\/tags?post=122398"}],"curies":[{"name":"wp","href":"https:\/\/api.w.org\/{rel}","templated":true}]}}