{"id":122404,"date":"2025-09-18T05:37:08","date_gmt":"2025-09-18T05:37:08","guid":{"rendered":"https:\/\/www.europesays.com\/es\/122404\/"},"modified":"2025-09-18T05:37:08","modified_gmt":"2025-09-18T05:37:08","slug":"ray-ban-meta-refuerza-sus-gafas-inteligentes-gracias-a-la-ia-estan-listas-para-relegar-al-movil-tecnologia","status":"publish","type":"post","link":"https:\/\/www.europesays.com\/es\/122404\/","title":{"rendered":"Ray-Ban: Meta refuerza sus gafas inteligentes gracias a la IA: \u00bfest\u00e1n listas para relegar al m\u00f3vil? | Tecnolog\u00eda"},"content":{"rendered":"<p class=\"\">Hace algo m\u00e1s de una d\u00e9cada que se vaticinaba la muerte del m\u00f3vil como dispositivo hegem\u00f3nico. La irrupci\u00f3n de dispositivos que se llevan puestos (wearable), como relojes, anillos y pulseras, hac\u00edan pensar en que el tel\u00e9fono podr\u00eda quedarse en el bolsillo como unidad central de procesamiento y acceder a las aplicaciones por otros medios m\u00e1s discretos. La profec\u00eda a\u00fan no se ha cumplido, pero las empresas tecnol\u00f3gicas mantienen su apuesta por esta idea a trav\u00e9s de las gafas y gracias a la inteligencia artificial (IA). <a href=\"https:\/\/www.meta.com\/es-es\/connect\/?srsltid=AfmBOopNeemj3NtDGq6XcM12m3jCpxNxsN7oDWkvqc3oiozdIGVAxjkU\" target=\"_self\" rel=\"nofollow noopener\" title=\"https:\/\/www.meta.com\/es-es\/connect\/?srsltid=AfmBOopNeemj3NtDGq6XcM12m3jCpxNxsN7oDWkvqc3oiozdIGVAxjkU\">Meta ha presentado este jueves<\/a> mejoras en su ic\u00f3nico <a href=\"https:\/\/www.meta.com\/es\/ai-glasses\/shop-all\/\" target=\"_self\" rel=\"nofollow noopener\" title=\"https:\/\/www.meta.com\/es\/ai-glasses\/shop-all\/\">modelo Ray-Ban<\/a>, nuevos dise\u00f1os orientados a deportistas (<a href=\"https:\/\/www.meta.com\/es\/ai-glasses\/oakley-meta-hstn\/\" target=\"_self\" rel=\"nofollow noopener\" title=\"https:\/\/www.meta.com\/es\/ai-glasses\/oakley-meta-hstn\/\">Oakley<\/a>) as\u00ed como un modelo <a href=\"https:\/\/www.meta.com\/es\/ai-glasses\/meta-ray-ban-display\/?srsltid=AfmBOopjSkkklM4KvgxEYJJhqwtiwmoRgZeBW6unXqxBraBVAWaFFTM9\" target=\"_self\" rel=\"nofollow noopener\" title=\"https:\/\/www.meta.com\/es\/ai-glasses\/meta-ray-ban-display\/?srsltid=AfmBOopjSkkklM4KvgxEYJJhqwtiwmoRgZeBW6unXqxBraBVAWaFFTM9\">Display<\/a> que incorpora una pantalla en el cristal y se acompa\u00f1a de una Neural Band en la mu\u00f1eca para usar el dispositivo con gestos; Google, tras el fracaso de 2013, ha retomado las suyas; y otras compa\u00f1\u00edas, entre las que no figuran gigantes como Apple y Microsoft, por el momento, siguen adelante con sus desarrollos.<\/p>\n<p>M\u00e1s informaci\u00f3n<\/p>\n<p class=\"\">La carrera la intent\u00f3 acelerar en 2013 Google Glass, un modelo que fue retirado dos a\u00f1os despu\u00e9s. \u201cCometimos muchos errores. Ahora el momento es otro, la tecnolog\u00eda es otra y la apuesta es m\u00e1s real que nunca\u201d, admite Sergu\u00e9i Mij\u00e1ilovich Brin, cofundador de la multinacional, en la <a href=\"https:\/\/io.google\/2025\/\" rel=\"nofollow noopener\" target=\"_blank\">\u00faltima conferencia anual de desarrolladores<\/a>. Esa tecnolog\u00eda a la que alude no es otra que la inteligencia artificial interactiva por comandos de voz, lo que permite a las gafas adquirir funcionalidades que antes eran impensables.<\/p>\n<p class=\"\">Ahora, Google, apoyado por gigantes como Samsung o Qualcomm, ha presentado un prototipo fundamentado en la plataforma Android XR y con Gemini (su IA), que traduce, permite la navegaci\u00f3n por internet por comandos de voz, grabar y escuchar as\u00ed como una pantalla que ocupa una parte de los cristales. <\/p>\n<p class=\"\"><a href=\"https:\/\/www.mi.com\/es\/discover\/search\/?key=SMART+GLASSES&amp;f=switch_local&amp;srsltid=AfmBOop1oF8hwc1n6rO1nmdg4nvMqrNy61A9P_z_j25MOeE2tFi3RLXU&amp;videoid=2638\" rel=\"nofollow noopener\" target=\"_blank\">Xiaomi ya ha presentado su modelo<\/a> con funcionalidades similares y al gigante chino se han unido otras compa\u00f1\u00edas como <a href=\"https:\/\/consumer.huawei.com\/es\/gentle-monster-eyewear2\/\" target=\"_self\" rel=\"nofollow noopener\" title=\"https:\/\/consumer.huawei.com\/es\/gentle-monster-eyewear2\/\">Huawei<\/a> o Snap (<a href=\"https:\/\/www.spectacles.com\/spectacles-24\" rel=\"nofollow noopener\" target=\"_blank\">Spectacles<\/a>) y empresas menores como Brilliant Labs (Frame) y Vuzix. Sin embargo, otras grandes tecnol\u00f3gicas, como Microsoft, ha anunciado <a href=\"https:\/\/cincodias.elpais.com\/smartlife\/gadgets\/2024-10-02\/microsoft-hololens-2-fin-produccion.html\" rel=\"nofollow noopener\" target=\"_blank\">el fin de la comercializaci\u00f3n de HoloLens<\/a> y se ha centrado en dispositivos especializados para clientes como el ej\u00e9rcito.<\/p>\n<p><img alt=\"Mark Zuckerberg conversa mientras lleva las nuevas Display, cuya pantalla interna se proyecta en el exterior.\" decoding=\"auto\" class=\"_re lazyload a_m-h\" height=\"276\"  width=\"414\"  src=\"https:\/\/www.europesays.com\/es\/wp-content\/uploads\/2025\/09\/2X2RTJ2D7FKYXIRFP272FHYKNU.jpg\" loading=\"lazy\"\/>Mark Zuckerberg conversa mientras lleva las nuevas Display, cuya pantalla interna se proyecta en el exterior.Nic Coury (AP)<\/p>\n<p class=\"\">El mayor desarrollo de Meta presentado hoy en California por el m\u00e1ximo responsable de Meta, Mark Zuckerberg, es la combinaci\u00f3n de pantalla y pulsera. Este modelo, que sale primero a la venta en EE UU por 799 d\u00f3lares y llegar\u00e1 a las tiendas de Europa el pr\u00f3ximo a\u00f1o, incorpora una pantalla desplegable de forma temporal en el lateral de la lente para consultar mensajes, obtener una vista previa de las fotos, ver traducciones y obtener ayuda de <a href=\"https:\/\/ai.meta.com\/meta-ai\/\" rel=\"nofollow noopener\" target=\"_blank\">Meta AI<\/a> sin sacar el tel\u00e9fono. <\/p>\n<p class=\"\">La interacci\u00f3n con esta pantalla la permite la Meta Neural Band, una <a href=\"https:\/\/www.meta.com\/emerging-tech\/emg-wearable-technology\/\" rel=\"nofollow noopener\" target=\"_blank\">pulsera EMG<\/a> que traduce las se\u00f1ales de la actividad muscular en comandos para las gafas, lo que permite controlarlas con movimientos sutiles de la mano, sin tener que tocar las gafas o sacar el tel\u00e9fono.<\/p>\n<p><img alt=\"Una corredora, con los modelos de gafas inteligentes de Meta orientadas a deportistas y denominadas Oakley.\" decoding=\"auto\" class=\"_re lazyload a_m-h\" height=\"197\"  width=\"414\"  src=\"https:\/\/www.europesays.com\/es\/wp-content\/uploads\/2025\/09\/AJZH3BDRNZGD7HTVXW525FWGBE.jpg\" loading=\"lazy\"\/>Una corredora, con los modelos de gafas inteligentes de Meta orientadas a deportistas y denominadas Oakley.Meta<\/p>\n<p class=\"\">La integraci\u00f3n de la IA de Meta permite que los tres modelos de gafas presentados ayer no solo sustituyan a la c\u00e1mara y los auriculares del m\u00f3vil, sino que adem\u00e1s incorporan un traductor casi simult\u00e1neo (con retardo) y tienen capacidad de observar el entorno del usuario y responder a las preguntas sobre este. \u201cLas gafas que entienden nuestro contexto porque pueden ver lo que vemos, o\u00edr lo que o\u00edmos e interactuar con nosotros a lo largo del d\u00eda se convertir\u00e1n en nuestros principales dispositivos inform\u00e1ticos\u201d, afirma Zuckerberg.<\/p>\n<p class=\"\">Meta conf\u00eda en las \u00faltimas actualizaciones y las mejoras en autonom\u00eda y resoluci\u00f3n de im\u00e1genes, as\u00ed como en la vinculaci\u00f3n a sus redes sociales y a las populares entre deportistas, como Garmin y Strava, les mantengan como en los puestos de cabeza del mercado, donde la compa\u00f1\u00eda vendi\u00f3 <a href=\"https:\/\/www.theverge.com\/meta\/603674\/meta-ray-ban-smart-glasses-sales\" rel=\"nofollow noopener\" target=\"_blank\">m\u00e1s de un mill\u00f3n de unidades<\/a> el a\u00f1o pasado.<\/p>\n<p class=\"\">Los puntos de equipamiento m\u00e1s d\u00e9biles de los anteriores modelos eran la autonom\u00eda de la bater\u00eda, de unas cuatro horas, y la resoluci\u00f3n de las im\u00e1genes. En los modelos presentados este jueves se han duplicado sin alterar la forma de las gafas y sin aumentar el tama\u00f1o. En v\u00eddeo ofrecen grabaciones en 3K Ultra HD y tambi\u00e9n un modo de grabaci\u00f3n a c\u00e1mara lenta.<\/p>\n<p class=\"\">Ankit Brahmbhatt, director de producto de Meta, asegura que las nuevas gafas \u201cdesbloquean todo tipo de experiencias y permite compartirla de una forma completamente nuevas\u201d. \u201cTe llevan a un sentido de presencia en conexi\u00f3n con las personas\u201d, asegura para destacar la capacidad de interacci\u00f3n con las redes sociales de la compa\u00f1\u00eda. <\/p>\n<p class=\"\">Brahmbhatt destaca mejoras en los auriculares y en los cinco micr\u00f3fonos incorporados, incluso en condiciones de ruido externo, as\u00ed como en funcionalidades como la traducci\u00f3n o la explicaci\u00f3n del entorno visible, que supera un \u00e1ngulo de visi\u00f3n de 120 grados. Las Ray Ban Meta de segunda generaci\u00f3n salen a un precio de 419 euros y las deportivas Oakley costar\u00e1n 549 euros, unos 100 euros m\u00e1s que las versiones anteriores.<\/p>\n<p class=\"\">Las gafas responden al comando de voz Hi Meta y, en algunas funcionalidades, como grabar o modificar el volumen de audio, tambi\u00e9n con interacciones t\u00e1ctiles. Para garantizar la privacidad, los representantes de Meta aseguran que el indicador luminoso externo, que tambi\u00e9n ha aumentado de tama\u00f1o, avisa a terceros de que hay una grabaci\u00f3n en marcha, que, si este se manipula, la grabaci\u00f3n se interrumpe, y que la IA no se ha habilitado para identificar personas que entren en el campo visual.<\/p>\n<p class=\"\">Con los modelos anteriores se multiplicaron los tutoriales para eludir las <a href=\"https:\/\/www.meta.com\/es\/ai-glasses\/privacy\/#wearing-responsibly\" target=\"_self\" rel=\"nofollow noopener\" title=\"https:\/\/www.meta.com\/es\/ai-glasses\/privacy\/#wearing-responsibly\">precauciones de Meta en cuanto a privacidad<\/a>, algo que la compa\u00f1\u00eda asegura haber corregido. No obstante, advierte: \u201cSiempre habr\u00e1 personas que intenten encontrar soluciones a esto, pero continuamos monitore\u00e1ndolo y realizando actualizaciones en la funci\u00f3n seg\u00fan corresponda para mejorarla con el tiempo\u201d<\/p>\n","protected":false},"excerpt":{"rendered":"Hace algo m\u00e1s de una d\u00e9cada que se vaticinaba la muerte del m\u00f3vil como dispositivo hegem\u00f3nico. La irrupci\u00f3n&hellip;\n","protected":false},"author":2,"featured_media":122405,"comment_status":"","ping_status":"","sticky":false,"template":"","format":"standard","meta":{"footnotes":""},"categories":[81],"tags":[119,123,124,25,24,20954,39730,5003,1658,138,40241,117,121,122,23,118,120,39442,2766],"class_list":{"0":"post-122404","1":"post","2":"type-post","3":"status-publish","4":"format-standard","5":"has-post-thumbnail","7":"category-ciencia-y-tecnologia","8":"tag-ciencia","9":"tag-ciencia-y-tecnologia","10":"tag-cienciaytecnologia","11":"tag-es","12":"tag-espana","13":"tag-gafas","14":"tag-gafas-inteligentes","15":"tag-google","16":"tag-huawei","17":"tag-meta","18":"tag-ray-ban","19":"tag-science","20":"tag-science-and-technology","21":"tag-scienceandtechnology","22":"tag-spain","23":"tag-technology","24":"tag-tecnologia","25":"tag-telefonia-movil-multimedia","26":"tag-xiaomi"},"share_on_mastodon":{"url":"","error":""},"_links":{"self":[{"href":"https:\/\/www.europesays.com\/es\/wp-json\/wp\/v2\/posts\/122404","targetHints":{"allow":["GET"]}}],"collection":[{"href":"https:\/\/www.europesays.com\/es\/wp-json\/wp\/v2\/posts"}],"about":[{"href":"https:\/\/www.europesays.com\/es\/wp-json\/wp\/v2\/types\/post"}],"author":[{"embeddable":true,"href":"https:\/\/www.europesays.com\/es\/wp-json\/wp\/v2\/users\/2"}],"replies":[{"embeddable":true,"href":"https:\/\/www.europesays.com\/es\/wp-json\/wp\/v2\/comments?post=122404"}],"version-history":[{"count":0,"href":"https:\/\/www.europesays.com\/es\/wp-json\/wp\/v2\/posts\/122404\/revisions"}],"wp:featuredmedia":[{"embeddable":true,"href":"https:\/\/www.europesays.com\/es\/wp-json\/wp\/v2\/media\/122405"}],"wp:attachment":[{"href":"https:\/\/www.europesays.com\/es\/wp-json\/wp\/v2\/media?parent=122404"}],"wp:term":[{"taxonomy":"category","embeddable":true,"href":"https:\/\/www.europesays.com\/es\/wp-json\/wp\/v2\/categories?post=122404"},{"taxonomy":"post_tag","embeddable":true,"href":"https:\/\/www.europesays.com\/es\/wp-json\/wp\/v2\/tags?post=122404"}],"curies":[{"name":"wp","href":"https:\/\/api.w.org\/{rel}","templated":true}]}}