{"id":122421,"date":"2025-09-18T06:01:07","date_gmt":"2025-09-18T06:01:07","guid":{"rendered":"https:\/\/www.europesays.com\/es\/122421\/"},"modified":"2025-09-18T06:01:07","modified_gmt":"2025-09-18T06:01:07","slug":"eloy-de-la-iglesia-adicto-al-cine","status":"publish","type":"post","link":"https:\/\/www.europesays.com\/es\/122421\/","title":{"rendered":"Eloy de la Iglesia: adicto al cine"},"content":{"rendered":"<p><a class=\"v-mdl-ath__fig-a\" href=\"https:\/\/www.elcorreo.com\/autor\/oskar-belategui-102.html\" title=\"Oskar Belategui\" rel=\"nofollow noopener\" target=\"_blank\"><br \/>\n<img decoding=\"async\" class=\"v-mdl-ath__img\" src=\"https:\/\/www.europesays.com\/es\/wp-content\/uploads\/2025\/09\/autor-102-foto-2.jpeg\" alt=\"Oskar Belategui\"\/><br \/>\n<\/a><\/p>\n<p class=\"v-mdl-ath__p v-mdl-ath__p--6\">\nJueves, 18 de septiembre 2025, 00:09<\/p>\n<p class=\"v-p\">\u00abS\u00f3lo te falta ser negro para la marginalidad total\u00bb, le espet\u00f3 Juan Antonio Bardem una noche de estreno. Eloy de la Iglesia (Zarautz, 1944-Madrid, 2006) les resultaba inc\u00f3modo hasta a sus propios compa\u00f1eros del Partido Comunista. \u00abAl final solo se le conoci\u00f3 como heroin\u00f3mano, pero fue director de cine, comunista y maric\u00f3n\u00bb, se escucha en &#8216;Eloy de la Iglesia, adicto al cine&#8217;, apasionante documental que se estrena el pr\u00f3ximo 24 de septiembre en la secci\u00f3n Zinemira del Festival de San Sebasti\u00e1n. <\/p>\n<p class=\"v-p\">El autor de &#8216;El diputado&#8217;, &#8216;Navajeros&#8217; y &#8216;El pico&#8217; vivi\u00f3 al l\u00edmite, como sus personajes. \u00abA veces tengo una sensaci\u00f3n terrible que trato de rehuir: no ser una persona que vive, sino un superviviente\u00bb, confiesa al periodista \u00c1ngel Casas en unas im\u00e1genes de archivo. Fue en su \u00e9poca m\u00e1s oscura, cuando, desdentado, hablaba sin ning\u00fan pudor de sus adicciones en televisi\u00f3n. El cine fue indivisible de su vida. \u00abHe sufrido toda clase de desenga\u00f1os, pero el cine es lo \u00fanico que nunca me ha fallado, el \u00fanico enganche que jam\u00e1s superar\u00e9\u00bb, reflexionaba.<\/p>\n<p><img decoding=\"async\" loading=\"lazy\" src=\"https:\/\/www.europesays.com\/es\/wp-content\/uploads\/2025\/09\/colegas-kSh-U23029588904911IC-800x455@El Correo.jpg\" class=\"v-a-img\" width=\"800\" height=\"455\" alt=\"Fotocromo de 'Colegas' (1982).\" data-voc-vtm-id=\"in-text-traffic\"\/><\/p>\n<p>Fotocromo de &#8216;Colegas&#8217; (1982).<\/p>\n<p><img loading=\"lazy\" decoding=\"async\" src=\"https:\/\/www.europesays.com\/es\/wp-content\/uploads\/2025\/09\/colegas-kSh-U23029588904911IC-800x455@El Correo.jpg\" class=\"v-mdl__img-z\" width=\"800\" height=\"455\" alt=\"\"\/><\/p>\n<p class=\"v-p\">De la Iglesia no supo ser sutil pero s\u00ed honesto. Ah\u00ed es nada estrenar en 1983, en plenos &#8216;a\u00f1os de plomo&#8217; en Euskadi, &#8216;El pico&#8217;, la odisea de un heroin\u00f3mano, hijo de guardia civil y compa\u00f1ero de aguja del hijo de un diputado abertzale. Pol\u00edtica, drogadicci\u00f3n, homosexualidad. La po\u00e9tica del lumpen concretada en el p\u00f3ster del filme: un tricornio y una jeringuilla manchada de sangre. Han pasado cuarenta a\u00f1os, pero ese Bilbao de cielos grises, trenkas y Seat 1.430 parece de otro mundo. Los quinquis del zarauztarra permanecen grabados a fuego en la memoria sentimental de quienes crecimos en cines de barrio.<\/p>\n<p class=\"v-p\">Jos\u00e9 Sacristan resume en el filme del portugalujo Gaizka Urresti su mirada tremendista: \u00abDonde otros pon\u00edan la c\u00e1mara, \u00e9l pon\u00eda la genitalidad\u00bb. De la Iglesia, que comenz\u00f3 a consumir hero\u00edna precisamente en el rodaje de &#8216;El pico&#8217;, emple\u00f3 diecis\u00e9is a\u00f1os de su vida en descender a los infiernos. Y a su regreso con &#8216;Los novios b\u00e1rbaros&#8217;, su testamento f\u00edlmico en 2003, la marginalidad ya no atesoraba ninguna po\u00e9tica. Podemos llamarle director maldito, pero tambi\u00e9n fue muy, muy taquillero.<\/p>\n<p class=\"v-p\">\u00abEloy de la Iglesia es un personaje conocido pero no lo suficientemente reivindicado\u00bb, matiza Urresti, ganador de dos Goyas por su documental sobre Labordeta y el corto &#8216;Abstenerse agencias&#8217;. \u00abSus pel\u00edculas fueron muy populares en su d\u00eda, su estreno era un evento. Ten\u00eda una conexi\u00f3n con el p\u00fablico innegable\u00bb. Pedro Olea, gran amigo, confiesa en el documental que sus largometrajes iban a festivales y ten\u00edan buenas cr\u00edticas, pero los de Eloy arrasaban en taquilla.<\/p>\n<p>Fragmento de &#8216;El diputado&#8217; (1978), de Eloy de la Iglesia.<\/p>\n<p class=\"v-p\">De la Iglesia creci\u00f3 en el seno de una familia burguesa con casa se\u00f1orial en el Paseo de Gipuzkoa de Zarautz. Su padre, de origen gallego, hab\u00eda hecho fortuna gracias a negocios de importaci\u00f3n. \u00c9l pag\u00f3 la primera pel\u00edcula personal de su hijo, que hab\u00eda fantaseado incluso con tomar los h\u00e1bitos antes de intentar estudiar cine en Madrid. &#8216;Algo amargo en la boca&#8217; (1969) fue masacrada por la censura, al igual que &#8216;La semana del asesino&#8217; (1971), en la que el protagonista se deshac\u00eda de seis cuerpos tritur\u00e1ndolos en la empresa c\u00e1rnica donde trabaja. Al director se le ocurri\u00f3 publicitarla en la Berlinale entregando bolsas al p\u00fablico para vomitar.<\/p>\n<p class=\"v-p\">Jos\u00e9 Sacrist\u00e1n, Mar\u00eda Luisa San Jos\u00e9, Fernando M\u00e9ndez-Leite, Pedro Olea, Claudia Gravy, Jos\u00e9 Luis Garci, La Otxoa, Fernando Guill\u00e9n Cuervo y su bi\u00f3grafo, Eduardo Fuembuena, aportan, entre otros, su testimonio en el documental. Aparecen fragmentos de &#8216;Los placeres ocultos&#8217; (1977), la primera pel\u00edcula del cine espa\u00f1ol en la que el protagonista es un homosexual, con todas sus contradicciones, al tiempo que se retrata con \u00e1nimo sociol\u00f3gico los urinarios donde mantener contactos, los bares de ambiente&#8230; Y el p\u00e1nico ante la delaci\u00f3n. Tambi\u00e9n se recuperan las incre\u00edbles im\u00e1genes de &#8216;El sacerdote&#8217; (1978), en la que unos ni\u00f1os abusan sexuamente de una oca.<\/p>\n<p class=\"v-p\">Todo era muy loco, s\u00f3rdido y morboso en el cine de Eloy de la Iglesia, capaz de rodar un primer plano de un sexo femenino utilizando a la script y los pelos de su propia barba. O de invitar al estreno de &#8216;El diputado&#8217; (1978), en la que un pol\u00edtico comunista es extorsionado por un grupo terrorista que amenaza con desvelar su condici\u00f3n homosexual, a Santiago Carrillo, Rafael Alberti y La Pasionaria.<\/p>\n<p>&#8216;Colegas&#8217; (1982), de Eloy de la Iglesia.<\/p>\n<p class=\"v-p\">\u00abLo prioritario para Eloy no era lo cinematogr\u00e1fico, la puesta en escena, sino la visceralidad de sus historias\u00bb, confirma Gaizka Urresti. \u00abNo hemos querido hacer sangre, pero los cr\u00edticos le tacharon de amarillista y panfletario, de hacer un cine formalmente descuidado. En las entrevistas ves que Eloy siempre saca el tema, le dol\u00eda que la cr\u00edtica le calificara de zafio y obsceno. Pero le pod\u00edan las ganas de epatar\u00bb.<\/p>\n<p class=\"v-p\">Al igual que Pasolini, tambi\u00e9n comunista y homosexual, De la Iglesia busc\u00f3 a actores naturalistas de entre el lumpen. Con Jos\u00e9 Luis Manzano, protagonista de &#8216;Navajeros&#8217; (1980), &#8216;Colegas&#8217; (1982), las dos partes de &#8216;El pico&#8217; (1983) y &#8216;La estanquera de Vallecas&#8217; (1987), actu\u00f3 de pigmali\u00f3n. Fue su gran amor. Falleci\u00f3 en 1992 a los 29 a\u00f1os en casa del cineasta, presumiblemente v\u00edctima de una sobredosis.<\/p>\n<p class=\"v-p\">&#8216;Eloy de la Iglesia, adicto al cine&#8217; tiene, dentro de lo que cabe, un final feliz. El director vasco sobrevivi\u00f3 en un hostal de la Gran V\u00eda madrile\u00f1a durante a\u00f1os gracias al dinero de amigos. Pero la retrospectiva del Festival de San Sebasti\u00e1n organizada por Diego Gal\u00e1n en 1996 posibilit\u00f3 que volviera a rodar un &#8216;Cal\u00edgula&#8217; para TVE en 2001 y despedirse del cine dos a\u00f1os m\u00e1s tarde con &#8216;Los novios b\u00falgaros&#8217;. Un error m\u00e9dico ajeno a las drogas acab\u00f3 con su vida a los 62 a\u00f1os. Sus amigos Pedro Olea y Fernando Guill\u00e9n Cuervo se recuerdan cubiertos por sus cenizas en la playa de Zarautz tras un golpe de viento. Ind\u00f3mito hasta el final.<\/p>\n<p>Comenta<\/p>\n<p>Reporta un error<\/p>\n","protected":false},"excerpt":{"rendered":"Jueves, 18 de septiembre 2025, 00:09 \u00abS\u00f3lo te falta ser negro para la marginalidad total\u00bb, le espet\u00f3 Juan&hellip;\n","protected":false},"author":2,"featured_media":122422,"comment_status":"","ping_status":"","sticky":false,"template":"","format":"standard","meta":{"footnotes":""},"categories":[169],"tags":[40243,177,40242,146,147,25,24,176,12034,175,23],"class_list":{"0":"post-122421","1":"post","2":"type-post","3":"status-publish","4":"format-standard","5":"has-post-thumbnail","7":"category-cine","8":"tag-adicto","9":"tag-cine","10":"tag-eloy","11":"tag-entertainment","12":"tag-entretenimiento","13":"tag-es","14":"tag-espana","15":"tag-film","16":"tag-iglesia","17":"tag-movies","18":"tag-spain"},"share_on_mastodon":{"url":"","error":""},"_links":{"self":[{"href":"https:\/\/www.europesays.com\/es\/wp-json\/wp\/v2\/posts\/122421","targetHints":{"allow":["GET"]}}],"collection":[{"href":"https:\/\/www.europesays.com\/es\/wp-json\/wp\/v2\/posts"}],"about":[{"href":"https:\/\/www.europesays.com\/es\/wp-json\/wp\/v2\/types\/post"}],"author":[{"embeddable":true,"href":"https:\/\/www.europesays.com\/es\/wp-json\/wp\/v2\/users\/2"}],"replies":[{"embeddable":true,"href":"https:\/\/www.europesays.com\/es\/wp-json\/wp\/v2\/comments?post=122421"}],"version-history":[{"count":0,"href":"https:\/\/www.europesays.com\/es\/wp-json\/wp\/v2\/posts\/122421\/revisions"}],"wp:featuredmedia":[{"embeddable":true,"href":"https:\/\/www.europesays.com\/es\/wp-json\/wp\/v2\/media\/122422"}],"wp:attachment":[{"href":"https:\/\/www.europesays.com\/es\/wp-json\/wp\/v2\/media?parent=122421"}],"wp:term":[{"taxonomy":"category","embeddable":true,"href":"https:\/\/www.europesays.com\/es\/wp-json\/wp\/v2\/categories?post=122421"},{"taxonomy":"post_tag","embeddable":true,"href":"https:\/\/www.europesays.com\/es\/wp-json\/wp\/v2\/tags?post=122421"}],"curies":[{"name":"wp","href":"https:\/\/api.w.org\/{rel}","templated":true}]}}