{"id":122427,"date":"2025-09-18T06:05:09","date_gmt":"2025-09-18T06:05:09","guid":{"rendered":"https:\/\/www.europesays.com\/es\/122427\/"},"modified":"2025-09-18T06:05:09","modified_gmt":"2025-09-18T06:05:09","slug":"adios-a-los-dias-de-24-horas-un-estudio-revela-que-el-ser-humano-podria-acostumbrarse-a-este-nuevo-fenomeno","status":"publish","type":"post","link":"https:\/\/www.europesays.com\/es\/122427\/","title":{"rendered":"Adi\u00f3s a los d\u00edas de 24 horas: un estudio revela que el ser humano podr\u00eda acostumbrarse a este nuevo fen\u00f3meno"},"content":{"rendered":"<p class=\"\">Siempre hemos adoptado la creencia de que la duraci\u00f3n del d\u00eda es de 24 horas, aunque en realidad no es del todo exacto. El tiempo que tarda <b>la Tierra <\/b>en dar una vuelta sobre su eje es de 23 horas, 56 minutos y 4 segundos.<\/p>\n<p class=\"\">Un aspecto que, de cara al futuro, podr\u00eda cambiar, y es que seg\u00fan han reflejado diferentes investigaciones cient\u00edficas, entre ellas un estudio de la Universidad T\u00e9cnica de M\u00fanich (Alemania), publicado en la revista <a href=\"https:\/\/www.nature.com\/articles\/s41561-023-01202-6\" target=\"_self\" rel=\"nofollow noopener\" title=\"https:\/\/www.nature.com\/articles\/s41561-023-01202-6\"><b>Nature Geoscience<\/b><\/a>, ya han apuntado que <b>la rotaci\u00f3n del planeta \u201cse est\u00e1 desacelerando de manera progresiva\u201d<\/b>.<\/p>\n<p class=\"\">De continuar esta tendencia, en aproximadamente 200 millones de a\u00f1os,<b> la duraci\u00f3n del d\u00eda podr\u00eda extenderse hasta las 25 horas<\/b>. Una predicci\u00f3n basada en mediciones realizadas por un l\u00e1ser de anillo, que utilizaron los cient\u00edficos en el Observatorio Wettzell para medir la rotaci\u00f3n de la Tierra.<\/p>\n<p class=\"\">Una conclusi\u00f3n que parte del hecho de que la <b>velocidad de rotaci\u00f3n terrestre no es constante<\/b>, dado que est\u00e1 sujeta a fuerzas internas y externas, y tambi\u00e9n a factores f\u00edsicos y din\u00e1micos, como por ejemplo, las interacciones gravitacionales con el Sol y la Luna.<\/p>\n<p class=\"\">El instrumento l\u00e1ser anular, perfeccionado desde su implementaci\u00f3n en 2011 y usado en esta investigaci\u00f3n, <b>se ha convertido en una herramienta clave para entender los movimientos terrestres<\/b>. Aunque enfrenta dificultades t\u00e9cnicas, un nuevo algoritmo de correcci\u00f3n elev\u00f3 la precisi\u00f3n, llegando a detectar fluctuaciones de rotaci\u00f3n de la Tierra de apenas seis milisegundos cada dos semanas.<\/p>\n<p>Noticias relacionadas<\/p>\n<p class=\"\">El profesor Ulrich Schreiber, l\u00edder del proyecto, destac\u00f3 la importancia de estas mediciones no solo en astronom\u00eda, sino tambi\u00e9n en la creaci\u00f3n de modelos clim\u00e1ticos precisos y la comprensi\u00f3n de fen\u00f3menos meteorol\u00f3gicos. Los<b> efectos tendr\u00edan impacto en los patrones clim\u00e1ticos y en los ciclos biol\u00f3gicos de las especies<\/b>.<\/p>\n<p class=\"\"><b>\u00a1Tus opiniones importan!<\/b> Comenta en los art\u00edculos y suscr\u00edbete gratis a nuestra <a href=\"https:\/\/asfan.as.com\/newsletters\/\" target=\"_blank\" rel=\"nofollow noopener\" title=\"https:\/\/asfan.as.com\/newsletters\/\">newsletter<\/a> y a las alertas informativas en la <a href=\"https:\/\/as.com\/aplicacion-de-as-n\/\" target=\"_blank\" rel=\"nofollow noopener\" title=\"https:\/\/as.com\/aplicacion-de-as-n\/\">App<\/a> o el canal de <a href=\"https:\/\/www.whatsapp.com\/channel\/0029VaAasdA7j6g745nz9M10\" target=\"_blank\" rel=\"nofollow noopener\" title=\"https:\/\/www.whatsapp.com\/channel\/0029VaAasdA7j6g745nz9M10\">WhatsApp<\/a>. \u00bfBuscas licenciar contenido? Haz clic <a href=\"https:\/\/profesional.elpais.com\/soluciones-sindicacion?utm_medium=interno&amp;utm_source=crosslinking&amp;utm_campaign=sindicacion_as_pie_articulos\" target=\"_blank\" rel=\"nofollow noopener\" title=\"https:\/\/profesional.elpais.com\/soluciones-sindicacion?utm_medium=interno&amp;utm_source=crosslinking&amp;utm_campaign=sindicacion_as_pie_articulos\">aqu\u00ed<\/a><\/p>\n","protected":false},"excerpt":{"rendered":"Siempre hemos adoptado la creencia de que la duraci\u00f3n del d\u00eda es de 24 horas, aunque en realidad&hellip;\n","protected":false},"author":2,"featured_media":122428,"comment_status":"","ping_status":"","sticky":false,"template":"","format":"standard","meta":{"footnotes":""},"categories":[81],"tags":[119,123,124,25,24,117,121,122,23,118,120],"class_list":{"0":"post-122427","1":"post","2":"type-post","3":"status-publish","4":"format-standard","5":"has-post-thumbnail","7":"category-ciencia-y-tecnologia","8":"tag-ciencia","9":"tag-ciencia-y-tecnologia","10":"tag-cienciaytecnologia","11":"tag-es","12":"tag-espana","13":"tag-science","14":"tag-science-and-technology","15":"tag-scienceandtechnology","16":"tag-spain","17":"tag-technology","18":"tag-tecnologia"},"share_on_mastodon":{"url":"","error":""},"_links":{"self":[{"href":"https:\/\/www.europesays.com\/es\/wp-json\/wp\/v2\/posts\/122427","targetHints":{"allow":["GET"]}}],"collection":[{"href":"https:\/\/www.europesays.com\/es\/wp-json\/wp\/v2\/posts"}],"about":[{"href":"https:\/\/www.europesays.com\/es\/wp-json\/wp\/v2\/types\/post"}],"author":[{"embeddable":true,"href":"https:\/\/www.europesays.com\/es\/wp-json\/wp\/v2\/users\/2"}],"replies":[{"embeddable":true,"href":"https:\/\/www.europesays.com\/es\/wp-json\/wp\/v2\/comments?post=122427"}],"version-history":[{"count":0,"href":"https:\/\/www.europesays.com\/es\/wp-json\/wp\/v2\/posts\/122427\/revisions"}],"wp:featuredmedia":[{"embeddable":true,"href":"https:\/\/www.europesays.com\/es\/wp-json\/wp\/v2\/media\/122428"}],"wp:attachment":[{"href":"https:\/\/www.europesays.com\/es\/wp-json\/wp\/v2\/media?parent=122427"}],"wp:term":[{"taxonomy":"category","embeddable":true,"href":"https:\/\/www.europesays.com\/es\/wp-json\/wp\/v2\/categories?post=122427"},{"taxonomy":"post_tag","embeddable":true,"href":"https:\/\/www.europesays.com\/es\/wp-json\/wp\/v2\/tags?post=122427"}],"curies":[{"name":"wp","href":"https:\/\/api.w.org\/{rel}","templated":true}]}}