{"id":122429,"date":"2025-09-18T06:06:21","date_gmt":"2025-09-18T06:06:21","guid":{"rendered":"https:\/\/www.europesays.com\/es\/122429\/"},"modified":"2025-09-18T06:06:21","modified_gmt":"2025-09-18T06:06:21","slug":"verisure-confirma-su-intencion-de-cotizar-en-la-bolsa-de-estocolmo-para-captar-cerca-de-3-100-millones","status":"publish","type":"post","link":"https:\/\/www.europesays.com\/es\/122429\/","title":{"rendered":"Verisure confirma su intenci\u00f3n de cotizar en la Bolsa de Estocolmo para captar cerca de 3.100 millones"},"content":{"rendered":"<p data-gtm-element-container=\"modulo-texto-link\" class=\"paragraph\">Verisure, proveedor de servicios de seguridad en Europa y Am\u00e9rica Latina, ha confirmado este mi\u00e9rcoles su intenci\u00f3n de lanzar una oferta p\u00fablica inicial (IPO, por sus siglas en ingl\u00e9s) y solicitar la admisi\u00f3n a cotizaci\u00f3n y negociaci\u00f3n de sus acciones ordinarias en el Nasdaq de Estocolmo, en una transacci\u00f3n con la que espera recaudar, aproximadamente, 3.100 millones de euros.<\/p>\n<p data-gtm-element-container=\"modulo-texto-link\" class=\"paragraph\">En concreto, la empresa tiene previsto captar unos 3.100 millones de euros con la emisi\u00f3n de nuevas acciones dentro de su salida a la Bolsa de Estocolmo, de los cuales alrededor de 235 millones proceder\u00e1n de dos inversores ya existentes &#8211;Alba Investments y Securholds Spain&#8211; que buscan aumentar su participaci\u00f3n en Verisure.<\/p>\n<p data-gtm-element-container=\"modulo-texto-link\" class=\"paragraph\">Adem\u00e1s, la venta de acciones ya existentes por parte del accionista vendedor se limitar\u00e1 principalmente a la opci\u00f3n de sobresuscripci\u00f3n.<\/p>\n<p data-gtm-element-container=\"modulo-texto-link\" class=\"paragraph\">La salida a Bolsa permitir\u00e1 a Verisure ampliar su base accionarial, aumentar el reconocimiento entre clientes y grupos de inter\u00e9s, y facilitar el acceso a los mercados de capital suecos e internacionales.<\/p>\n<p data-gtm-element-container=\"modulo-texto-link\" class=\"paragraph\">Los fondos obtenidos contribuir\u00e1n, adem\u00e1s, a reforzar el balance de la compa\u00f1\u00eda y a reducir el apalancamiento neto hasta situarlo en torno a tres veces en el momento de la oferta p\u00fablica de venta (OPV), lo que apoyar\u00e1 el crecimiento continuado en Europa y Latinoam\u00e9rica.<\/p>\n<p data-gtm-element-container=\"modulo-texto-link\" class=\"paragraph\">Verisure presta servicio, actualmente, a m\u00e1s de 5,8 millones de familias y peque\u00f1os negocios, protegi\u00e9ndolas frente a intrusiones, robos, incendios, ataques f\u00edsicos, hurtos, emergencias vitales y otros riesgos.<\/p>\n","protected":false},"excerpt":{"rendered":"Verisure, proveedor de servicios de seguridad en Europa y Am\u00e9rica Latina, ha confirmado este mi\u00e9rcoles su intenci\u00f3n de&hellip;\n","protected":false},"author":2,"featured_media":122430,"comment_status":"","ping_status":"","sticky":false,"template":"","format":"standard","meta":{"footnotes":""},"categories":[80],"tags":[82,95,94,25,24,23],"class_list":{"0":"post-122429","1":"post","2":"type-post","3":"status-publish","4":"format-standard","5":"has-post-thumbnail","7":"category-economia","8":"tag-business","9":"tag-economia","10":"tag-economy","11":"tag-es","12":"tag-espana","13":"tag-spain"},"share_on_mastodon":{"url":"","error":""},"_links":{"self":[{"href":"https:\/\/www.europesays.com\/es\/wp-json\/wp\/v2\/posts\/122429","targetHints":{"allow":["GET"]}}],"collection":[{"href":"https:\/\/www.europesays.com\/es\/wp-json\/wp\/v2\/posts"}],"about":[{"href":"https:\/\/www.europesays.com\/es\/wp-json\/wp\/v2\/types\/post"}],"author":[{"embeddable":true,"href":"https:\/\/www.europesays.com\/es\/wp-json\/wp\/v2\/users\/2"}],"replies":[{"embeddable":true,"href":"https:\/\/www.europesays.com\/es\/wp-json\/wp\/v2\/comments?post=122429"}],"version-history":[{"count":0,"href":"https:\/\/www.europesays.com\/es\/wp-json\/wp\/v2\/posts\/122429\/revisions"}],"wp:featuredmedia":[{"embeddable":true,"href":"https:\/\/www.europesays.com\/es\/wp-json\/wp\/v2\/media\/122430"}],"wp:attachment":[{"href":"https:\/\/www.europesays.com\/es\/wp-json\/wp\/v2\/media?parent=122429"}],"wp:term":[{"taxonomy":"category","embeddable":true,"href":"https:\/\/www.europesays.com\/es\/wp-json\/wp\/v2\/categories?post=122429"},{"taxonomy":"post_tag","embeddable":true,"href":"https:\/\/www.europesays.com\/es\/wp-json\/wp\/v2\/tags?post=122429"}],"curies":[{"name":"wp","href":"https:\/\/api.w.org\/{rel}","templated":true}]}}