{"id":122435,"date":"2025-09-18T06:11:11","date_gmt":"2025-09-18T06:11:11","guid":{"rendered":"https:\/\/www.europesays.com\/es\/122435\/"},"modified":"2025-09-18T06:11:11","modified_gmt":"2025-09-18T06:11:11","slug":"morenito-de-aranda-lo-he-dado-todo-por-el-toreo-y-es-de-las-cosas-que-mas-orgulloso-estoy","status":"publish","type":"post","link":"https:\/\/www.europesays.com\/es\/122435\/","title":{"rendered":"Morenito de Aranda: \u00abLo he dado todo por el toreo y es de las cosas que m\u00e1s orgulloso estoy\u00bb"},"content":{"rendered":"<p>Jes\u00fas Mart\u00ednez Barrios (Aranda de Duero, 1985), descuenta las horas para realizar un gesto-gesta en la plaza de la ciudad referente en la comarca que, desde hace casi dos d\u00e9cadas lo ve crecer personal y profesionalmente. Morenito de Aranda en los carteles, se anuncia ante seis toros de Pe\u00f1ajara para poner la guinda a los primeros veinte a\u00f1os de carrera como matador de toros. Una carrera prol\u00edfica, marcada por el gusto y la capacidad, con momentos de altibajos, y que parece haber encontrado la v\u00eda de la regularidad en los \u00faltimos tiempos.\u00a0<\/p>\n<p>Ahora, maduro, sereno y hecho, capaz y en ocasiones tit\u00e1nico, tiene claro que si volviera a nacer \u00abvolver\u00eda a intentar ser torero\u00bb. Por ello las celebraciones se subrayan con citas que a\u00fanan buen toreo, capacidad, y ganader\u00eda con muchos matices.\u00a0<\/p>\n<p>De cara a esta cita, atiende en exclusiva a La Tribuna, \u00a0en el campo, ese laboratorio donde se realizan las pruebas de lo que se pretende plasmar en la plaza. Antonio Rubio, empresario de Talavera, y ganadero de Pe\u00f1ajara, nos abre las puertas de su casa para conocer de primera mano las sensaciones del torero y las embestidas de la casta jijona.\u00a0<\/p>\n<p>Paladea las palabras, como lo hace con las embestidas. Cuando permiten abandono lo hace, cuando no, se faja con las acometidas de las vacas que ponen a prueba y confirman el momento que atraviesa.<\/p>\n<p><strong>20 de septiembre, Morenito se encierra con seis toros en solitario. \u00bfQu\u00e9 supone?<\/strong>\u00a0<\/p>\n<p>Es un d\u00eda important\u00edsimo. Yo creo que en un a\u00f1o tan especial como este 2025, en el que se cumplen 20 a\u00f1os de mi alternativa, y en el que ya se hizo algo muy especial en Francia, que es el pa\u00eds en el que ha hecho que en esta nueva etapa mi nombre est\u00e9 en un nivel importante, va a ser un broche de oro. Lo que pas\u00f3 en Vic-Fezensac en junio, fue una fecha hist\u00f3rica, que se viene a completar con la cita de este s\u00e1bado en Talavera.\u00a0<\/p>\n<p><strong>Hablar de estoquear seis toros, son palabras mayores, \u00bfc\u00f3mo se fragua la encerrona?<\/strong><\/p>\n<p>La verdad que es que un d\u00eda recib\u00ed la llamada de Antonio (Rubio) proponi\u00e9ndome que por qu\u00e9 no hac\u00eda algo especial en Espa\u00f1a. Y bueno, se qued\u00f3 un poco ah\u00ed. \u00a0A los pocos d\u00edas me dijo que si le hab\u00eda dado una vuelta, y que si lo hab\u00eda pensado.\u00a0<\/p>\n<p>Yo simplemente le dije que ser\u00eda bonito, pero que no sab\u00eda d\u00f3nde; y me respondi\u00f3: \u00abyo s\u00e9 el sitio\u00bb.\u00a0<\/p>\n<p>\u00c9l sabe que Talavera de la Reina para m\u00ed era un sitio muy especial. Yo no soy de pedir. \u00c9l es amigo m\u00edo de hace tiempo, pero yo nunca ni he pedido nada, ni le he dicho de torear en sus plazas. Ah\u00ed fue cuando me dijo que ten\u00eda la ilusi\u00f3n de que me encerrara con seis toros el 20 de septiembre en La Caprichosa y la \u00fanica condici\u00f3n que le puse fue que la corrida ten\u00eda que ser suya. Conozco la historia de Pe\u00f1ajara, y desde que se hizo propietario de la plaza y empresario, no hab\u00eda lidiado una corrida de toros en Talavera, y a m\u00ed me apetec\u00eda que coincidieran en esa fecha tantas emociones.\u00a0<\/p>\n<p><strong>Hablas de lo especial que es Talavera y su comarca para ti. \u00bfQu\u00e9 supone que sea en esta plaza?<\/strong><\/p>\n<p>Yo soy arandino, por supuesto, y burgal\u00e9s. Y as\u00ed lo llevo en mi nombre art\u00edstico desde hace muchos a\u00f1os. Pero s\u00ed que es verdad que el dicho de que \u00abel buey no es donde nace, sino donde pace\u00bb, pues cobra mucha raz\u00f3n<\/p>\n<p>Llevo entorno a 15 a\u00f1os ya viviendo por estos lares y me han acogido como uno m\u00e1s. Me siento como uno m\u00e1s, me siento de esta tierra. Tengo much\u00edsimos amigos y mucha gente que me sigue, que me quiere. Y bueno, pues Talavera es como mi casa.<\/p>\n<p>En general toda la comarca de Talavera, Oropesa, Navalc\u00e1n, Candeleda&#8230; aunque, Candeleda ya es Castilla y Le\u00f3n, pero muy cerca de esta tierra. En esos pueblos es donde me muevo, donde vivo y donde tengo muchos amigos.\u00a0<\/p>\n<p>La verdad que me ha impactado mucho de c\u00f3mo ha ca\u00eddo la noticia. Cuando se anunci\u00f3 lo de los seis toros, todo el mundo se volc\u00f3 y est\u00e1 siendo muy especial.\u00a0<\/p>\n<p><strong>Otro de los factores clave para esta cita, es la ganader\u00eda, \u00bfpor qu\u00e9 Pe\u00f1ajara?<\/strong>\u00a0<\/p>\n<p>Es una ganader\u00eda muy especial para m\u00ed. Desde que llevo aqu\u00ed, quiz\u00e1 a los dos o tres a\u00f1os de estar viviendo por aqu\u00ed ya, hice mucha vista con Antonio y bueno, pues pr\u00e1cticamente la mayor\u00eda de los tentaderos los hago yo.<\/p>\n<p>Luego, en pandemia, desgraciadamente se ten\u00edan que aprovechar los toros y se aprovechaban a puerta cerrada, por lo que fueron dos a\u00f1os en los que mat\u00e9 muchos toros de Pe\u00f1ajara en el campo.<\/p>\n<p>Adem\u00e1s he tenido recientemente triunfos muy importantes con esta ganader\u00eda en plazas como A\u00f1over de Tajo, que fue una tarde muy importante, o en El Espinar.<\/p>\n<p>Podr\u00edamos definirlo como que tenemos una comuni\u00f3n muy bonita de una ganader\u00eda. Se re\u00fane todo. Yo creo que estas cosas, una tarde de seis toros para un torero, tiene que tener un sentido especial. Y esta lo tiene por muchos motivos y por muchas emociones.\u00a0<\/p>\n<p><strong>Si la tuvieras que definir, \u00bfc\u00f3mo es esta ganader\u00eda?<\/strong><\/p>\n<p>Es un toro diferente. Es un toro que desde primera hora, desde la mirada ya es diferente. Es un toro fino, un toro&#8230; muy agresivo de mirada, muy vivo, \u00a0con un pelaje muy variado, muy singular.<\/p>\n<p>Luego en su comportamiento es un toro que es exigente, y aunque muchos se entregan, es un toro muy despierto, un toro con el que hay que estar muy concentrado con \u00e9l para adivinar lo que te va mostrando en cada momento. Es un toro que no es f\u00e1cil.<\/p>\n<p><strong>Siempre se suele tirar del t\u00f3pico de decir que, ante este tipo de citas que el torero est\u00e1 ante el mejor momento de su carrera. En tu caso, son 20 a\u00f1os de alternativa, quiz\u00e1 y eso te brinda una perspectiva de poder mirar para atr\u00e1s y ver c\u00f3mo ha evolucionado este torero.<\/strong><\/p>\n<p>Siempre lo decimos. Cuando llega un d\u00eda importante o llegan entrevistas, solemos decir que es nuestro mejor momento.<\/p>\n<p>Yo creo que es mejor echar la vista atr\u00e1s de la temporada, y saber lo que has hecho bien y lo que has hecho mal. Me siento muy orgulloso de lo que llevo haciendo estos \u00faltimos a\u00f1os porque, lo m\u00e1s importante, es la ilusi\u00f3n y con 20 a\u00f1os de alternativa tener la ilusi\u00f3n de competir, de tener la ambici\u00f3n de estar en un nivel importante en el toreo, es fundamental, y ah\u00ed est\u00e1n los datos.<\/p>\n<p>Si hablamos de esta temporada, ah\u00ed est\u00e1 Madrid, ah\u00ed est\u00e1 Vic-Fezensac, Dax, Mont-de-Marsan, Bayona, luego actuaciones Burgos, actuaciones que he tenido en Espa\u00f1a\u2026 por lo que creo que est\u00e1 siendo una temporada muy importante, condicionada en ciertos momentos por la espada, pero creo que s\u00ed puedo decir que es un momento importante de mi carrera.\u00a0<\/p>\n<p><strong>Matar seis toros es una responsabilidad muy grande. Vienes de hacerlo hace relativamente poco en Vic-Fezensac. \u00bfC\u00f3mo se afronta y c\u00f3mo se vuelve a mentalizar uno para volver a hacerlo?\u00a0<\/strong><\/p>\n<p>Pues me fue una tarde muy importante una plaza de primera de Francia donde sale todo muy serio, donde el aficionado que va es un aficionado muy exigente, muy torista; y yo creo que desde el principio hasta el final tuve una entrega sin l\u00edmites.\u00a0<\/p>\n<p>Creo que adem\u00e1s le di respeto a esa afici\u00f3n que iba a ver ese tipo de espect\u00e1culo del toro. Creo que con cada toro supe ver las condiciones que ten\u00eda e imponerme al toro dif\u00edcil, y explayarme con el toro importante. Creo que la gente tambi\u00e9n me transmiti\u00f3 mucha entrega. Eso es motivo para m\u00ed tambi\u00e9n de satisfacci\u00f3n, de orgullo, porque el sentir que la afici\u00f3n te ve con una mirada de respeto y de buen gusto para m\u00ed es primordial y es lo que he luchado; por lo que he luchado durante mucho tiempo. Esta corrida es similar en muchas cosas&#8230; y diferente en otras.<\/p>\n<p>Similar en que es una corrida de toros de un tono torista en una plaza que es una joya. Cambia mucho el car\u00e1cter tambi\u00e9n del aficionado porque es m\u00e1s variado. Vendr\u00e1 mucha gente a ver el toro, pero tambi\u00e9n va a venir mucha gente a ver torear bien. Y creo que no es discordante. Adem\u00e1s creo que es un punto de equilibrio en el que todos los factores, la plaza, la gente, la corrida y el torero, creo que se dan para que eso pueda fluir con buen aire.<\/p>\n<p><strong>\u00bfCuando sue\u00f1as la tarde en tu cabeza, \u00bfqu\u00e9 visualizas para cuando llegues al hotel despu\u00e9s de torear?<\/strong><\/p>\n<p>Lo que deseo es, por supuesto, triunfar de una forma rotunda. Pero tambi\u00e9n mostrarme desde el primer momento hasta el \u00faltimo con mucha entrega y con mucha claridad de ideas para ir evolucionando en lo que vaya mostrando los toros y la tarde. Sobre todo, entrega con mucha frescura para que cuando mate el \u00faltimo toro, pues que la gente tenga en su memoria para toda la vida y, principalmente yo tambi\u00e9n, esa tarde como algo ic\u00f3nico.\u00a0<\/p>\n<p><strong>Las cuadrillas tambi\u00e9n es algo importante, son los que te van a acompa\u00f1ar. Supongo que habr\u00e1 una mezcla entre los habituales y gente de tu m\u00e1xima confianza.\u00a0<\/strong><\/p>\n<p>S\u00ed, va a ser gente muy relacionada con lo que est\u00e1 siendo esta etapa. Van a venir nombres de mucha categor\u00eda, de mucha altura.\u00a0<\/p>\n<p>Entre ellos, estar\u00e1n toreros de plata de Talavera como como Sergio Blasco y Fernando S\u00e1nchez. Por supuesto mi cuadrilla habitual como es Jos\u00e9 Luis Trivi\u00f1o, Iv\u00e1n Garc\u00eda y Pascual Mellinas y los picadores Manolo Sayago y H\u00e9ctor Pi\u00f1a, luego un gui\u00f1o a Francia con toreros como Mathieu Guillon\u2026 un poco dando sentido a lo que est\u00e1 siendo mi \u00a0presente.<\/p>\n<p><strong>Quiz\u00e1 la primera impresi\u00f3n de los aficionados ser\u00e1 el vestido. No s\u00e9 si tienes pensado alg\u00fan vestido especial, alguno de estreno, quiz\u00e1 usar alg\u00fan vestido con alg\u00fan significado especial&#8230;<\/strong>\u00a0<\/p>\n<p>S\u00ed, va a ser un vestido muy especial. Haciendo tambi\u00e9n homenaje a esta ciudad, si te soy sincero, a estas alturas (a fecha de la entrevista, domingo 14 de septiembre), no s\u00e9 nada de \u00e9l, porque lo est\u00e1n haciendo a escondidas m\u00edas. Lo est\u00e1 confeccionando el sastre Pedro Escolar junto con mi mujer. Yo lo \u00fanico que les dije que quer\u00eda estrenar un vestido, y que quer\u00eda hacer un homenaje a Talavera de la Reina. Hasta la prueba no lo ver\u00e9. S\u00e9 que va a ser algo muy especial y muy bonito. Me hace mucha ilusi\u00f3n tambi\u00e9n. Cierras el c\u00edrculo, por decirlo de alguna manera, 20 a\u00f1os de alternativa, Talavera y un gesto a la ciudad y a la afici\u00f3n.<\/p>\n<p><strong>Si le tuvieras que decir ahora a este morenito de Aranda de 2025, a ese ni\u00f1o que empezaba a querer ser torero, \u00bfqu\u00e9 le dir\u00edas o qu\u00e9 consejo le dar\u00edas?\u00a0<\/strong><\/p>\n<p>Pues mira&#8230; Yo me siento muy orgulloso de lo que soy, de lo que he hecho como torero. En muchos momentos a lo mejor gente de mi entorno me dice que si hubieras hecho esto, si hubieras hecho lo otro\u2026\u00a0<\/p>\n<p>He cometido muchos errores. M\u00edos como torero y luego en dirigir mi carrera. Pero de todos ellos he aprendido. No me arrepiento de nada, de nada, de nada. Estoy s\u00faper orgulloso de lo que he hecho. Y tambi\u00e9n lo que te digo, de los errores que he cometido, he aprendido mucho y me han servido para ser lo que soy ahora.<\/p>\n<p>Con 20 a\u00f1os de alternativa, sobre todo tener la ilusi\u00f3n que tengo, que es casi mayor a la que empezaba, a la que ten\u00eda cuando empezaba a querer ser torero.<\/p>\n<p>Pero lo que s\u00ed le dir\u00eda a ese chaval que empezaba, que lo ten\u00eda ya, es el amor, la devoci\u00f3n, el darlo todo por lo que quiere ser. Ese ni\u00f1o me responder\u00eda seguro, porque es que lo he tenido muy presente.<\/p>\n<p>Lo he dado todo por el toreo, y es de las cosas que m\u00e1s orgulloso estoy. He renunciado a muchas otras por el toreo, pero indudablemente eso es lo mejor que he podido ser, lo mejor que me ha podido pasar en la vida es ser toreo.\u00a0<\/p>\n<p><strong>Y si volvieras a nacer, \u00bfvolvieras a intentarlo?<\/strong><\/p>\n<p>Sin duda.<\/p>\n","protected":false},"excerpt":{"rendered":"Jes\u00fas Mart\u00ednez Barrios (Aranda de Duero, 1985), descuenta las horas para realizar un gesto-gesta en la plaza de&hellip;\n","protected":false},"author":2,"featured_media":122436,"comment_status":"","ping_status":"","sticky":false,"template":"","format":"standard","meta":{"footnotes":""},"categories":[277],"tags":[28781,3592,373,623,26670,3590,168,5888,25,24,317,1949,205,40247,40245,4582,40246,23,167,20825,625,374,444],"class_list":{"0":"post-122435","1":"post","2":"type-post","3":"status-publish","4":"format-standard","5":"has-post-thumbnail","7":"category-toreo","8":"tag-anover-de-tajo","9":"tag-aranda-de-duero","10":"tag-bullfighting","11":"tag-burgos","12":"tag-candeleda","13":"tag-castilla-y-leon","14":"tag-deportes","15":"tag-el-espinar","16":"tag-es","17":"tag-espana","18":"tag-francia","19":"tag-ganaderia","20":"tag-madrid","21":"tag-navalcan","22":"tag-oropesa","23":"tag-pascual","24":"tag-primera-comunion","25":"tag-spain","26":"tag-sports","27":"tag-talavera-de-la-reina","28":"tag-tauromaquia","29":"tag-toreo","30":"tag-toros"},"share_on_mastodon":{"url":"","error":""},"_links":{"self":[{"href":"https:\/\/www.europesays.com\/es\/wp-json\/wp\/v2\/posts\/122435","targetHints":{"allow":["GET"]}}],"collection":[{"href":"https:\/\/www.europesays.com\/es\/wp-json\/wp\/v2\/posts"}],"about":[{"href":"https:\/\/www.europesays.com\/es\/wp-json\/wp\/v2\/types\/post"}],"author":[{"embeddable":true,"href":"https:\/\/www.europesays.com\/es\/wp-json\/wp\/v2\/users\/2"}],"replies":[{"embeddable":true,"href":"https:\/\/www.europesays.com\/es\/wp-json\/wp\/v2\/comments?post=122435"}],"version-history":[{"count":0,"href":"https:\/\/www.europesays.com\/es\/wp-json\/wp\/v2\/posts\/122435\/revisions"}],"wp:featuredmedia":[{"embeddable":true,"href":"https:\/\/www.europesays.com\/es\/wp-json\/wp\/v2\/media\/122436"}],"wp:attachment":[{"href":"https:\/\/www.europesays.com\/es\/wp-json\/wp\/v2\/media?parent=122435"}],"wp:term":[{"taxonomy":"category","embeddable":true,"href":"https:\/\/www.europesays.com\/es\/wp-json\/wp\/v2\/categories?post=122435"},{"taxonomy":"post_tag","embeddable":true,"href":"https:\/\/www.europesays.com\/es\/wp-json\/wp\/v2\/tags?post=122435"}],"curies":[{"name":"wp","href":"https:\/\/api.w.org\/{rel}","templated":true}]}}