{"id":122439,"date":"2025-09-18T06:15:14","date_gmt":"2025-09-18T06:15:14","guid":{"rendered":"https:\/\/www.europesays.com\/es\/122439\/"},"modified":"2025-09-18T06:15:14","modified_gmt":"2025-09-18T06:15:14","slug":"el-uae-completa-en-la-vuelta-el-pleno-de-podios-en-las-tres-grandes","status":"publish","type":"post","link":"https:\/\/www.europesays.com\/es\/122439\/","title":{"rendered":"El UAE completa en La Vuelta el pleno de podios en las tres grandes"},"content":{"rendered":"<p class=\"\">Hace solo dos a\u00f1os desde que el equipo <b>Visma, <\/b>por aquel entonces llamado Jumbo, firm\u00f3 una temporada irrepetible en la historia del ciclismo: <b>podio en las tres grandes vueltas, con tres ciclistas diferentes <\/b>y el t\u00edtulo de campe\u00f3n en todas ellas. Un hito culminado en La Vuelta con un resultado sin precedentes: Kuss (campe\u00f3n), Vingegaard (2\u00ba) y Roglic (3\u00ba), tres corredores del mismo equipo, en el podio final de Madrid.<\/p>\n<p class=\"\">El pasado domingo, a la conclusi\u00f3n de La Vuelta, el conjunto UAE se uni\u00f3 a la lista de equipos con podios en las tres grandes en un mismo a\u00f1o, como hiciera la escuadra holandesa. O casi\u2026 Porque solo <a href=\"https:\/\/as.com\/ciclismo\/tour_francia\/pogacar-gana-el-tour-mas-rapido-de-la-historia-n\/\" target=\"_self\" rel=\"nofollow noopener\" title=\"https:\/\/as.com\/ciclismo\/tour_francia\/pogacar-gana-el-tour-mas-rapido-de-la-historia-n\/\"><b>Tadej Pogacar les dio el triunfo en el Tour,<\/b><\/a> mientras que en 2023 el Visma monopoliz\u00f3 lo m\u00e1s alto del caj\u00f3n con <b>Roglic <\/b>(Giro), <b>Vingegaard <\/b>(Tour) y <b>Kuss <\/b>(Vuelta). <\/p>\n<p class=\"\">Esta temporada, entre medias del \u00e9xito de Pogacar en la Grande Boucle, Isaac del Toro puso la primera piedra en el camino son su subcampeonato en el Giro de Italia, mismo resultado en La Vuelta para un <a href=\"https:\/\/as.com\/ciclismo\/almeida-trabajar-para-pogacar-es-algo-natural-n\/\" target=\"_self\" rel=\"nofollow noopener\" title=\"https:\/\/as.com\/ciclismo\/almeida-trabajar-para-pogacar-es-algo-natural-n\/\"><b>Jo\u00e3o Almeida que mejor\u00f3 su techo personal<\/b><\/a> (era 3\u00ba en el Giro de 2023) en una ronda de tres semanas con su primer caj\u00f3n en la ronda espa\u00f1ola. No obstante, y a pesar del evidente paso adelante que han dado los emirat\u00edes en lo colectivo en 2025, solo surge la figura de <b>Pogacar cuando se trata de rematar: el esloveno ha ganado todas las grandes que tiene el UAE<\/b> (4 Tours y un Giro).<\/p>\n<p>A por el r\u00e9cord<\/p>\n<p class=\"\">Lo que nadie le va a quitar al equipo de los Emiratos \u00c1rabes es el nuevo r\u00e9cord de victorias en una temporada, despu\u00e9s de que igualasen en el reciente <a href=\"https:\/\/as.com\/ciclismo\/mas_ciclismo\/pogacar-cede-el-triunfo-a-mcnulty-en-montreal-y-el-uae-suma-85-n\/\" target=\"_self\" rel=\"nofollow noopener\" title=\"https:\/\/as.com\/ciclismo\/mas_ciclismo\/pogacar-cede-el-triunfo-a-mcnulty-en-montreal-y-el-uae-suma-85-n\/\"><b>GP de Montreal las 85 que ten\u00eda anteriormente en su poder el HTC Columbia<\/b><\/a> en el curso 2009. Lo m\u00e1s probable es que no haya que esperar a agotar su \u00faltima opci\u00f3n de triunfo, a su vez la m\u00e1s clara, que ser\u00eda con Pogacar en el Giro de Lombard\u00eda (11 de octubre), puesto que esta misma semana tendr\u00e1n altas probabilidades de que caiga el r\u00e9cord con el<b> Tour de Luxemburgo<\/b> (tendr\u00e1n a McNulty y Narv\u00e1ez) y el<b> GP de Valonia<\/b> de este mismo mi\u00e9rcoles.<\/p>\n<p>Noticias relacionadas<\/p>\n<p class=\"\"><b>\u00a1Tus opiniones importan!<\/b> Comenta en los art\u00edculos y suscr\u00edbete gratis a nuestra <a href=\"https:\/\/asfan.as.com\/newsletters\/\" target=\"_blank\" rel=\"nofollow noopener\" title=\"https:\/\/asfan.as.com\/newsletters\/\">newsletter<\/a> y a las alertas informativas en la <a href=\"https:\/\/as.com\/aplicacion-de-as-n\/\" target=\"_blank\" rel=\"nofollow noopener\" title=\"https:\/\/as.com\/aplicacion-de-as-n\/\">App<\/a> o el canal de <a href=\"https:\/\/www.whatsapp.com\/channel\/0029VaAasdA7j6g745nz9M10\" target=\"_blank\" rel=\"nofollow noopener\" title=\"https:\/\/www.whatsapp.com\/channel\/0029VaAasdA7j6g745nz9M10\">WhatsApp<\/a>.<\/p>\n<p class=\"\">\u00bfBuscas licenciar contenido? Haz clic <a href=\"https:\/\/profesional.elpais.com\/soluciones-sindicacion?utm_medium=interno&amp;utm_source=crosslinking&amp;utm_campaign=sindicacion_as_pie_articulos\" target=\"_blank\" rel=\"nofollow noopener\" title=\"https:\/\/profesional.elpais.com\/soluciones-sindicacion?utm_medium=interno&amp;utm_source=crosslinking&amp;utm_campaign=sindicacion_as_pie_articulos\">aqu\u00ed<\/a><\/p>\n","protected":false},"excerpt":{"rendered":"Hace solo dos a\u00f1os desde que el equipo Visma, por aquel entonces llamado Jumbo, firm\u00f3 una temporada irrepetible&hellip;\n","protected":false},"author":2,"featured_media":122440,"comment_status":"","ping_status":"","sticky":false,"template":"","format":"standard","meta":{"footnotes":""},"categories":[273],"tags":[313,312,168,25,24,23,167],"class_list":{"0":"post-122439","1":"post","2":"type-post","3":"status-publish","4":"format-standard","5":"has-post-thumbnail","7":"category-ciclismo","8":"tag-ciclismo","9":"tag-cycling","10":"tag-deportes","11":"tag-es","12":"tag-espana","13":"tag-spain","14":"tag-sports"},"share_on_mastodon":{"url":"","error":""},"_links":{"self":[{"href":"https:\/\/www.europesays.com\/es\/wp-json\/wp\/v2\/posts\/122439","targetHints":{"allow":["GET"]}}],"collection":[{"href":"https:\/\/www.europesays.com\/es\/wp-json\/wp\/v2\/posts"}],"about":[{"href":"https:\/\/www.europesays.com\/es\/wp-json\/wp\/v2\/types\/post"}],"author":[{"embeddable":true,"href":"https:\/\/www.europesays.com\/es\/wp-json\/wp\/v2\/users\/2"}],"replies":[{"embeddable":true,"href":"https:\/\/www.europesays.com\/es\/wp-json\/wp\/v2\/comments?post=122439"}],"version-history":[{"count":0,"href":"https:\/\/www.europesays.com\/es\/wp-json\/wp\/v2\/posts\/122439\/revisions"}],"wp:featuredmedia":[{"embeddable":true,"href":"https:\/\/www.europesays.com\/es\/wp-json\/wp\/v2\/media\/122440"}],"wp:attachment":[{"href":"https:\/\/www.europesays.com\/es\/wp-json\/wp\/v2\/media?parent=122439"}],"wp:term":[{"taxonomy":"category","embeddable":true,"href":"https:\/\/www.europesays.com\/es\/wp-json\/wp\/v2\/categories?post=122439"},{"taxonomy":"post_tag","embeddable":true,"href":"https:\/\/www.europesays.com\/es\/wp-json\/wp\/v2\/tags?post=122439"}],"curies":[{"name":"wp","href":"https:\/\/api.w.org\/{rel}","templated":true}]}}