{"id":122443,"date":"2025-09-18T06:17:07","date_gmt":"2025-09-18T06:17:07","guid":{"rendered":"https:\/\/www.europesays.com\/es\/122443\/"},"modified":"2025-09-18T06:17:07","modified_gmt":"2025-09-18T06:17:07","slug":"ike-iroegbu-y-hind-ben-abdelkader-ya-se-entrenan-con-el-valencia-basket","status":"publish","type":"post","link":"https:\/\/www.europesays.com\/es\/122443\/","title":{"rendered":"Ike Iroegbu y Hind Ben Abdelkader ya se entrenan con el Valencia Basket"},"content":{"rendered":"<p class=\"ft-text ft-helper-align-justify\">En los \u00faltimos d\u00edas la familia taronja ha crecido con dos nuevas incorporaciones, dos fichajes, en principio temporales que reforzar\u00e1n tanto al primer equipo masculino del <a class=\"ft-link ft-link--decoration\" href=\"https:\/\/www.valenciabasket.com\/\" rel=\"nofollow noopener\" target=\"_blank\">Valencia Basket<\/a> como al femenino en este inicio de temporada.<a class=\"ft-link ft-link--decoration\" href=\"https:\/\/www.superdeporte.es\/valencia-basket\/2025\/09\/14\/fichaje-temporal-valencia-basket-primer-equipo-masculino-121557960.html\" rel=\"nofollow noopener\" target=\"_blank\"><strong> Ike Iroegbu (1,88m, Sacramento (California)<\/strong><\/a><strong>, 14\/03\/1995, 30 a\u00f1os) ya est\u00e1 entrenando con el equipo de Pedro Mart\u00ednez mientras <\/strong><a class=\"ft-link ft-link--decoration\" href=\"https:\/\/www.superdeporte.es\/valencia-basket\/2025\/09\/14\/hind-ben-abdelkader-nuevo-fichaje-valencia-basket-femenino-121564163.html\" rel=\"nofollow noopener\" target=\"_blank\"><strong>la base\/escolta Hind Ben Abdelkader<\/strong><\/a><strong> (30 a\u00f1os, B\u00e9lgica, 1.72m) tambi\u00e9n se ha incorporado al trabajo con la plantilla de Rub\u00e9n Burgos.<\/strong><\/p>\n<p>Ike Iroegbu llega para un mes<\/p>\n<p class=\"ft-text ft-helper-align-justify\"><strong>Ike Iroegbu, con pasaporte nigeriano ha sido fichado por un mes para suplir las ausencias por lesi\u00f3n<\/strong> de <a class=\"ft-link ft-link--decoration\" href=\"https:\/\/www.superdeporte.es\/valencia-basket\/2025\/09\/11\/montero-pasa-quirofano-lesion-peligra-supercopa-121482882.html\" rel=\"nofollow noopener\" target=\"_blank\">Jean Montero, Brancou Badio y Xabi L\u00f3pez-Arostegui <\/a>que no podr\u00e1n jugar el pr\u00f3ximo fin de semana,<strong> 27 y 28 de septiembre, la <\/strong><a class=\"ft-link ft-link--decoration\" href=\"https:\/\/www.superdeporte.es\/tags\/supercopa\/\" rel=\"nofollow noopener\" target=\"_blank\">Supercopa <\/a>que se celebra en M\u00e1laga. Adem\u00e1s, tambi\u00e9n est\u00e1n lesionados los interiores Ethan Happ, que a\u00fan no se ha incorporado a la pretemporada, Nate Sestina y Nate Reuvers.<\/p>\n<p class=\"ft-text ft-helper-align-justify\"><strong>Iroegbu<\/strong>, que tiene 30 a\u00f1os y mide 188 cent\u00edmetros, ha jugado las \u00faltimas dos campa\u00f1as en la Liga Endesa con el Girona y en sus 65 encuentros en la Liga Endesa ha promediado 14 puntos, dos rebotes y tres asistencias.<\/p>\n<p class=\"ft-text ft-helper-align-justify\"><a class=\"ft-link ft-link--decoration\" href=\"https:\/\/www.superdeporte.es\/tags\/pedro-martinez\/\" rel=\"nofollow noopener\" target=\"_blank\">El t\u00e9cnico Pedro Mart\u00ednez<\/a> tiene de momento a su disposici\u00f3n a Iroegbu, Sergio De Larrea, Isaac Nogu\u00e9s, Omari Moore, Darius Thompson, Josep Puerto, Kameron Taylor,Jaime Pradilla, Matt Costello, Neal Sako y Yankuba Sima.<\/p>\n<p class=\"ft-text ft-helper-align-justify\">Ike Iroegbu <a class=\"ft-link ft-link--decoration\" href=\"https:\/\/www.superdeporte.es\/valencia-basket\/2025\/07\/24\/valencia-basket-participara-prestigioso-torneo-eraniego-encestarias-120023501.html\" rel=\"nofollow noopener\" target=\"_blank\">debutar\u00e1 este fin de semana con el Valencia Basket en Galicia en el torneo EncestaR\u00edas<\/a> en el que se medir\u00e1 al Baskonia y al Real Madrid o al Breog\u00e1n y de los lesionados el \u00fanico que tiene opci\u00f3n de viajar con el equipo es Sestina.<\/p>\n<p>Ben Addelkader podr\u00e1 debutar en Paterna<\/p>\n<p class=\"ft-text ft-helper-align-justify\">Por su parte, la belga <strong>Hind Ben Abdelkader <\/strong>tiene contrato hasta final de noviembre y viene de jugar la pasada temporada en China con las Shanxi Flame, con una tarjeta de 7,3 puntos y 1,6 asistencia. <a class=\"ft-link ft-link--decoration\" href=\"https:\/\/www.superdeporte.es\/valencia-basket\/2025\/09\/17\/valencia-basket-juega-ultimo-amistoso-paterna-121667803.html\" rel=\"nofollow noopener\" target=\"_blank\">La nueva jugadora taronja debutar\u00e1 con el Valencia Basket el pr\u00f3ximo domingo en Paterna <\/a>en el partido que enfrentar\u00e1 a las de Rub\u00e9n Burgos con el Movistar Estudiantes y que pondr\u00e1 fin a la pretemporada.<\/p>\n","protected":false},"excerpt":{"rendered":"En los \u00faltimos d\u00edas la familia taronja ha crecido con dos nuevas incorporaciones, dos fichajes, en principio temporales&hellip;\n","protected":false},"author":2,"featured_media":122444,"comment_status":"","ping_status":"","sticky":false,"template":"","format":"standard","meta":{"footnotes":""},"categories":[269],"tags":[38938,299,298,15811,168,3735,25,24,33647,40248,40249,27883,12326,961,17893,23,167,2916],"class_list":{"0":"post-122443","1":"post","2":"type-post","3":"status-publish","4":"format-standard","5":"has-post-thumbnail","7":"category-baloncesto","8":"tag-abdelkader","9":"tag-baloncesto","10":"tag-basketball","11":"tag-ben","12":"tag-deportes","13":"tag-entrenamientos","14":"tag-es","15":"tag-espana","16":"tag-hind","17":"tag-ike","18":"tag-iroegbu","19":"tag-omari-moore","20":"tag-pedro-martinez","21":"tag-pretemporada","22":"tag-ruben-burgos","23":"tag-spain","24":"tag-sports","25":"tag-valencia-basket"},"share_on_mastodon":{"url":"","error":""},"_links":{"self":[{"href":"https:\/\/www.europesays.com\/es\/wp-json\/wp\/v2\/posts\/122443","targetHints":{"allow":["GET"]}}],"collection":[{"href":"https:\/\/www.europesays.com\/es\/wp-json\/wp\/v2\/posts"}],"about":[{"href":"https:\/\/www.europesays.com\/es\/wp-json\/wp\/v2\/types\/post"}],"author":[{"embeddable":true,"href":"https:\/\/www.europesays.com\/es\/wp-json\/wp\/v2\/users\/2"}],"replies":[{"embeddable":true,"href":"https:\/\/www.europesays.com\/es\/wp-json\/wp\/v2\/comments?post=122443"}],"version-history":[{"count":0,"href":"https:\/\/www.europesays.com\/es\/wp-json\/wp\/v2\/posts\/122443\/revisions"}],"wp:featuredmedia":[{"embeddable":true,"href":"https:\/\/www.europesays.com\/es\/wp-json\/wp\/v2\/media\/122444"}],"wp:attachment":[{"href":"https:\/\/www.europesays.com\/es\/wp-json\/wp\/v2\/media?parent=122443"}],"wp:term":[{"taxonomy":"category","embeddable":true,"href":"https:\/\/www.europesays.com\/es\/wp-json\/wp\/v2\/categories?post=122443"},{"taxonomy":"post_tag","embeddable":true,"href":"https:\/\/www.europesays.com\/es\/wp-json\/wp\/v2\/tags?post=122443"}],"curies":[{"name":"wp","href":"https:\/\/api.w.org\/{rel}","templated":true}]}}