{"id":122449,"date":"2025-09-18T06:22:09","date_gmt":"2025-09-18T06:22:09","guid":{"rendered":"https:\/\/www.europesays.com\/es\/122449\/"},"modified":"2025-09-18T06:22:09","modified_gmt":"2025-09-18T06:22:09","slug":"jimmy-kimmel-el-buen-tipo-al-que-la-administracion-trump-fulmino-tras-dos-decadas-de-humor-blanco-entretenimiento-en-estados-unidos","status":"publish","type":"post","link":"https:\/\/www.europesays.com\/es\/122449\/","title":{"rendered":"Jimmy Kimmel, el \u201cbuen tipo\u201d al que la Administraci\u00f3n Trump fulmin\u00f3 tras dos d\u00e9cadas de humor blanco | Entretenimiento en Estados Unidos"},"content":{"rendered":"<p class=\"\">Las amenazas estaban sobre la mesa. Pero eran eso, amenazas. Codazos entre los jefazos de la clase. No les gustaba Jimmy Kimmel, un tipo sencillo, gracioso, un cl\u00e1sico m\u00e1s conocido dentro de Estados Unidos que fuera, donde todos le confunden con su tocayo Jimmy Fallon. Trump lo dijo hace meses: \u201cSe ir\u00e1n\u201d. Hablaba de los dos. \u201cEs muy bueno verlos irse, y espero haber tenido un papel importante en ello\u201d, escrib\u00eda en su red social. <a href=\"https:\/\/elpais.com\/television\/2025-07-20\/stephen-colbert-el-comico-antitrumpista-cuyo-despido-supone-el-fin-de-una-era-en-television.html\" target=\"_self\" rel=\"nofollow noopener\" title=\"https:\/\/elpais.com\/television\/2025-07-20\/stephen-colbert-el-comico-antitrumpista-cuyo-despido-supone-el-fin-de-una-era-en-television.html\">Cuando cay\u00f3 Stephen Colbert, en julio<\/a>, Trump tambi\u00e9n fue r\u00e1pido con la tecla, y apunt\u00f3 a su siguiente enemigo: \u201cCreo que el siguiente es Jimmy Kimmel. \u00a1Es a\u00fan menos talentoso que Colbert!\u201c. <\/p>\n<p class=\"\">En la ma\u00f1ana del mi\u00e9rcoles, el presidente de la Comisi\u00f3n Federal de Comunicaciones (FCC), Brendan Carr, cristaliz\u00f3 la advertencia y pidi\u00f3 su despido. \u201dPodemos hacerlo a la manera f\u00e1cil o a la dif\u00edcil\u201d, afirm\u00f3, con modales de mat\u00f3n. \u201cEstas empresas pueden encontrar c\u00f3mo cambiar la conducta y tomar medidas sobre Kimmel, francamente, o la FCC tendr\u00e1 trabajo por delante\u201d. A la manera f\u00e1cil o a la dif\u00edcil, lo que est\u00e1 claro es que las amenazas se han cumplido. <a href=\"https:\/\/elpais.com\/internacional\/2025-09-17\/abc-suspende-indefinidamente-el-programa-de-jimmy-kimmel-por-un-comentario-del-comico-sobre-charlie-kirk.html\" target=\"_self\" rel=\"nofollow noopener\" title=\"https:\/\/elpais.com\/internacional\/2025-09-17\/abc-suspende-indefinidamente-el-programa-de-jimmy-kimmel-por-un-comentario-del-comico-sobre-charlie-kirk.html\">Kimmel ha ca\u00eddo.<\/a><\/p>\n<p class=\"\">Pero \u00bfqu\u00e9 tiene Jimmy Kimmel para generar tanta animadversi\u00f3n del lado republicano? Sin duda, su comentario <a href=\"https:\/\/elpais.com\/us\/2025-09-16\/charlie-kirk-el-simbolo-cristiano-del-trumpismo.html\" target=\"_self\" rel=\"nofollow noopener\" title=\"https:\/\/elpais.com\/us\/2025-09-16\/charlie-kirk-el-simbolo-cristiano-del-trumpismo.html\">sobre el asesino de Charlie Kirk<\/a> (\u201cHemos tocado fondo durante el fin de semana con la pandilla MAGA [de las siglas Make America Great Again, volvamos a hacer grande a EE UU] intentando caracterizar a este chico que mat\u00f3 a Charlie Kirk como algo distinto a uno de ellos\u201d) ha colmado el vaso de la escasa paciencia republicana y ha sido la excusa perfecta para su deseada salida por parte del presidente. <\/p>\n<p>M\u00e1s informaci\u00f3n<\/p>\n<p class=\"\">Pero, en realidad, m\u00e1s all\u00e1 de su propio talento, Kimmel tampoco tiene nada demasiado especial, m\u00e1s que la capacidad de usar su propia voz, esa tan ensalzada en la primera enmienda. Neoyorquino de 57 a\u00f1os, criado a caballo entre Brooklyn y Las Vegas, no tiene la mente enciclop\u00e9dica y sagaz de Colbert (que puede recitar de memoria El se\u00f1or de los anillos) ni la popularidad arrolladora de Fallon (convertido en una estrella a veces m\u00e1s grande de las que entrevista y con las que canta y baila a la par). Sin embargo, es, o era, parte de los comentadores nocturnos que <a href=\"https:\/\/elpais.com\/opinion\/2025-08-16\/el-late-night-americano-especie-amenazada.html\" target=\"_self\" rel=\"nofollow noopener\" title=\"https:\/\/elpais.com\/opinion\/2025-08-16\/el-late-night-americano-especie-amenazada.html\">daban continuidad a la tradici\u00f3n del late night<\/a>, el show que sigue a la programaci\u00f3n estrella, donde se entrevista, se charla, se bromea y, s\u00ed, se critica al poder. Y eso, hoy d\u00eda, est\u00e1 penado. A \u00e9l le ha pasado la factura m\u00e1s cara, la de la suspensi\u00f3n de su programa. Y eso que nunca quiso hacerlo.<\/p>\n<p class=\"\">Kimmel nunca se esforz\u00f3 por hacer carrera en televisi\u00f3n. La rechaz\u00f3. Nadie de los suyos se dedicaba a ello, eran una familia normal. De ascendencia materna italiana (hace unas semanas <a href=\"https:\/\/elpais.com\/gente\/2025-08-13\/jimmy-kimmel-obtiene-la-nacionalidad-italiana-en-rechazo-a-dondald-trump-lo-que-esta-pasando-es-tan-malo-como-imaginaba.html\" target=\"_self\" rel=\"nofollow noopener\" title=\"https:\/\/elpais.com\/gente\/2025-08-13\/jimmy-kimmel-obtiene-la-nacionalidad-italiana-en-rechazo-a-dondald-trump-lo-que-esta-pasando-es-tan-malo-como-imaginaba.html\">logr\u00f3 la nacionalidad, preocupado por el nuevo gobierno estadounidense<\/a>) y paterna alemana, se crio en buena parte en la iglesia, siendo monaguillo. \u00c9l era un chico de radio, apasionado del micr\u00f3fono desde el instituto, luego en la universidad (estudio en la Estatal de Arizona, una de las m\u00e1s innovadoras de EE UU) y m\u00e1s tarde de manera profesional. Recorri\u00f3 medio pa\u00eds, de Phoenix y Tucson en Arizona a Seattle, Tampa y Palm Springs, hasta dar con un puesto fijo como en una popular estaci\u00f3n de Los \u00c1ngeles, KROQ. <\/p>\n<p><img alt=\"El presentador y competidor de Jimmy Kimmel, Stephen Colbert, en una visita a 'Jimmi Kimmel Live!' en 2017.\" decoding=\"auto\" class=\"_re lazyload a_m-h\" height=\"276\"  width=\"414\"  src=\"https:\/\/www.europesays.com\/es\/wp-content\/uploads\/2025\/09\/7TJPTH766FDQVIQTYY43QHQHRE.jpg\" loading=\"lazy\"\/>El presentador y competidor de Jimmy Kimmel, Stephen Colbert, en una visita a &#8216;Jimmi Kimmel Live!&#8217; en 2017.Randy Holmes (Disney General Entertainment Con)<\/p>\n<p class=\"\">Corr\u00eda mediados de los noventa y \u00e9l se convirti\u00f3 en \u201cJimmy, el chico de los deportes\u201d. Inventaba sketches, siempre con el humor por bandera, y buscaba hacerse un hueco, como recordaban sus antiguos compa\u00f1eros en una entrevista hace unos a\u00f1os. \u201cNo dar\u00e1s con alguien que trabaje m\u00e1s que \u00e9l, es genuinamente un buen tipo. Creo que es evidente en su programa. Nadie ha cambiado menos con el \u00e9xito. Todav\u00eda manda tarjetas de agradecimiento\u201d, comentaban en <a href=\"https:\/\/variety.com\/2013\/tv\/news\/kroq-dj-bean-recollects-days-with-jimmy-the-sports-guy-1118065017\/\" target=\"_blank\" rel=\"noreferrer nofollow noopener\" title=\"https:\/\/variety.com\/2013\/tv\/news\/kroq-dj-bean-recollects-days-with-jimmy-the-sports-guy-1118065017\/\">Variety<\/a>. Eso s\u00ed, ah\u00ed conocieron una de sus debilidades: la narcolepsia. \u201cTen\u00eda una curiosa relaci\u00f3n con el sue\u00f1o. Siempre estaba cansado. Tardaba dos meses en acostumbrarse al cambio horario\u201d.<\/p>\n<p class=\"\">Para entonces, era un veintea\u00f1ero que ya ten\u00eda dos hijos, Katie y Kevin, nacidos en 1991 y 1993 junto a su novia de la universidad, Gina Maddy. Tras ser despedido en Tampa y mudarse a California, el trabajo de Los \u00c1ngeles les era m\u00e1s que necesario, urgente. En una entrevista con <a href=\"http:\/\/www.vulture.com\/2017\/10\/jimmy-kimmel-on-healthcare-trump-gun-control.html\" target=\"_blank\" rel=\"noreferrer nofollow noopener\" title=\"http:\/\/www.vulture.com\/2017\/10\/jimmy-kimmel-on-healthcare-trump-gun-control.html\">Vulture <\/a>en 2017 explicaba que iban cortos de dinero, y que trabajaba desde las cuatro de la madrugada, temprano, para tener las tardes libres y no tener que gastar los cinco d\u00f3lares por hora que les costaba mantener a la ni\u00f1a m\u00e1s tiempo en la escuela infantil. <\/p>\n<p class=\"\">Poco a poco empez\u00f3 a complementar los ingresos de la radio con la escritura de guiones para anuncios&#8230; que \u00e9l mismo acababa interpretando. Al final, pese a sus rechazos y negativas a muchos proyectos, se lanz\u00f3 con un programa de humor en Comedy Central en 1997, que le llev\u00f3 a otro, The Man Show, en 1999. Entre medias, se cas\u00f3 con Maddy, en 1998, aunque se divorciar\u00edan cuatro a\u00f1os despu\u00e9s.<\/p>\n<p class=\"\">Finalmente, en 2003 lo dej\u00f3 para arrancar Jimmy Kimmel Live!, que, al menos hasta ahora, ha durado 22 a\u00f1os en antena. No le fue f\u00e1cil hacerse un nombre. <a href=\"https:\/\/elpais.com\/cultura\/2019\/08\/16\/television\/1565971273_042669.html\" target=\"_self\" rel=\"nofollow noopener\" title=\"https:\/\/elpais.com\/cultura\/2019\/08\/16\/television\/1565971273_042669.html\">Al contrario que ahora, el panorama de los programas nocturnos estaba lleno de grandes estrellas<\/a>, y era complicado marcar la diferencia. Lo fue haciendo con sencillez, humor blanco, buenas entrevistas y, como buen italiano, con la presencia de su familia. Sus dos hermanos le son cercanos en su profesi\u00f3n: Frank como director del programa, y Jill como c\u00f3mica en la escena angelina. Adem\u00e1s, su t\u00edo Frank Potenza fue, hasta su muerte en 2011, un cl\u00e1sico en el show, por el que tambi\u00e9n suelen dejarse caer su primo Sal Iacono y su t\u00eda Chippy. Su hijo Kevin tambi\u00e9n es sonidista y asistente de producci\u00f3n.<\/p>\n<p class=\"\">Tras su divorcio y una larga relaci\u00f3n de siete a\u00f1os con<a href=\"https:\/\/verne.elpais.com\/verne\/2018\/01\/07\/articulo\/1515334313_463951.html\" target=\"_self\" rel=\"nofollow noopener\" title=\"https:\/\/verne.elpais.com\/verne\/2018\/01\/07\/articulo\/1515334313_463951.html\"> la tambi\u00e9n c\u00f3mica Sarah Silverman<\/a>, finalmente encontr\u00f3 la estabilidad familiar (y empresarial, gracias a su productora) en Jimmy Kimmel Live!. A finales de 2009 empez\u00f3 a salir con una de las guionistas del programa, Molly McNearney, que en verano de 2013 se convertir\u00eda en su esposa. En 2014 naci\u00f3 su hija Jane y en 2017 el peque\u00f1o, Billy, con un problema card\u00edaco que le ha hecho someterse a tres cirug\u00edas a coraz\u00f3n abierto.<a href=\"https:\/\/elpais.com\/elpais\/2017\/05\/02\/gente\/1493719368_797489.html\" target=\"_self\" rel=\"nofollow noopener\" title=\"https:\/\/elpais.com\/elpais\/2017\/05\/02\/gente\/1493719368_797489.html\"> Kimmel ha hablado abiertamente y con emoci\u00f3n de ello<\/a> en su programa, abogando por la necesidad de una sanidad m\u00e1s asequible para los estadounidenses. <\/p>\n<p class=\"\">De hecho, la sanidad fue una de las primeras piedras de toque de Kimmel ante los republicanos ese 2017, cuando naci\u00f3 su hijo y tambi\u00e9n cuando Trump lleg\u00f3 al poder. Apel\u00f3 al senador Bill Cassidy cuestion\u00e1ndole por qu\u00e9 recortaba m\u00e1s de 243.000 millones del presupuesto sanitario federal. Aquel <a href=\"https:\/\/elpais.com\/cultura\/2017\/02\/27\/actualidad\/1488163872_728601.html\" target=\"_self\" rel=\"nofollow noopener\" title=\"https:\/\/elpais.com\/cultura\/2017\/02\/27\/actualidad\/1488163872_728601.html\">a\u00f1o present\u00f3, adem\u00e1s, los Oscar<\/a>, con menciones a Trump y a los suyos a cuentagotas, y hasta pregunt\u00e1ndole en Twitter al presidente si estaba despierto. Aquello fue<a href=\"https:\/\/elpais.com\/cultura\/2017\/02\/27\/actualidad\/1488173071_570592.html\" target=\"_self\" rel=\"nofollow noopener\" title=\"https:\/\/elpais.com\/cultura\/2017\/02\/27\/actualidad\/1488173071_570592.html\"> el a\u00f1o del caos de La La Land<\/a>, por lo que pas\u00f3 desapercibido y <a href=\"https:\/\/elpais.com\/cultura\/2018\/03\/05\/actualidad\/1520215739_156725.html\" target=\"_self\" rel=\"nofollow noopener\" title=\"https:\/\/elpais.com\/cultura\/2018\/03\/05\/actualidad\/1520215739_156725.html\">repiti\u00f3 tarea en 2018<\/a>, as\u00ed como en 2023 y 2024.<\/p>\n<p><img alt=\"Late Nights\" decoding=\"auto\" class=\"_re lazyload a_m-h\" height=\"233\"  width=\"414\"  src=\"https:\/\/www.europesays.com\/es\/wp-content\/uploads\/2025\/09\/PF2KMDWJEFBVPDVNJJ7LYJQQHA.jpg\" loading=\"lazy\"\/>El presidente Joe Biden charla con Jimmy Kimmel durante la grabaci\u00f3n del programa &#8216;Jimmy Kimmel Live!&#8217;, en junio de 2022 en Los \u00c1ngeles (EE UU).Evan Vucci (AP)<\/p>\n<p class=\"\">Con los a\u00f1os, Kimmel ha sabido ir diferenci\u00e1ndose de sus competidores. Convirti\u00f3 a su fiel Guillermo Rodr\u00edguez, que empez\u00f3 en tareas menores y durmiendo en el aparcamiento del programa, <a href=\"https:\/\/elpais.com\/us\/migracion\/2025-06-26\/guillermo-rodriguez-el-mexicano-que-conquisto-la-television-desde-el-estacionamiento-de-jimmy-kimmel.html\" target=\"_self\" rel=\"nofollow noopener\" title=\"https:\/\/elpais.com\/us\/migracion\/2025-06-26\/guillermo-rodriguez-el-mexicano-que-conquisto-la-television-desde-el-estacionamiento-de-jimmy-kimmel.html\">en una estrella con brillo (y acento) \u00fanico<\/a>. El actor Matt Damon es casi uno m\u00e1s en plantilla: desde que una noche de 2005 se qued\u00f3 a medias entrevist\u00e1ndole y se despidi\u00f3 con un \u201cDesafortunadamente, nos hemos quedado sin tiempo, mis disculpas para Matt Damon\u201d, la frase se ha convertido en <a href=\"https:\/\/elpais.com\/gente\/2023-03-31\/de-como-una-falsa-rencilla-entre-matt-damon-y-jimmy-kimmel-ha-llegado-a-una-peineta-en-la-alfombra-roja-18-anos-despues.html\" target=\"_self\" rel=\"nofollow noopener\" title=\"https:\/\/elpais.com\/gente\/2023-03-31\/de-como-una-falsa-rencilla-entre-matt-damon-y-jimmy-kimmel-ha-llegado-a-una-peineta-en-la-alfombra-roja-18-anos-despues.html\">una coletilla constante en el programa y en un continuo chiste-pelea entre ambos<\/a>. Ha dado voz a estrellas como Diego Luna, hace un par de meses, <a href=\"https:\/\/elpais.com\/us\/migracion\/2025-06-24\/diego-luna-presenta-jimmy-kimmel-live-y-denuncia-la-politica-migratoria-de-trump.html\" target=\"_self\" rel=\"nofollow noopener\" title=\"https:\/\/elpais.com\/us\/migracion\/2025-06-24\/diego-luna-presenta-jimmy-kimmel-live-y-denuncia-la-politica-migratoria-de-trump.html\">para hablar de inmigraci\u00f3n sin tapujos<\/a>: \u201cSiempre me cuesta entender c\u00f3mo alguien como Donald Trump puede alcanzar tanto poder\u201d, afirm\u00f3 Luna. \u201cC\u00f3mo su discurso de odio encuentra eco en un pa\u00eds que se forj\u00f3 en la mezcla, en la hospitalidad\u201d. <\/p>\n<p class=\"\">Tambi\u00e9n ha entrevistado a presidentes, desde Donald Trump en 2007 (cuando era un presentador de realities), a <a href=\"https:\/\/www.youtube.com\/playlist?list=PLs4hTtftqnlAumWHav9AhgNTpefsK3dwW\" target=\"_blank\" rel=\"nofollow noopener\" title=\"https:\/\/www.youtube.com\/playlist?list=PLs4hTtftqnlAumWHav9AhgNTpefsK3dwW\">Barack Obama en 2015<\/a> y <a href=\"https:\/\/elpais.com\/television\/2022-06-09\/biden-en-el-programa-de-jimmy-kimmel-nunca-he-sido-mas-optimista-en-mi-vida.html\" target=\"_self\" rel=\"nofollow noopener\" title=\"https:\/\/elpais.com\/television\/2022-06-09\/biden-en-el-programa-de-jimmy-kimmel-nunca-he-sido-mas-optimista-en-mi-vida.html\">a Joe Biden en 2022,<\/a> en el primer paso del mandatario por un late night show. Y desde la llegada de Trump, en ambos gobiernos, ha sido cr\u00edtico con sus pol\u00edticas. <\/p>\n<p class=\"\">Kimmel, al contrario que sus competidores, tom\u00f3 la decisi\u00f3n de mantenerse en California y grabar en Hollywood, en el Paseo de la Fama. El mi\u00e9rcoles por la tarde se esperaba como invitada a la actriz y escritora<a href=\"https:\/\/www.instagram.com\/p\/DOuYySkCfPB\/\" target=\"_blank\" rel=\"nofollow noopener\" title=\"https:\/\/www.instagram.com\/p\/DOuYySkCfPB\/\"> Wanda Sykes, que cont\u00f3 en su perfil de Instagram<\/a>, completamente maquillada para el programa, que la cancelaci\u00f3n \u201cpor quejas de la administraci\u00f3n de Trump\u201d le pill\u00f3 por sorpresa. \u201cNo ha acabado con la guerra de Ucrania ni con la cuesti\u00f3n de Gaza, pero ha acabado con la libertad de expresi\u00f3n en su primer a\u00f1o\u201d, afirmaba la int\u00e9rprete sobre el presidente. \u201cPara los que rec\u00e9is, es el momento. Te quiero, Jimmy\u201d. Tambi\u00e9n se quedaron decenas plantados, los que esperaban ante su teatro \u2014que tiene su estrella delante, en el c\u00e9lebre Paseo, desde 2013\u2014 para entrar en la grabaci\u00f3n del show. La fila se disolvi\u00f3 con pocas explicaciones. Como contaron algunos asistentes ante las noticias locales, apenas les explicaron que el espect\u00e1culo se cancelaba y que la entrada les servir\u00eda para un a\u00f1o. Habr\u00e1 que esperar para saber si les caduca en el bolsillo.<\/p>\n<p><script async src=\"\/\/www.instagram.com\/embed.js\"><\/script><\/p>\n","protected":false},"excerpt":{"rendered":"Las amenazas estaban sobre la mesa. Pero eran eso, amenazas. Codazos entre los jefazos de la clase. No&hellip;\n","protected":false},"author":2,"featured_media":122450,"comment_status":"","ping_status":"","sticky":false,"template":"","format":"standard","meta":{"footnotes":""},"categories":[171],"tags":[889,146,147,25,24,629,1505,20754,3691,25284,23,15700,807,214],"class_list":{"0":"post-122449","1":"post","2":"type-post","3":"status-publish","4":"format-standard","5":"has-post-thumbnail","7":"category-tv","8":"tag-america","9":"tag-entertainment","10":"tag-entretenimiento","11":"tag-es","12":"tag-espana","13":"tag-estados-unidos","14":"tag-hollywood","15":"tag-jimmy-kimmel","16":"tag-los-angeles","17":"tag-programas-entretenimiento","18":"tag-spain","19":"tag-stephen-colbert","20":"tag-television","21":"tag-tv"},"share_on_mastodon":{"url":"","error":""},"_links":{"self":[{"href":"https:\/\/www.europesays.com\/es\/wp-json\/wp\/v2\/posts\/122449","targetHints":{"allow":["GET"]}}],"collection":[{"href":"https:\/\/www.europesays.com\/es\/wp-json\/wp\/v2\/posts"}],"about":[{"href":"https:\/\/www.europesays.com\/es\/wp-json\/wp\/v2\/types\/post"}],"author":[{"embeddable":true,"href":"https:\/\/www.europesays.com\/es\/wp-json\/wp\/v2\/users\/2"}],"replies":[{"embeddable":true,"href":"https:\/\/www.europesays.com\/es\/wp-json\/wp\/v2\/comments?post=122449"}],"version-history":[{"count":0,"href":"https:\/\/www.europesays.com\/es\/wp-json\/wp\/v2\/posts\/122449\/revisions"}],"wp:featuredmedia":[{"embeddable":true,"href":"https:\/\/www.europesays.com\/es\/wp-json\/wp\/v2\/media\/122450"}],"wp:attachment":[{"href":"https:\/\/www.europesays.com\/es\/wp-json\/wp\/v2\/media?parent=122449"}],"wp:term":[{"taxonomy":"category","embeddable":true,"href":"https:\/\/www.europesays.com\/es\/wp-json\/wp\/v2\/categories?post=122449"},{"taxonomy":"post_tag","embeddable":true,"href":"https:\/\/www.europesays.com\/es\/wp-json\/wp\/v2\/tags?post=122449"}],"curies":[{"name":"wp","href":"https:\/\/api.w.org\/{rel}","templated":true}]}}