{"id":122458,"date":"2025-09-18T06:39:16","date_gmt":"2025-09-18T06:39:16","guid":{"rendered":"https:\/\/www.europesays.com\/es\/122458\/"},"modified":"2025-09-18T06:39:16","modified_gmt":"2025-09-18T06:39:16","slug":"la-otra-cronica-de-calamardo-la-feria-taurina-baja-el-telon","status":"publish","type":"post","link":"https:\/\/www.europesays.com\/es\/122458\/","title":{"rendered":"LA OTRA CR\u00d3NICA DE CALAMARDO | La feria taurina baja el tel\u00f3n"},"content":{"rendered":"<p>Termin\u00f3 la feria taurina de <strong>Albacete<\/strong> con una corrida no exenta de dificultades, a excepci\u00f3n del segundo toro, por salvar alguno. No negar\u00e9 que muchos aficionados lo pasan bien, con la emoci\u00f3n del toro, debe ser que no soy aficionado de ese grupo de exigentes y entendidos porque prefiero divertirme con el buen toreo, el eterno. Como hay gustos para todo, bienvenidos otros encastes y ganader\u00edas: en una feria larga, como la de <strong>Albacete<\/strong>, hay cabida para todo.\u00a0<\/p>\n<p>La tarde comenz\u00f3 con una convocatoria del director de <strong>El Digital de Albacete<\/strong>, <strong>Javier Romero<\/strong>, para reunir a todos los que han trabajado durante la feria, tambi\u00e9n a quienes hemos tenido colaboraciones m\u00e1s puntuales, como es mi caso. Han sido un pu\u00f1ado de profesionales quienes han dado el callo -como siempre- pero durante la feria tiene todav\u00eda m\u00e1s m\u00e9rito. Cuando unos se divierten, otros trabajan.\u00a0<\/p>\n<p><img loading=\"lazy\" decoding=\"async\" width=\"1200\" height=\"1933\" src=\"https:\/\/www.europesays.com\/es\/wp-content\/uploads\/2025\/09\/GENTE-EN-FERIA-MIERCOLES-17-FERIA2025-057-.jpg\" alt=\"\" class=\"wp-image-1071328\"  \/><\/p>\n<p><strong>Julio Mart\u00ednez<\/strong> ha sido la gran novedad y, como he venido diciendo, ha aportado aire fresco. En un momento en que la cr\u00edtica taurina suele estar encorsetada en f\u00f3rmulas a\u00f1ejas y en algunos casos gastadas, surge la pluma de <strong>Julio,<\/strong> fresca como un quite inesperado. Novedad en la forma, en el estilo y tambi\u00e9n en el conocimiento. No se trata de coincidir siempre con quien ejerce un oficio tan dif\u00edcil como la cr\u00edtica taurina: se puede y se debe discrepar. Pero si apetece leerlo, eso ya significa algo. Ah\u00ed est\u00e1 el ejemplo <strong>Joaqu\u00edn Vidal<\/strong>, a qui\u00e9n se le\u00eda en <strong>El Pa\u00eds<\/strong>, incluso entre los antitaurinos.\u00a0<\/p>\n<p>Yo siempre he confesado que me atrae m\u00e1s la entrevista, el reportaje, la noticia; si era posible la primicia\u2026y alguna vez hasta se lograba.\u00a0<\/p>\n<p>Me alegra, por tanto, en el \u00faltimo tercio de vida profesional, poder aportar algo -si es que as\u00ed ha sido- y al menos, disfrutar con todo lo que a uno le gusta.<\/p>\n<p>El rigor y la emoci\u00f3n son, al final, lo que convierte a la cr\u00edtica en algo vivo, con personalidad propia. Si han disfrutado con lo que hemos hecho y les hemos aportado algo, ese era el objetivo marcado.<\/p>\n<p>De la <strong>Puerta de Hierros<\/strong> a la <strong>Plaza<\/strong>, con nuestro reportero <strong>N\u00e9stor Moraira<\/strong> me encontr\u00e9 con el periodista <strong>Miguel Nieto<\/strong>, a quien ya hab\u00eda visto alguna tarde m\u00e1s presenciando festejos. Estuvo acompa\u00f1ado por <strong>Francisco Navarro<\/strong> (director del <strong>Colegio CEDES<\/strong>).<\/p>\n<p><img loading=\"lazy\" decoding=\"async\" width=\"1200\" height=\"800\" src=\"https:\/\/www.europesays.com\/es\/wp-content\/uploads\/2025\/09\/Publico-Feria-taurina-ruben-pinar-david-galvan-gines-marin-Albacete-4362.jpg\" alt=\"\" class=\"wp-image-1071800\"  \/><\/p>\n<p>\u00bfQu\u00e9 puedo decir de un m\u00e9dico como <strong>Paco Naharro<\/strong>? Conocido, querido, buen profesional y buen amigo. Acudi\u00f3 con <strong>Javier Solera<\/strong>, profesor de la <strong>Facultad de Medicina de Albacete<\/strong> y exjefe de servicio de Medicina Interna en el <strong>Hospital General<\/strong>.<\/p>\n<p><img loading=\"lazy\" decoding=\"async\" width=\"1200\" height=\"800\" src=\"https:\/\/www.europesays.com\/es\/wp-content\/uploads\/2025\/09\/Publico-Feria-taurina-ruben-pinar-david-galvan-gines-marin-Albacete-4367.jpg\" alt=\"\" class=\"wp-image-1071802\"  \/><\/p>\n<p>Tambi\u00e9n vi a<strong> Juan Carlos Gonz\u00e1lez<\/strong>, del equipo de trabajo del <strong>alcalde de Albacete<\/strong>. Es de esos colaboradores discretos pero imprescindibles en el d\u00eda a d\u00eda de la gesti\u00f3n municipal. Eficaz, trabajador y comprometido. Siempre que puede acude a la Plaza, como buen aficionado que es.<\/p>\n<p><img loading=\"lazy\" decoding=\"async\" width=\"1200\" height=\"800\" src=\"https:\/\/www.europesays.com\/es\/wp-content\/uploads\/2025\/09\/Publico-Feria-taurina-ruben-pinar-david-galvan-gines-marin-Albacete-4384.jpg\" alt=\"\" class=\"wp-image-1071806\"  \/><\/p>\n<p><strong>Vitalinio Molina<\/strong>, aficionado, seguidor de los toreros de la tierra y cuando es posible no se pierde una tarde de toros, en plazas como <strong>Madrid<\/strong> o <strong>Sevilla<\/strong>. Un buen amigo, que sabe valorar lo que ocurre en el ruedo.\u00a0<\/p>\n<p><img loading=\"lazy\" decoding=\"async\" width=\"1200\" height=\"800\" src=\"https:\/\/www.europesays.com\/es\/wp-content\/uploads\/2025\/09\/Publico-Feria-taurina-ruben-pinar-david-galvan-gines-marin-Albacete-4386.jpg\" alt=\"\" class=\"wp-image-1071807\"  \/><\/p>\n<p>A menudo comento que no me gustan los insultos en las Plazas de Toros. Ni hacia el p\u00fablico, ni hacia los toreros, ni tampoco hacia <strong>Pedro S\u00e1nchez<\/strong>. Los considero una falta de respeto y consideraci\u00f3n, aunque una parte de la ciudadan\u00eda pueda estar en desacuerdo con sus pol\u00edticas.<\/p>\n<p>Rechazo los insultos que se escuchan con demasiada frecuencia y tambi\u00e9n rechazo las manifestaciones violentas que impiden que finalice una etapa de la <strong>Vuelta Ciclista a<\/strong> <strong>Espa\u00f1a<\/strong>. S\u00e9 que desde el <strong>Gobierno<\/strong>, se ha apoyado esa protesta, e incluso algunos medios -como la <strong>cadena SER<\/strong>\u2013 le dieron respaldo. Menos mal que <strong>Pedro Delgado,<\/strong> en <strong>Albacete<\/strong> lo aclar\u00f3 con rotundidad.<\/p>\n<p>Lo repito: no a las manifestaciones violentas con 22 polic\u00edas heridos, no a los insultos a <strong>Pedro S\u00e1nchez<\/strong>, no a la violencia en cualquiera de sus formas. Vivimos un panorama sombr\u00edo, donde seg\u00fan los intereses pol\u00edticos unas actuaciones se aplauden y otras se condenan, aunque sean similares.<\/p>\n<p>Ayer, en <strong>Albacete<\/strong>, en el \u00faltimo toro, cuando <strong>Gin\u00e9s Mar\u00edn<\/strong> se dispon\u00eda a entrar a matar, un espectador dijo en voz alta: \u201cPiensa que es <strong>Pedro S\u00e1nchez<\/strong>\u201d. Mal. Muy mal.\u00a0<\/p>\n<p>En el tendido se encontraba, si no me confund\u00ed, <strong>Pepe V\u00e9lez<\/strong>, quien ha sido el hombre fuerte de <strong>Pedro S\u00e1nchez<\/strong> en <strong>Murcia<\/strong>, creo que candidato, <strong>secretario general del PSOE<\/strong> y alcalde de <strong>Calasparra<\/strong>. Este se\u00f1or alz\u00f3 la voz -molesto- para decir: \u201clos taurinos somos respetuosos con todo el mundo\u201d. Dej\u00f3 todos sus cargos y si no estoy mal informado tiene una causa judicial abierta.\u00a0<\/p>\n<p>En cualquier caso, lo que quiero subrayar es que, en los toros, como en cualquier lugar, sobran este tipo de actitudes. Lo que genere violencia debe ser erradicado de ra\u00edz. Una veintena de polic\u00edas heridos tambi\u00e9n es un hecho violento y si dice la pol\u00edtica <strong>Ione Belarra<\/strong> que la polic\u00eda carg\u00f3 de mala manera, no hace sino seguir alimentando un mal ambiente que no conduce a nada bueno.<\/p>\n<p>Y a prop\u00f3sito: \u00bfqu\u00e9 sucedi\u00f3 en el <strong>Pincho de la feria<\/strong>, el dia que vinieron de <strong>Caudete<\/strong>, con alcalde de <strong>VOX<\/strong> al frente, al stand de la <strong>Diputaci\u00f3n<\/strong>?\u00a0<\/p>\n<p>Otro d\u00eda lo contamos, sin acritud. Al fin y al cabo, tiene gracia y seguramente fue un fallo sin intencionalidad, pensando que aquel era el lugar id\u00f3neo para hacer una buena comida. Confirmar\u00e9 los detalles, pero, al menos a m\u00ed, me arranc\u00f3 una sonrisa.\u00a0<\/p>\n<p>Muy cerca de m\u00ed, en un asiento de rellano, estaba <strong>Casa\u00f1<\/strong>, el que fuera <strong>alcalde<\/strong> con <strong>Ciudadanos<\/strong>, tras el pacto con el <strong>PSOE<\/strong>. Sobre esa etapa ya me he pronunciado alguna vez, y volver\u00e9 a hacerlo. Hoy hab\u00eda pensando en evocar aquella \u00e9poca, no tan lejana, cuando <strong>Sim\u00f3n Casas<\/strong> (<strong>empresario taurino Albacete<\/strong>) lleg\u00f3 de la mano del entonces <strong>alcalde<\/strong> naranja, al que las urnas ya pusieron en su lugar. Han pasado muchas cosas desde entonces, pero no es el momento. Hoy toca otra cosa: es tiempo de balances. Tambi\u00e9n taurinos.\u00a0<\/p>\n<p>\u00c1ngel Calamardo<\/p>\n<p>X: @AFCalamardo<\/p>\n","protected":false},"excerpt":{"rendered":"Termin\u00f3 la feria taurina de Albacete con una corrida no exenta de dificultades, a excepci\u00f3n del segundo toro,&hellip;\n","protected":false},"author":2,"featured_media":122459,"comment_status":"","ping_status":"","sticky":false,"template":"","format":"standard","meta":{"footnotes":""},"categories":[277],"tags":[373,168,25,24,23,167,374],"class_list":{"0":"post-122458","1":"post","2":"type-post","3":"status-publish","4":"format-standard","5":"has-post-thumbnail","7":"category-toreo","8":"tag-bullfighting","9":"tag-deportes","10":"tag-es","11":"tag-espana","12":"tag-spain","13":"tag-sports","14":"tag-toreo"},"share_on_mastodon":{"url":"","error":""},"_links":{"self":[{"href":"https:\/\/www.europesays.com\/es\/wp-json\/wp\/v2\/posts\/122458","targetHints":{"allow":["GET"]}}],"collection":[{"href":"https:\/\/www.europesays.com\/es\/wp-json\/wp\/v2\/posts"}],"about":[{"href":"https:\/\/www.europesays.com\/es\/wp-json\/wp\/v2\/types\/post"}],"author":[{"embeddable":true,"href":"https:\/\/www.europesays.com\/es\/wp-json\/wp\/v2\/users\/2"}],"replies":[{"embeddable":true,"href":"https:\/\/www.europesays.com\/es\/wp-json\/wp\/v2\/comments?post=122458"}],"version-history":[{"count":0,"href":"https:\/\/www.europesays.com\/es\/wp-json\/wp\/v2\/posts\/122458\/revisions"}],"wp:featuredmedia":[{"embeddable":true,"href":"https:\/\/www.europesays.com\/es\/wp-json\/wp\/v2\/media\/122459"}],"wp:attachment":[{"href":"https:\/\/www.europesays.com\/es\/wp-json\/wp\/v2\/media?parent=122458"}],"wp:term":[{"taxonomy":"category","embeddable":true,"href":"https:\/\/www.europesays.com\/es\/wp-json\/wp\/v2\/categories?post=122458"},{"taxonomy":"post_tag","embeddable":true,"href":"https:\/\/www.europesays.com\/es\/wp-json\/wp\/v2\/tags?post=122458"}],"curies":[{"name":"wp","href":"https:\/\/api.w.org\/{rel}","templated":true}]}}