{"id":122462,"date":"2025-09-18T06:43:09","date_gmt":"2025-09-18T06:43:09","guid":{"rendered":"https:\/\/www.europesays.com\/es\/122462\/"},"modified":"2025-09-18T06:43:09","modified_gmt":"2025-09-18T06:43:09","slug":"el-gobierno-ha-gastado-32-millones-en-patrocinar-la-vuelta-con-empresas-publicas","status":"publish","type":"post","link":"https:\/\/www.europesays.com\/es\/122462\/","title":{"rendered":"El Gobierno ha gastado 3,2 millones en patrocinar La Vuelta con empresas p\u00fablicas"},"content":{"rendered":"\n<p> Empresas p\u00fablicas dependientes del Gobierno de <strong>Pedro S\u00e1nchez, <\/strong>como Correos, y diputaciones en poder del Partido Socialista (PSOE) han destinado <strong>una importante suma de dinero a patrocinar la Vuelta Ciclista a Espa\u00f1a<\/strong>. Un acontecimiento deportivo que, lastrado por las protestas propalestinas alentadas por el mismo Ejecutivo, ha acortado varias de sus etapas y suspendida la final en la capital. En total, el Gobierno de S\u00e1nchez ha destinado <a href=\"https:\/\/www.elconfidencial.com\/espana\/2025-09-14\/sanchez-defiende-las-movilizaciones-propalestinas-en-la-vuelta_4208566\/\" target=\"_self\" rel=\"nofollow noopener\">3.556.150 euros en patrocinar este a\u00f1o la Vuelta<\/a> ciclista m\u00e1s accidentada de la historia. <\/p>\n<p> Estos contratos de patrocinio se firmaron cuando ya se conoc\u00eda la<strong> participaci\u00f3n de Israel Premier-Tech <\/strong>en la competici\u00f3n, motivo principal que ha alentado las protestas y el apoyo del Gobierno a las mismas. \u00ab<a href=\"https:\/\/www.elconfidencial.com\/espana\/2025-09-14\/sanchez-defiende-las-movilizaciones-propalestinas-en-la-vuelta_4208566\/\" target=\"_self\" rel=\"nofollow noopener\">Nuestra admiraci\u00f3n a un pueblo como el espa\u00f1ol <\/a>que se moviliza por causas justas como la de Palestina\u00bb, declar\u00f3 <strong>Pedro S\u00e1nchez<\/strong> el mismo d\u00eda en que la competici\u00f3n deb\u00eda concluir en Madrid. <\/p>\n<p> La primera empresa p\u00fablica en firmar un contrato de patrocinio para esta Vuelta fue <strong>Loter\u00edas y Apuestas del Estado<\/strong>. Esta compa\u00f1\u00eda p\u00fablica, presidida por <strong>Jes\u00fas Huerta,<\/strong> que trabaj\u00f3 en la Consejer\u00eda de Hacienda de <a href=\"https:\/\/www.elconfidencial.com\/tags\/personajes\/maria-jesus-montero-19808\/\" target=\"_self\" rel=\"nofollow noopener\">Mar\u00eda Jes\u00fas Montero<\/a> en el anterior Gobierno socialista de Andaluc\u00eda, firm\u00f3 un contrato de patrocinio con <strong>Unipublic<\/strong>, que organiza la Vuelta ciclista, <strong>por 738.100 euros<\/strong>. Adem\u00e1s de seguir patrocinando el maillot de la monta\u00f1a, Loter\u00edas y Apuestas del Estado dedic\u00f3 el d\u00e9cimo del s\u00e1bado 13 de septiembre al 90\u00ba aniversario de La Vuelta. Solo esta adjudicaci\u00f3n supone casi el <strong>doble que lo que han destinado el Ayuntamiento y la Comunidad de Madrid<\/strong> a patrocinar la Vuelta (400.000 euros). <\/p>\n<p> Este contrato se formaliz\u00f3 el 30 de abril de este a\u00f1o, cuando adem\u00e1s de conocerse la participaci\u00f3n de un equipo israel\u00ed el presidente del Gobierno<strong> ya hab\u00eda calificado de \u00abinsoportable\u00bb el n\u00famero de v\u00edctimas gazat\u00edes<\/strong>. Del mismo modo, S\u00e1nchez ya hab\u00eda reconocido entonces de manera oficial al Estado palestino ante las Naciones Unidas, y su Ejecutivo hab\u00eda pedido que se prohibiera la <strong>venta de armas a Israel<\/strong>. El mismo mes que se firm\u00f3 este patrocinio, Moncloa rescindi\u00f3 un contrato de <a href=\"https:\/\/www.elconfidencial.com\/mundo\/2025-04-24\/israel-gobierno-sacrificar-seguridad-cancelar-contrato_4115980\/\" target=\"_self\" rel=\"nofollow noopener\">m\u00e1s de 10 millones para comprar municiones a una empresa israel\u00ed.<\/a> <\/p>\n<p>              <img decoding=\"async\" class=\"inTextNews__img\" alt=\"Foto: gobierno-fondos-plan-atraer-turista-israeli\" src=\"https:\/\/www.europesays.com\/es\/wp-content\/uploads\/2025\/09\/f.elconfidencial.com\/original\/249\/9a9\/385\/2499a93858eff24e146da8f455bb1977.jpg\"  \/>     <\/p>\n<p>TE PUEDE INTERESAR<\/p>\n<p>      <a class=\"inTextNews__title\" href=\"https:\/\/www.elconfidencial.com\/espana\/2025-09-17\/gobierno-fondos-plan-atraer-turista-israeli_4209459\/\" onclick=\"window.ECCO.emit(&#039;amplitude&#039;, { dataEventName: &#039;click_related_article_module&#039;, data: { related_article_url: &#039;https:\/\/www.elconfidencial.com\/espana\/2025-09-17\/gobierno-fondos-plan-atraer-turista-israeli_4209459\/&#039;, related_article_author: &#039;Borja Negrete&#039;, related_article_section: &#039;espana&#039; } })\" rel=\"nofollow noopener\" target=\"_blank\"> El Gobierno destina fondos a atraer al turista israel\u00ed \u00aba pesar de la destrucci\u00f3n en Gaza\u00bb <\/a>   <\/p>\n<p>    Borja Negrete   <\/p>\n<p> Uno de los mayores patrocinadores de La Vuelta es Correos. La empresa p\u00fablica presidida por <strong>Pedro Saura<\/strong> ha renovado el acuerdo de su predecesor, <strong>Juan Manuel Serrano<\/strong>, adjudicando un contrato de patrocinio por 2.081.200 euros. <strong>Correos registr\u00f3 en 2024 p\u00e9rdidas de hasta 522 millones<\/strong> de euros. En el momento de este contrato, el presidente del Gobierno ya hab\u00eda utilizado la palabra \u00abgenocidio\u00bb para referirse a la masacre de Israel en Gaza. El 26 de junio, tras una reuni\u00f3n del Consejo Europeo, S\u00e1nchez pidi\u00f3 la <a href=\"https:\/\/www.elconfidencial.com\/mundo\/2024-02-14\/espana-e-irlanda-piden-a-von-der-leyen-que-revise-si-israel-incumple-el-acuerdo-de-asociacion-con-la-ue_3830454\/\" target=\"_self\" rel=\"nofollow noopener\">suspensi\u00f3n del acuerdo de la Uni\u00f3n Europea con Israel<\/a> y apunt\u00f3: \u00abLa<strong> situaci\u00f3n catastr\u00f3fica de genocidio <\/strong>que se est\u00e1 viviendo en Gaza\u00bb. <\/p>\n<p> Unas declaraciones que tampoco impidieron que <strong>Paradores<\/strong>, presidida por la exministra de Transportes, <a href=\"https:\/\/www.elconfidencial.com\/espana\/2023-12-27\/raquel-sanchez-presidencia-paradores-sustitucion-pedro-saura-correos_3801849\/\" target=\"_self\" rel=\"nofollow noopener\">Raquel S\u00e1nchez, destinase 405.350 euros<\/a> en patrocinar este mismo evento. A diferencia de Correos y Loter\u00edas, es la<strong> primera vez que Paradores apostaba por destinar dinero <\/strong>a la celebraci\u00f3n de esta competici\u00f3n deportiva. <\/p>\n<p>              <img decoding=\"async\" class=\"inTextNews__img\" alt=\"Foto: la-vuelta-ciclista-y-la-batasunizacion-de-sanchez\" src=\"https:\/\/www.europesays.com\/es\/wp-content\/uploads\/2025\/09\/f.elconfidencial.com\/original\/e85\/642\/942\/e8564294242721191cc58d2e98bda395.jpg\"  \/>   Opini\u00f3n     <\/p>\n<p>TE PUEDE INTERESAR<\/p>\n<p>      <a class=\"inTextNews__title\" href=\"https:\/\/blogs.elconfidencial.com\/espana\/caza-mayor\/2025-09-15\/la-vuelta-ciclista-y-la-batasunizacion-de-sanchez_4208821\/\" onclick=\"window.ECCO.emit(&#039;amplitude&#039;, { dataEventName: &#039;click_related_article_module&#039;, data: { related_article_url: &#039;https:\/\/blogs.elconfidencial.com\/espana\/caza-mayor\/2025-09-15\/la-vuelta-ciclista-y-la-batasunizacion-de-sanchez_4208821\/&#039;, related_article_author: &#039;Nacho Cardero&#039;, related_article_section: &#039;caza-mayor&#039; } })\" rel=\"nofollow noopener\" target=\"_blank\"> La Vuelta ciclista y la &#8216;batasunizaci\u00f3n&#8217; de S\u00e1nchez <\/a>   <\/p>\n<p>    Nacho Cardero   <\/p>\n<p> Estos contratos no han impedido que miembros del Gobierno como <strong>\u00d3scar L\u00f3pez<\/strong> hayan aplaudido las protestas que han impedido celebrar el torneo: \u00abLo siento por La Vuelta, pero <strong>lo siento mucho m\u00e1s por cientos de miles de palestinos que est\u00e1n siendo masacrados<\/strong>\u00ab. S\u00e1nchez ha pedido que se equipare a Israel a Rusia (por la invasi\u00f3n de Ucrania) y se le impida participar en actos deportivos y culturales (como Eurovisi\u00f3n). Sin embargo, el mismo Gobierno <a href=\"https:\/\/www.elconfidencial.com\/espana\/2025-09-17\/gobierno-fondos-plan-atraer-turista-israeli_4209459\/\" target=\"_self\" rel=\"nofollow noopener\">mantiene a Israel en sus planes de turismo<\/a> \u00aba pesar de la destrucci\u00f3n de Gaza\u00bb para<strong> atraer a israel\u00edes a Espa\u00f1a por su \u00abelevado poder de gasto\u00bb.<\/strong>  <\/p>\n<p>                Otras aportaciones del PSOE           <\/p>\n<p> No solo las empresas p\u00fablicas que dependen del Gobierno han participado en la financiaci\u00f3n de la Vuelta. Otras entidades dirigidas por el Partido Socialista tambi\u00e9n han aportado dinero para patrocinios. Hasta 100.000 euros ha destinado a este fin la <strong>Diputaci\u00f3n Provincial de Lugo,<\/strong> a cuyo frente est\u00e1 el socialista <strong>Jos\u00e9 Tom\u00e9<\/strong>. <\/p>\n<p>              <img decoding=\"async\" class=\"inTextNews__img\" alt=\"Foto: vuelta-espana-csd-uci-uribes-carta-disturbios\" src=\"https:\/\/www.europesays.com\/es\/wp-content\/uploads\/2025\/09\/f.elconfidencial.com\/original\/9ca\/ba3\/a80\/9caba3a808459cae0e5648b470655930.jpg\"  \/>     <\/p>\n<p>TE PUEDE INTERESAR<\/p>\n<p>      <a class=\"inTextNews__title\" href=\"https:\/\/www.elconfidencial.com\/deportes\/ciclismo\/2025-09-16\/vuelta-espana-csd-uci-uribes-carta-disturbios_4209832\/\" onclick=\"window.ECCO.emit(&#039;amplitude&#039;, { dataEventName: &#039;click_related_article_module&#039;, data: { related_article_url: &#039;https:\/\/www.elconfidencial.com\/deportes\/ciclismo\/2025-09-16\/vuelta-espana-csd-uci-uribes-carta-disturbios_4209832\/&#039;, related_article_author: &#039;Rub\u00e9n Rodr\u00edguez&#039;, related_article_section: &#039;ciclismo&#039; } })\" rel=\"nofollow noopener\" target=\"_blank\"> El CSD responde a la UCI por la Vuelta: \u00abEn Espa\u00f1a, hacemos bien las cosas, con \u00e9xito y seguridad\u00bb <\/a>   <\/p>\n<p>    Rub\u00e9n Rodr\u00edguez   <\/p>\n<p> La Sociedad P\u00fablica de Gesti\u00f3n y Promoci\u00f3n Tur\u00edstica y Cultural del Principado de Asturias S.A.U., que pertenece al Ejecutivo del asturiano <strong>Adri\u00e1n Barb\u00f3n<\/strong>, aport\u00f3 181.500 euros en patrocinios. Por \u00faltimo, la <strong>Diputaci\u00f3n Provincial de Le\u00f3n<\/strong> ha destinado 50.000 euros al mismo fin. En total, 3.556.150 euros <a href=\"https:\/\/www.elconfidencial.com\/deportes\/ciclismo\/2025-09-15\/javier-guillen-la-vuelta-a-espana-boicot-israel_4209125\/\" target=\"_self\" rel=\"nofollow noopener\">para La Vuelta<\/a> procedentes de entidades dirigidas por socialistas. <\/p>\n<p> Empresas p\u00fablicas dependientes del Gobierno de <strong>Pedro S\u00e1nchez, <\/strong>como Correos, y diputaciones en poder del Partido Socialista (PSOE) han destinado <strong>una importante suma de dinero a patrocinar la Vuelta Ciclista a Espa\u00f1a<\/strong>. Un acontecimiento deportivo que, lastrado por las protestas propalestinas alentadas por el mismo Ejecutivo, ha acortado varias de sus etapas y suspendida la final en la capital. En total, el Gobierno de S\u00e1nchez ha destinado <a href=\"https:\/\/www.elconfidencial.com\/espana\/2025-09-14\/sanchez-defiende-las-movilizaciones-propalestinas-en-la-vuelta_4208566\/\" target=\"_self\" rel=\"nofollow noopener\">3.556.150 euros en patrocinar este a\u00f1o la Vuelta<\/a> ciclista m\u00e1s accidentada de la historia. <\/p>\n","protected":false},"excerpt":{"rendered":"Empresas p\u00fablicas dependientes del Gobierno de Pedro S\u00e1nchez, como Correos, y diputaciones en poder del Partido Socialista (PSOE)&hellip;\n","protected":false},"author":2,"featured_media":122463,"comment_status":"","ping_status":"","sticky":false,"template":"","format":"standard","meta":{"footnotes":""},"categories":[273],"tags":[313,312,168,25,24,23,167],"class_list":{"0":"post-122462","1":"post","2":"type-post","3":"status-publish","4":"format-standard","5":"has-post-thumbnail","7":"category-ciclismo","8":"tag-ciclismo","9":"tag-cycling","10":"tag-deportes","11":"tag-es","12":"tag-espana","13":"tag-spain","14":"tag-sports"},"share_on_mastodon":{"url":"","error":""},"_links":{"self":[{"href":"https:\/\/www.europesays.com\/es\/wp-json\/wp\/v2\/posts\/122462","targetHints":{"allow":["GET"]}}],"collection":[{"href":"https:\/\/www.europesays.com\/es\/wp-json\/wp\/v2\/posts"}],"about":[{"href":"https:\/\/www.europesays.com\/es\/wp-json\/wp\/v2\/types\/post"}],"author":[{"embeddable":true,"href":"https:\/\/www.europesays.com\/es\/wp-json\/wp\/v2\/users\/2"}],"replies":[{"embeddable":true,"href":"https:\/\/www.europesays.com\/es\/wp-json\/wp\/v2\/comments?post=122462"}],"version-history":[{"count":0,"href":"https:\/\/www.europesays.com\/es\/wp-json\/wp\/v2\/posts\/122462\/revisions"}],"wp:featuredmedia":[{"embeddable":true,"href":"https:\/\/www.europesays.com\/es\/wp-json\/wp\/v2\/media\/122463"}],"wp:attachment":[{"href":"https:\/\/www.europesays.com\/es\/wp-json\/wp\/v2\/media?parent=122462"}],"wp:term":[{"taxonomy":"category","embeddable":true,"href":"https:\/\/www.europesays.com\/es\/wp-json\/wp\/v2\/categories?post=122462"},{"taxonomy":"post_tag","embeddable":true,"href":"https:\/\/www.europesays.com\/es\/wp-json\/wp\/v2\/tags?post=122462"}],"curies":[{"name":"wp","href":"https:\/\/api.w.org\/{rel}","templated":true}]}}