{"id":122477,"date":"2025-09-18T06:52:13","date_gmt":"2025-09-18T06:52:13","guid":{"rendered":"https:\/\/www.europesays.com\/es\/122477\/"},"modified":"2025-09-18T06:52:13","modified_gmt":"2025-09-18T06:52:13","slug":"la-secuela-no-contara-con-esta-potente-villana","status":"publish","type":"post","link":"https:\/\/www.europesays.com\/es\/122477\/","title":{"rendered":"la secuela no contar\u00e1 con esta potente villana"},"content":{"rendered":"<p class=\"p1\">Tras varios problemas con el desarrollo del guion, parece que la producci\u00f3n de <strong>The Batman 2 <\/strong>va viento en popa. Aunque de momento, la mayor\u00eda de las noticias relacionadas con la secuela revelan sobre todo malas noticias para los fans del universo creado por <strong>Matt Reeves<\/strong>. Por un lado porque el actor Colin Farrell explic\u00f3 que El Ping\u00fcino <a href=\"https:\/\/okdiario.com\/trailer\/malas-noticias-the-batman-2-mejor-personaje-saga-no-tendra-muchas-escenas-15302663\" rel=\"nofollow noopener\" target=\"_blank\">no saldr\u00eda demasiado<\/a> en la continuaci\u00f3n y tambi\u00e9n que la Catwoman de Zo\u00eb Kravitz no aparecer\u00eda nuevamente junto a caballero oscuro de <a href=\"https:\/\/okdiario.com\/trailer\/robert-pattinson-crisis-creativa-hollywood-pandemia-empezo-ser-poco-preocupante-14158568\" rel=\"nofollow noopener\" target=\"_blank\">Robert Pattinson<\/a>. Ahora, la \u00faltima baja viene de nuevo del lado villanesco del seguimiento con la ausencia de una potente villana: <strong>Sof\u00eda Falcone<\/strong>.<\/p>\n<p><img loading=\"lazy\" decoding=\"async\" class=\"size-medium wp-image-13699856\" alt=\"El Ping\u00fcino\" width=\"620\" height=\"349\"  src=\"https:\/\/www.europesays.com\/es\/wp-content\/uploads\/2025\/09\/ynryjyj-620x349.jpg\" \/> Cristin Milioti y Colin Farrell en \u2018El Ping\u00fcino\u2019 (HBO Max).<\/p>\n<p class=\"p1\">Interpretada magistralmente por <strong>Cristin Milioti<\/strong>, quien recientemente se ha llevado el premio a la mejor actriz principal en una miniserie o telefilm en <a href=\"https:\/\/okdiario.com\/trailer\/adolescencia-the-studio-arrasan-premios-emmy-2025-lista-completa-ganadores-15411176\" rel=\"nofollow noopener\" target=\"_blank\">los Emmy<\/a>, Sof\u00eda Falcone se present\u00f3 como un personaje clave en la serie spin-off de El Ping\u00fcino, rob\u00e1ndole en gran parte el protagonismo al carism\u00e1tico y deforme antagonista g\u00e1ngster encarnado por Farrell. El rodaje de The Batman 2 comenzar\u00e1 la pr\u00f3xima primavera y Reeves ha e<strong>st\u00e1 revelando algunos detalles<\/strong> sobre lo que podemos esperar de la continuaci\u00f3n y tristemente los planes narrativos no pasan por contar con el rol de Milioti, seg\u00fan explicaba el propio director en una reciente entrevista. Eso s\u00ed, el motivo no tiene que ver con el desinter\u00e9s hacia<strong> la hija del m\u00edtico mafioso<\/strong> de Gotham, sino m\u00e1s bien porque su introducci\u00f3n en un libreto ya elaborado podr\u00eda entorpecer la historia.<\/p>\n<p>Sofia Falcone no estar\u00e1 en \u2018The Batman 2\u2019<\/p>\n<p><img loading=\"lazy\" decoding=\"async\" class=\"wp-image-15422655 size-medium\" alt=\"\" width=\"620\" height=\"349\"  src=\"https:\/\/www.europesays.com\/es\/wp-content\/uploads\/2025\/09\/the-penguin-how-sofia-falcone-became-2024s-most-fascinating_qanf.1200_cropped-620x349.jpg\" \/> \u2018El Ping\u00fcino\u2019 (HBO Max).<\/p>\n<p class=\"p1\">The Batman super\u00f3 los <strong>770 millones de d\u00f3lares<\/strong> en la taquilla internacional. Todo un hito econ\u00f3mico teniendo en cuenta que la cinta se estren\u00f3 en una \u00e9poca todav\u00eda convaleciente por la pandemia y en un tiempo compulso <strong>en plena reconstrucci\u00f3n del DCU<\/strong> (Detective Comics Universe) el director creativo del nuevo universo de superh\u00e9roes de Warner Bros, <a href=\"https:\/\/okdiario.com\/trailer\/james-gunn-confirma-que-habra-superman-2-titulo-oficial-toda-declaracion-intenciones-15352949\" rel=\"nofollow noopener\" target=\"_blank\">James Gunn<\/a>, no ten\u00eda muy clara la direcci\u00f3n narrativa de lo planteado por Reeves, pero ahora ambos han llegado a un entendimiento y The Batman 2 llegar\u00e1 en 2027.<\/p>\n<p class=\"p1\">Hace escasas horas, The Wrap ha publicado la entrevista en la que explicaba la ausencia de Reeves a pesar de lo que le encanta el personaje y <strong>la perfomance de Cristin Milioti<\/strong>:<\/p>\n<p><img loading=\"lazy\" decoding=\"async\" class=\"wp-image-15422648 size-medium\" alt=\"The Batman 2\" width=\"620\" height=\"349\"  src=\"https:\/\/www.europesays.com\/es\/wp-content\/uploads\/2025\/09\/bjbar9wsquc7tuapmbe34u_cropped-620x349.jpg\" \/> \u2018El Ping\u00fcino\u2019 (HBO Max).<\/p>\n<p class=\"p1\">\u00abCristin no sale en esta. Pero eso es porque ya llev\u00e1bamos el guion muy avanzado cuando empezamos con la serie. Pero veremos, creo que ella es incre\u00edble. Lo que hizo en la serie es alucinante. Me encantar\u00eda hacer algo con ella. Pero no est\u00e1 en esta pel\u00edcula, simplemente porque ya est\u00e1bamos metidos en esta historia y pensamos \u2018podr\u00edamos\u2019, pero podr\u00eda estropearlo todo (\u2026) no encajaba\u00bb.<\/p>\n<p>\u00bfCu\u00e1ndo se estrenar\u00e1?<\/p>\n<p class=\"p1\">En DC y Warner est\u00e1n empe\u00f1ados en separar los caminos de la serie de El Ping\u00fcino y The Batman 2, pero en el \u00faltimo episodio descubrimos que el personaje de Sofia Falcone recib\u00eda una carta de su hermanastra, <strong>Selina Kyle<\/strong> (Catwoman). As\u00ed que teniendo en cuenta que esta tampoco aparecer\u00e1 en la continuaci\u00f3n\u2026\u00bfest\u00e1 planeando Warner otro spin-off que <strong>re\u00fana a las antihero\u00ednas<\/strong> hijas de Falcone?<\/p>\n<p><img loading=\"lazy\" decoding=\"async\" class=\"size-medium wp-image-15422653\" alt=\"\" width=\"620\" height=\"349\"  src=\"https:\/\/www.europesays.com\/es\/wp-content\/uploads\/2025\/09\/penguin-sofia-arkham_cropped-620x349.jpg\" \/> \u2018El Ping\u00fcino\u2019 (HBO Max).<\/p>\n<p class=\"p1\">Tendremos que seguir esperando a que Reeves nos revele m\u00e1s informaci\u00f3n hasta que The Batman se proyecte en cines en el mes de octubre de 2027<\/p>\n","protected":false},"excerpt":{"rendered":"Tras varios problemas con el desarrollo del guion, parece que la producci\u00f3n de The Batman 2 va viento&hellip;\n","protected":false},"author":2,"featured_media":122478,"comment_status":"","ping_status":"","sticky":false,"template":"","format":"standard","meta":{"footnotes":""},"categories":[169],"tags":[177,146,147,25,24,176,175,23],"class_list":{"0":"post-122477","1":"post","2":"type-post","3":"status-publish","4":"format-standard","5":"has-post-thumbnail","7":"category-cine","8":"tag-cine","9":"tag-entertainment","10":"tag-entretenimiento","11":"tag-es","12":"tag-espana","13":"tag-film","14":"tag-movies","15":"tag-spain"},"share_on_mastodon":{"url":"","error":""},"_links":{"self":[{"href":"https:\/\/www.europesays.com\/es\/wp-json\/wp\/v2\/posts\/122477","targetHints":{"allow":["GET"]}}],"collection":[{"href":"https:\/\/www.europesays.com\/es\/wp-json\/wp\/v2\/posts"}],"about":[{"href":"https:\/\/www.europesays.com\/es\/wp-json\/wp\/v2\/types\/post"}],"author":[{"embeddable":true,"href":"https:\/\/www.europesays.com\/es\/wp-json\/wp\/v2\/users\/2"}],"replies":[{"embeddable":true,"href":"https:\/\/www.europesays.com\/es\/wp-json\/wp\/v2\/comments?post=122477"}],"version-history":[{"count":0,"href":"https:\/\/www.europesays.com\/es\/wp-json\/wp\/v2\/posts\/122477\/revisions"}],"wp:featuredmedia":[{"embeddable":true,"href":"https:\/\/www.europesays.com\/es\/wp-json\/wp\/v2\/media\/122478"}],"wp:attachment":[{"href":"https:\/\/www.europesays.com\/es\/wp-json\/wp\/v2\/media?parent=122477"}],"wp:term":[{"taxonomy":"category","embeddable":true,"href":"https:\/\/www.europesays.com\/es\/wp-json\/wp\/v2\/categories?post=122477"},{"taxonomy":"post_tag","embeddable":true,"href":"https:\/\/www.europesays.com\/es\/wp-json\/wp\/v2\/tags?post=122477"}],"curies":[{"name":"wp","href":"https:\/\/api.w.org\/{rel}","templated":true}]}}