{"id":122493,"date":"2025-09-18T07:02:11","date_gmt":"2025-09-18T07:02:11","guid":{"rendered":"https:\/\/www.europesays.com\/es\/122493\/"},"modified":"2025-09-18T07:02:11","modified_gmt":"2025-09-18T07:02:11","slug":"el-homenaje-a-la-dinastia-de-los-vazquez-y-la-ausencia-de-morante-marcan-el-festival-benefico-de-la-maestranza","status":"publish","type":"post","link":"https:\/\/www.europesays.com\/es\/122493\/","title":{"rendered":"El homenaje a la dinast\u00eda de los V\u00e1zquez y la ausencia de Morante marcan el festival ben\u00e9fico de la Maestranza"},"content":{"rendered":"<p class=\"paragraph\" id=\"paragraph_1\">El Sal\u00f3n de Carteles de la plaza de toros de Sevilla ha acogido este mediod\u00eda la presentaci\u00f3n del festival taurino que se celebrar\u00e1 <strong>el pr\u00f3ximo 13 de octubre como cierre de la temporada 2025 en el coso maestrante<\/strong>.<\/p>\n<p class=\"paragraph\" id=\"paragraph_2\">Si el a\u00f1o pasado<strong> se le rindi\u00f3 homenaje a Curro Romero<\/strong>, este a\u00f1o ser\u00e1 a<strong> <a href=\"https:\/\/www.elespanol.com\/sevilla\/20240727\/adios-pepe-luis-vazquez-penultimo-eslabon-dinastia-torera-adueno-arte-naturalidad\/873413065_0.html?utm_cmp_rs=linksinline\" rel=\"nofollow noopener\" target=\"_blank\">la dinast\u00eda torera de los V\u00e1zquez<\/a><\/strong>, muy unida tambi\u00e9n a <strong>la hermandad de San Bernardo<\/strong>, quien se beneficiar\u00e1 de su recaudaci\u00f3n, junto a la del Amor.<\/p>\n<p class=\"paragraph\" id=\"paragraph_3\">Entre las presencias, har\u00e1n el pase\u00edllo los toreros <strong>Jos\u00e9 Mari Manzanares, Talavante, Juan Ortega, Pablo Aguado, Manolo V\u00e1zquez, Javier Zulueta y Manuel Dom\u00ednguez<\/strong>. Precisamente el diestro Manolo V\u00e1zquez forma parte de <a href=\"https:\/\/www.elespanol.com\/sevilla\/20240726\/muere-torero-pepe-luis-vazquez-anos-finca-carmona-accidente-domestico\/873413013_0.html?utm_cmp_rs=linksinline\" rel=\"nofollow noopener\" target=\"_blank\">la citada dinast\u00eda<\/a>.<\/p>\n<p class=\"paragraph\" id=\"paragraph_4\">Pero entre las ausencias hay una muy destacada, <strong><a href=\"https:\/\/www.elespanol.com\/sevilla\/20240918\/morante-quiere-reaparecer-homenajear-curro-romero-festival-benefico-maestranza\/886911859_0.html?utm_cmp_rs=linksinline\" rel=\"nofollow noopener\" target=\"_blank\">la de Morante de la Puebla<\/a><\/strong>. A excepci\u00f3n del pasado a\u00f1o es uno de los toreros habituales en este cartel que cierra la temporada en Sevilla, pero el cigarrero<strong> el d\u00eda antes realizar\u00e1 otra haza\u00f1a taurina en las Ventas<\/strong>.<\/p>\n<p class=\"paragraph\" id=\"paragraph_5\">Por la ma\u00f1ana, actuar\u00e1 en <strong>el festival homenaje a Anto\u00f1ete y por la tarde en la retirada de Fernando Roble\u00f1o<\/strong>. Ante esta circunstancia se opt\u00f3 por buscar otra fecha para el festival, pero finalmente se ha descartado su presencia.<\/p>\n<p class=\"paragraph\" id=\"paragraph_6\">El ganado a lidiar en este festejo ser\u00e1 de <strong>Puerto de San Lorenzo, Domingo Hern\u00e1ndez (dos), Talavante (dos), Espartaco y El Parralejo<\/strong>.<\/p>\n<p class=\"paragraph\" id=\"paragraph_7\">En el acto han intervenido en representaci\u00f3n de la Empresa Pag\u00e9s<strong> Ram\u00f3n Valencia Pastor y Ram\u00f3n Valencia Canorea<\/strong>; el hermano Mayor de la Hermandad de San Bernardo, <strong>Jos\u00e9 Garc\u00eda Rodr\u00edguez<\/strong>; el hermano Mayor de la Hermandad del Amor, <strong>Juan Cruzado Candau<\/strong>; y el coordinador del Festival, <strong>Manuel V\u00e1zquez Gago<\/strong>.<\/p>\n<p class=\"paragraph\" id=\"paragraph_8\">Ram\u00f3n Valencia consider\u00f3 un acierto dedicar el festival a la Dinast\u00eda V\u00e1zquez, \u00abuna de las m\u00e1s importantes del toreo con Pepe Luis V\u00e1zquez padre e hijo y Manolo V\u00e1zquez como m\u00e1s relevantes\u00bb, resaltando tambi\u00e9n su v\u00ednculo con la hermandad de San Bernardo.<\/p>\n<p class=\"paragraph\" id=\"paragraph_9\">En cuanto al cartel logrado lo defini\u00f3 como \u00abmuy del gusto de Sevilla, muy atractivo con la presencia de toreros importantes del escalaf\u00f3n y el novillero sin picadores Manuel Dom\u00ednguez que ha levantado expectaci\u00f3n entre los aficionados\u00bb.<\/p>\n<p class=\"paragraph\" id=\"paragraph_10\">El hermano Mayor de la Hermandad de San Bernardo, <strong>Jos\u00e9 Garc\u00eda Rodr\u00edguez<\/strong>, agradeci\u00f3 la colaboraci\u00f3n de la empresa Pag\u00e9s, Real Maestranza, toreros y ganaderos y defini\u00f3 el festival como \u00abuna vieja aspiraci\u00f3n de la Hermandad\u00bb y explic\u00f3 que la intenci\u00f3n ha sido \u00aborganizarlo como merece la afici\u00f3n m\u00e1s importante del mundo\u00bb.<\/p>\n<p class=\"paragraph\" id=\"paragraph_11\">Aludi\u00f3 a la historia de San Bernardo y a la importancia en ella del torero Curro C\u00fachares, que la salv\u00f3 en momentos de problemas econ\u00f3micos. Tambi\u00e9n explic\u00f3 el fuerte v\u00ednculo con los V\u00e1zquez a trav\u00e9s de Pepe Luis y Manolo, que lleg\u00f3 a ser Hermano Mayor.<\/p>\n<p class=\"paragraph\" id=\"paragraph_12\"><a href=\"https:\/\/www.elespanol.com\/sevilla\/20240727\/adios-pepe-luis-vazquez-penultimo-eslabon-dinastia-torera-adueno-arte-naturalidad\/873413065_0.html?utm_cmp_rs=linksinline\" rel=\"nofollow noopener\" target=\"_blank\">Adi\u00f3s a Pepe Luis V\u00e1zquez, el pen\u00faltimo eslab\u00f3n de la dinast\u00eda torera que se adue\u00f1\u00f3 del arte y la naturalidad<\/a><\/p>\n<p class=\"paragraph\" id=\"paragraph_13\">Por su parte, el hermano Mayor de la Hermandad del Amor, <strong>Juan Cruzado Candau<\/strong>, incluy\u00f3 en agradecimientos a Terrats y Caja Rural, patrocinadores del festival, y habl\u00f3 del compromiso de \u00abllenar la plaza y cumplir el objetivo de los aficionados, toreros y ganaderos\u00bb. Tambi\u00e9n se refiri\u00f3 al compromiso de las hermandades a trav\u00e9s de su acci\u00f3n social. En este sentido explic\u00f3 que \u00ablos beneficios reforzar\u00e1n la actividad que las hermandades llevan a cabo d\u00eda a d\u00eda\u00bb.<\/p>\n<p class=\"paragraph\" id=\"paragraph_14\">El coordinador del festival,<strong> Manuel V\u00e1zquez Gago<\/strong>, dej\u00f3 claro en su intervenci\u00f3n que \u00abtodos los toreros han querido torear y eso me llena de orgullo. Cuando he llamado a sus puertas no he tenido ning\u00fan problema, algo que les agradezco profundamente\u00bb.<\/p>\n<p class=\"paragraph\" id=\"paragraph_15\">Tambi\u00e9n intervinieron <strong>Nacho Sabater y Javier S\u00e1nchez Dalp<\/strong>, autores del cartel en esta edici\u00f3n, que explicaron que la obra presenta en primer plano la figura de <strong>Pepe Luis V\u00e1zquez<\/strong>, pero engloba a los m\u00e1ximos exponentes de la familia, con referencias tambi\u00e9n a las dos hermandades y a la plaza de toros de la Real Maestranza.<\/p>\n<p>Entradas<\/p>\n<p class=\"paragraph\" id=\"paragraph_16\">El precio de las localidades es el mismo que el a\u00f1o pasado. Oscilan entre los 16 euros de un Sol Alto y los 74 Euros de la Barrera 1\u00aa Fila de Sombra, mientras que el Tendido de Sombra cuesta 42 euros, de Sol y Sombra 40 euros y el de Sol 21 euros.<\/p>\n<p class=\"paragraph\" id=\"paragraph_17\">Precio Especial de 14 Euros para Jubilados, Pensionistas y Menores de 21 a\u00f1os (entradas limitadas), todas ellas ubicadas en el Sol Alto 12.<\/p>\n<p class=\"paragraph\" id=\"paragraph_18\">Las taquillas estar\u00e1n abiertas desde el lunes 6 al s\u00e1bado 11 de octubre de 10:00 a 14:00 horas y de 17:00 a 20:00 horas (excepto el domingo d\u00eda 6). El d\u00eda del espect\u00e1culo, las taquillas abrir\u00e1n ininterrumpidamente desde las 10 de la ma\u00f1ana hasta la hora del comienzo del mismo.<\/p>\n<p>Los abonados tendr\u00e1n reservadas sus localidades desde el lunes 22 al domingo 28 de septiembre de 10 a 14 horas y de 17 a 20 horas. Los d\u00edas de la Feria de San Miguel las taquillas estar\u00e1n abiertas ininterrumpidamente desde las 10 de la ma\u00f1ana hasta la hora de comienzo de las corridas.<\/p>\n","protected":false},"excerpt":{"rendered":"El Sal\u00f3n de Carteles de la plaza de toros de Sevilla ha acogido este mediod\u00eda la presentaci\u00f3n del&hellip;\n","protected":false},"author":2,"featured_media":122494,"comment_status":"","ping_status":"","sticky":false,"template":"","format":"standard","meta":{"footnotes":""},"categories":[277],"tags":[373,2598,168,25,24,1392,10048,40261,1171,10047,23,167,374],"class_list":{"0":"post-122493","1":"post","2":"type-post","3":"status-publish","4":"format-standard","5":"has-post-thumbnail","7":"category-toreo","8":"tag-bullfighting","9":"tag-corridas-toros","10":"tag-deportes","11":"tag-es","12":"tag-espana","13":"tag-morante-de-la-puebla","14":"tag-plazas-de-toros","15":"tag-real-maestranza-de-sevilla","16":"tag-sevilla","17":"tag-sevilla-municipio","18":"tag-spain","19":"tag-sports","20":"tag-toreo"},"share_on_mastodon":{"url":"","error":""},"_links":{"self":[{"href":"https:\/\/www.europesays.com\/es\/wp-json\/wp\/v2\/posts\/122493","targetHints":{"allow":["GET"]}}],"collection":[{"href":"https:\/\/www.europesays.com\/es\/wp-json\/wp\/v2\/posts"}],"about":[{"href":"https:\/\/www.europesays.com\/es\/wp-json\/wp\/v2\/types\/post"}],"author":[{"embeddable":true,"href":"https:\/\/www.europesays.com\/es\/wp-json\/wp\/v2\/users\/2"}],"replies":[{"embeddable":true,"href":"https:\/\/www.europesays.com\/es\/wp-json\/wp\/v2\/comments?post=122493"}],"version-history":[{"count":0,"href":"https:\/\/www.europesays.com\/es\/wp-json\/wp\/v2\/posts\/122493\/revisions"}],"wp:featuredmedia":[{"embeddable":true,"href":"https:\/\/www.europesays.com\/es\/wp-json\/wp\/v2\/media\/122494"}],"wp:attachment":[{"href":"https:\/\/www.europesays.com\/es\/wp-json\/wp\/v2\/media?parent=122493"}],"wp:term":[{"taxonomy":"category","embeddable":true,"href":"https:\/\/www.europesays.com\/es\/wp-json\/wp\/v2\/categories?post=122493"},{"taxonomy":"post_tag","embeddable":true,"href":"https:\/\/www.europesays.com\/es\/wp-json\/wp\/v2\/tags?post=122493"}],"curies":[{"name":"wp","href":"https:\/\/api.w.org\/{rel}","templated":true}]}}