{"id":122495,"date":"2025-09-18T07:03:05","date_gmt":"2025-09-18T07:03:05","guid":{"rendered":"https:\/\/www.europesays.com\/es\/122495\/"},"modified":"2025-09-18T07:03:05","modified_gmt":"2025-09-18T07:03:05","slug":"el-mejor-amigo-de-topuria-confirma-lo-de-conor-mcgregor","status":"publish","type":"post","link":"https:\/\/www.europesays.com\/es\/122495\/","title":{"rendered":"El mejor amigo de Topuria confirma lo de Conor McGregor"},"content":{"rendered":"<p class=\"parrafo\"><strong>Conor McGregor est\u00e1 de vuelta. Tras unos meses en los que ha estado m\u00e1s moderado de los que acostumbra, en las \u00faltimas semanas ha sido protagoni<\/strong>sta por dos motivos: por su <strong>candidatura y posterior <a href=\"https:\/\/www.estadiodeportivo.com\/estar-al-dia\/al-toque\/conor-mcgregor-dice-adios-20250915-512150.html\" class=\"intext-link\" rel=\"nofollow noopener\" target=\"_blank\">renuncia a la presidencia de Irlanda<\/a><\/strong> y por levantar la mano para ser <strong>el primero en decir que quiere combatir en el <a href=\"https:\/\/www.estadiodeportivo.com\/ufc\/sueno-conor-mcgregor-oficial-20250829-509695.html\" class=\"intext-link\" rel=\"nofollow noopener\" target=\"_blank\">evento que se celebrar\u00e1 en la Casa Blanca<\/a>, <\/strong>presumiblemente, el pr\u00f3ximo mes de junio.<\/p>\n<p class=\"parrafo\"><strong>El luchador irland\u00e9s, que no combate desde 2021, parece tener encarrilado su regreso en esta ocasi\u00f3n<\/strong>. Hace unas semanas, su nombre volv\u00eda al primer plano de la UFC despu\u00e9s de que apareciese en el &#8216;testing pool&#8217; de la compa\u00f1\u00eda norteamericana, la plataforma donde la UFC informa de la cantidad de controles antidoping que los luchadores han pasado este a\u00f1o. Eso significaba que estaba de nuevo listo para competir.<\/p>\n<p><a class=\"elementos-rel-t2\" href=\"https:\/\/www.estadiodeportivo.com\/ufc\/sueno-conor-mcgregor-oficial-20250829-509695.html\" title=\"El sue\u00f1o de Conor McGregor ya es oficial\" rel=\"nofollow noopener\" target=\"_blank\">El sue\u00f1o de Conor McGregor ya es oficial<img decoding=\"async\" src=\"https:\/\/www.europesays.com\/es\/wp-content\/uploads\/2025\/09\/6913a75f-cd7d-40af-80f5-dee398c14210_320x180.jpeg\" alt=\"El sue\u00f1o de Conor McGregor ya es oficial\"\/><\/a><a class=\"elementos-rel-t2\" href=\"https:\/\/www.estadiodeportivo.com\/ufc\/vuelta-conor-mcgregor-confirmada-20250906-510802.html\" title=\"La vuelta de Conor McGregor, confirmada\" rel=\"nofollow noopener\" target=\"_blank\">La vuelta de Conor McGregor, confirmada<img decoding=\"async\" src=\"https:\/\/www.europesays.com\/es\/wp-content\/uploads\/2025\/09\/39bdce54-e7b4-41e8-94ac-af83020ad74d_320x180.jpeg\" alt=\"La vuelta de Conor McGregor, confirmada\"\/><\/a><\/p>\n<p class=\"parrafo\"><strong>Cu\u00e1ndo regresar\u00e1 es una inc\u00f3gnita a d\u00eda de hoy.<\/strong> McGregor se &#8216;hart\u00f3&#8217; de pedir su pelea a finales de 2024 hasta que la UFC le dej\u00f3 claro que no estaba en condiciones de pelear. A eso se uni\u00f3 la condena por violaci\u00f3n, que manch\u00f3 su imagen. Ahora <strong>parece haber dejado atr\u00e1s todo eso y est\u00e1 dispuesto a volver.<\/strong><\/p>\n<p class=\"parrafo\"><strong>As\u00ed lo confirma uno de los mejores amigos de Ilia Topuria, el campe\u00f3n del peso Gallo en la UFC Merab Dvalishvili, que da la clave de que Conor McGregor est\u00e1 de vuelta. <\/strong>El luchador georgiano desvelaba en una entrevista con &#8216;Full Send Podcast&#8217; que hab\u00eda tenido recientemente una videollamada con &#8216;The Notorious&#8217; y que \u00e9ste le hab\u00eda comunicado su deseo de poder entrenar juntos en un futuro cercano. <\/p>\n<p>Merab Dvalishvili quiere ver a McGregor en acci\u00f3n<\/p>\n<p class=\"parrafo\">\u00abCreo que est\u00e1 muy motivado. <strong>Cuando estuve en China, estuve con sus amigos e hicimos Facetime, pregunt\u00e1ndome si pod\u00edamos entrenar, y le dije &#8216;vamos, Conor. Me gustar\u00eda entrenar contigo'\u00bb, indicaba<\/strong> el campe\u00f3n del peso Gallo, que ya ha entrenado tanto con Ilia Topuria como con su hermano Aleksandre, que son muy buenos amigos suyos.<\/p>\n<p><img decoding=\"async\" src=\"https:\/\/www.europesays.com\/es\/wp-content\/uploads\/2025\/09\/be030db6-ae47-49ed-b4c7-e4d81ceef69a_800x453.jpeg\" loading=\"lazy\"\/><\/p>\n<p class=\"parrafo\">Dvalishvili dejaba claro la ilusi\u00f3n que, como aficionado a las MMA, le producir\u00eda volver a ver en acci\u00f3n al luchador m\u00e1s medi\u00e1tico de la historia de la UFC.<\/p>\n<p class=\"parrafo\">\u00abOjal\u00e1 podamos hacerlo. <strong>Estoy excitado por \u00e9l, me gustar\u00eda verle en la pelea de la Casa Blanca\u00bb, afirmaba <\/strong>el georgiano sobre esa pelea con el luchador irland\u00e9s.<\/p>\n<p><a class=\"elementos-rel-t2\" href=\"https:\/\/www.estadiodeportivo.com\/estar-al-dia\/al-toque\/conor-mcgregor-dice-adios-20250915-512150.html\" title=\"Conor McGregor se lo piensa y dice adi\u00f3s\" rel=\"nofollow noopener\" target=\"_blank\">Conor McGregor se lo piensa y dice adi\u00f3s<img decoding=\"async\" src=\"https:\/\/www.europesays.com\/es\/wp-content\/uploads\/2025\/09\/5547b4aa-67b3-4c7f-9b3f-6346a30d4f1d_320x180.jpeg\" alt=\"Conor McGregor se lo piensa y dice adi\u00f3s\"\/><\/a><\/p>\n<p class=\"parrafo\">De confirmarse su regreso es probable que se reservase para ese evento en la Casa Blanca. Aunque a\u00fan tiene firmados dos combates con la UFC y podr\u00eda tener uno previo a finales de este a\u00f1o que le sirviera para ver c\u00f3mo se encuentra.<\/p>\n","protected":false},"excerpt":{"rendered":"Conor McGregor est\u00e1 de vuelta. Tras unos meses en los que ha estado m\u00e1s moderado de los que&hellip;\n","protected":false},"author":2,"featured_media":122496,"comment_status":"","ping_status":"","sticky":false,"template":"","format":"standard","meta":{"footnotes":""},"categories":[276],"tags":[2909,168,25,24,284,1523,743,744,23,167,343],"class_list":{"0":"post-122495","1":"post","2":"type-post","3":"status-publish","4":"format-standard","5":"has-post-thumbnail","7":"category-ufc","8":"tag-conor-mcgregor","9":"tag-deportes","10":"tag-es","11":"tag-espana","12":"tag-estadio-deportivo","13":"tag-ilia-topuria","14":"tag-mma","15":"tag-polideportivo","16":"tag-spain","17":"tag-sports","18":"tag-ufc"},"share_on_mastodon":{"url":"","error":""},"_links":{"self":[{"href":"https:\/\/www.europesays.com\/es\/wp-json\/wp\/v2\/posts\/122495","targetHints":{"allow":["GET"]}}],"collection":[{"href":"https:\/\/www.europesays.com\/es\/wp-json\/wp\/v2\/posts"}],"about":[{"href":"https:\/\/www.europesays.com\/es\/wp-json\/wp\/v2\/types\/post"}],"author":[{"embeddable":true,"href":"https:\/\/www.europesays.com\/es\/wp-json\/wp\/v2\/users\/2"}],"replies":[{"embeddable":true,"href":"https:\/\/www.europesays.com\/es\/wp-json\/wp\/v2\/comments?post=122495"}],"version-history":[{"count":0,"href":"https:\/\/www.europesays.com\/es\/wp-json\/wp\/v2\/posts\/122495\/revisions"}],"wp:featuredmedia":[{"embeddable":true,"href":"https:\/\/www.europesays.com\/es\/wp-json\/wp\/v2\/media\/122496"}],"wp:attachment":[{"href":"https:\/\/www.europesays.com\/es\/wp-json\/wp\/v2\/media?parent=122495"}],"wp:term":[{"taxonomy":"category","embeddable":true,"href":"https:\/\/www.europesays.com\/es\/wp-json\/wp\/v2\/categories?post=122495"},{"taxonomy":"post_tag","embeddable":true,"href":"https:\/\/www.europesays.com\/es\/wp-json\/wp\/v2\/tags?post=122495"}],"curies":[{"name":"wp","href":"https:\/\/api.w.org\/{rel}","templated":true}]}}