{"id":122503,"date":"2025-09-18T07:08:12","date_gmt":"2025-09-18T07:08:12","guid":{"rendered":"https:\/\/www.europesays.com\/es\/122503\/"},"modified":"2025-09-18T07:08:12","modified_gmt":"2025-09-18T07:08:12","slug":"monte-morris-relacionado-con-el-real-madrid","status":"publish","type":"post","link":"https:\/\/www.europesays.com\/es\/122503\/","title":{"rendered":"Monte Morris relacionado con el Real Madrid"},"content":{"rendered":"<p>Parece que el Real Madrid sigue activo en la b\u00fasqueda de un exterior que complete la plantilla, y seg\u00fan el periodista Matteo Andreani el club estar\u00eda sondeando la posibilidad de incorporar a Monte Morris, siempre y cuando el escolta no consiguiera un contrato en alguna franquicia NBA.<\/p>\n<p>El escolta de 30 a\u00f1os cuenta con una dilatada experiencia en la liga americana, principalmente en Denver Nuggets, donde coincidi\u00f3 con Campazzo, habiendo formado parte tambi\u00e9n de las plantillas de Wizards, Pistons, Wolves y Suns. A pesar de tener pasaporte nigeriano, contar\u00eda como extracomunitario al no haber disputado ning\u00fan partido con su selecci\u00f3n, lo que supondr\u00eda un rompecabezas a la hora de encajar las fichas en el campeonato nacional.<\/p>\n<p>A pesar de que parece una operaci\u00f3n complicada, sin duda el club sigue atento al mercado buscando redondear una plantilla que permita competir por todos los t\u00edtulos esta temporada.<\/p>\n","protected":false},"excerpt":{"rendered":"Parece que el Real Madrid sigue activo en la b\u00fasqueda de un exterior que complete la plantilla, y&hellip;\n","protected":false},"author":2,"featured_media":122504,"comment_status":"","ping_status":"","sticky":false,"template":"","format":"standard","meta":{"footnotes":""},"categories":[269],"tags":[299,298,35570,168,35571,25,24,35572,285,831,35573,40263,1725,40264,3048,25675,3049,23,167,40265],"class_list":{"0":"post-122503","1":"post","2":"type-post","3":"status-publish","4":"format-standard","5":"has-post-thumbnail","7":"category-baloncesto","8":"tag-baloncesto","9":"tag-basketball","10":"tag-denver-nuggets","11":"tag-deportes","12":"tag-detroit-pistons","13":"tag-es","14":"tag-espana","15":"tag-euroleague","16":"tag-fichajes","17":"tag-liga-acb","18":"tag-martynas-pocius","19":"tag-minnesota-timberwolves","20":"tag-nba","21":"tag-phoenix-suns","22":"tag-real-madrid","23":"tag-sergio-rodriguez","24":"tag-sergio-scariolo","25":"tag-spain","26":"tag-sports","27":"tag-washington-wizards"},"share_on_mastodon":{"url":"","error":""},"_links":{"self":[{"href":"https:\/\/www.europesays.com\/es\/wp-json\/wp\/v2\/posts\/122503","targetHints":{"allow":["GET"]}}],"collection":[{"href":"https:\/\/www.europesays.com\/es\/wp-json\/wp\/v2\/posts"}],"about":[{"href":"https:\/\/www.europesays.com\/es\/wp-json\/wp\/v2\/types\/post"}],"author":[{"embeddable":true,"href":"https:\/\/www.europesays.com\/es\/wp-json\/wp\/v2\/users\/2"}],"replies":[{"embeddable":true,"href":"https:\/\/www.europesays.com\/es\/wp-json\/wp\/v2\/comments?post=122503"}],"version-history":[{"count":0,"href":"https:\/\/www.europesays.com\/es\/wp-json\/wp\/v2\/posts\/122503\/revisions"}],"wp:featuredmedia":[{"embeddable":true,"href":"https:\/\/www.europesays.com\/es\/wp-json\/wp\/v2\/media\/122504"}],"wp:attachment":[{"href":"https:\/\/www.europesays.com\/es\/wp-json\/wp\/v2\/media?parent=122503"}],"wp:term":[{"taxonomy":"category","embeddable":true,"href":"https:\/\/www.europesays.com\/es\/wp-json\/wp\/v2\/categories?post=122503"},{"taxonomy":"post_tag","embeddable":true,"href":"https:\/\/www.europesays.com\/es\/wp-json\/wp\/v2\/tags?post=122503"}],"curies":[{"name":"wp","href":"https:\/\/api.w.org\/{rel}","templated":true}]}}