{"id":122505,"date":"2025-09-18T07:09:08","date_gmt":"2025-09-18T07:09:08","guid":{"rendered":"https:\/\/www.europesays.com\/es\/122505\/"},"modified":"2025-09-18T07:09:08","modified_gmt":"2025-09-18T07:09:08","slug":"el-betis-podia-haberme-dejado-libre-pero-decidio-que-siguiera","status":"publish","type":"post","link":"https:\/\/www.europesays.com\/es\/122505\/","title":{"rendered":"\u00abEl Betis pod\u00eda haberme dejado libre, pero decidi\u00f3 que siguiera\u00bb"},"content":{"rendered":"<p class=\"voc-p\" style=\"\">Uno de los nombres propios de este final de mercado ha sido el de <strong>C\u00e9dric Bakambu<\/strong>. Si bien el Betis se plante\u00f3 su salida en verano, el delantero ha dejado claro que su contrato tiene una cl\u00e1usula por la que el club podr\u00eda haberlo dejado libre, \u00abpero decidieron seguir conmigo\u00bb. <\/p>\n<p class=\"voc-p\" style=\"\">\u00abYo aqu\u00ed estoy bien, soy feliz. Ya sabes que<strong> me llaman el pr\u00edncipe de Montequinto<\/strong>. El a\u00f1o pasado fue una temporada buena para el equipo, para m\u00ed tambi\u00e9n, y yo quiero seguir as\u00ed. Debes saber que hab\u00eda una opci\u00f3n en mi contrato donde el Betis pod\u00eda dejarme libre, pero decidieron seguir conmigo. Yo estoy aqu\u00ed a disposici\u00f3n del club y vamos a ver esta temporada\u00ab, asegura el jugador en los medios oficiales del Betis. <\/p>\n<p class=\"voc-p\" style=\"\">Adem\u00e1s, el jugador afirma que nota el cari\u00f1o del beticismo: \u00abSi el club decide seguir conmigo yo seguir\u00e9, pero si el club decide otra cosa tranquilo. <strong>El club no va a tener problemas conmigo<\/strong>. Eso es lo m\u00e1s importante. Tengo ganas de poder jugar esta temporada. Quiero meter m\u00e1s goles con el Betis. Mis sensaciones son buenas, pero siempre se puede mejorar\u00ab.<\/p>\n<p class=\"voc-p\" style=\"\">Lo cierto es que el arranque de temporada no ha sido nada malo para Bakambu, el cual ha marcado <strong>tres goles con su selecci\u00f3n<\/strong> y otro con el Betis, en el duelo ante el Athletic. Respecto a su situaci\u00f3n f\u00edsica y deportiva, el atacante asegura que est\u00e1 en un buen momento: \u00abYo durante mi carrera no tuve muchas lesiones. Aqu\u00ed contra el Sevilla fue casi la \u00fanica lesi\u00f3n que he tenido. Eso est\u00e1 detr\u00e1s de m\u00ed, ahora estoy bien y lo noto. La gente lo puede notar tambi\u00e9n. <strong>A d\u00eda de hoy tenemos un Bakambu diferente que el Bakambu del inicio<\/strong> de la temporada pasada\u00ab.<\/p>\n<p class=\"voc-title\">\u00abSiempre es bueno jugar en campos llenos y La Cartuja es un estadio muy grande\u00bb<\/p>\n<p class=\"voc-p\" style=\"\">Bakambu tambi\u00e9n se muestra con ganas de ver hasta d\u00f3nde puede llegar este grupo: \u00abCreo que podemos hacer cosas mejores que el a\u00f1o pasado. Ahora tenemos que demostrarlo en el campo. <strong>Necesitamos tiempo para automatizar las conexiones<\/strong>. Creo que en poco tiempo vamos a ver el mejor nivel del Betis. Yo veo los entrenamientos, veo los jugadores, con ganas y eso es lo que necesitamos\u00ab.<\/p>\n<p class=\"voc-p\" style=\"\">Tambi\u00e9n se refiri\u00f3 al apretado calendario que tiene el Betis por delante, ahora que inicia su andadura en la Europa League:  \u00abEs muy importante estar enfocados. Tenemos que sumar puntos y empezar bien la Europa League. Ahora tenemos casi dos equipos de un nivel similar, hay que seguir aqu\u00ed\u00bb.<\/p>\n<p class=\"voc-p\" style=\"\">Cuestionado por el cambio del Villamar\u00edn a la Cartuja, Bakambu tiene claro cu\u00e1l es su escenario favorito. \u00abEs una locura. Siempre es bueno jugar en campos llenos y <strong>La Cartuja es un estadio muy grande.<\/strong> Desde mi punto de vista yo prefiero el Villamar\u00edn, pero da igual. Ahora tenemos una nueva casa y hay que ganar los partidos all\u00ed\u00ab, asegura.<\/p>\n<p class=\"voc-p\" style=\"\">Por \u00faltimo, tambi\u00e9n se ha referido al fichaje de Antony: \u00abPara nosotros es un jugador muy potente, muy fuerte. Se nota que durante el par\u00f3n entren\u00f3 mucho. <strong>Lo veo en los entrenamientos y me alegro mucho por \u00e9l<\/strong>, porque merece un equipo como el Betis. Creo que \u00e9l nos va a dar mucho esta temporada\u00ab.<\/p>\n<p>Reportar un error<\/p>\n","protected":false},"excerpt":{"rendered":"Uno de los nombres propios de este final de mercado ha sido el de C\u00e9dric Bakambu. Si bien&hellip;\n","protected":false},"author":2,"featured_media":122506,"comment_status":"","ping_status":"","sticky":false,"template":"","format":"standard","meta":{"footnotes":""},"categories":[268],"tags":[36138,291,31462,2835,168,25,24,280,282,40266,4648,40267,281,23,167],"class_list":{"0":"post-122505","1":"post","2":"type-post","3":"status-publish","4":"format-standard","5":"has-post-thumbnail","7":"category-futbol","8":"tag-bakambu","9":"tag-betis","10":"tag-decidio","11":"tag-dejado","12":"tag-deportes","13":"tag-es","14":"tag-espana","15":"tag-football","16":"tag-futbol","17":"tag-haberme","18":"tag-libre","19":"tag-siguiera","20":"tag-soccer","21":"tag-spain","22":"tag-sports"},"share_on_mastodon":{"url":"","error":""},"_links":{"self":[{"href":"https:\/\/www.europesays.com\/es\/wp-json\/wp\/v2\/posts\/122505","targetHints":{"allow":["GET"]}}],"collection":[{"href":"https:\/\/www.europesays.com\/es\/wp-json\/wp\/v2\/posts"}],"about":[{"href":"https:\/\/www.europesays.com\/es\/wp-json\/wp\/v2\/types\/post"}],"author":[{"embeddable":true,"href":"https:\/\/www.europesays.com\/es\/wp-json\/wp\/v2\/users\/2"}],"replies":[{"embeddable":true,"href":"https:\/\/www.europesays.com\/es\/wp-json\/wp\/v2\/comments?post=122505"}],"version-history":[{"count":0,"href":"https:\/\/www.europesays.com\/es\/wp-json\/wp\/v2\/posts\/122505\/revisions"}],"wp:featuredmedia":[{"embeddable":true,"href":"https:\/\/www.europesays.com\/es\/wp-json\/wp\/v2\/media\/122506"}],"wp:attachment":[{"href":"https:\/\/www.europesays.com\/es\/wp-json\/wp\/v2\/media?parent=122505"}],"wp:term":[{"taxonomy":"category","embeddable":true,"href":"https:\/\/www.europesays.com\/es\/wp-json\/wp\/v2\/categories?post=122505"},{"taxonomy":"post_tag","embeddable":true,"href":"https:\/\/www.europesays.com\/es\/wp-json\/wp\/v2\/tags?post=122505"}],"curies":[{"name":"wp","href":"https:\/\/api.w.org\/{rel}","templated":true}]}}