{"id":122513,"date":"2025-09-18T07:15:22","date_gmt":"2025-09-18T07:15:22","guid":{"rendered":"https:\/\/www.europesays.com\/es\/122513\/"},"modified":"2025-09-18T07:15:22","modified_gmt":"2025-09-18T07:15:22","slug":"trailer-de-leo-from-chicago-documental-sobre-la-vida-de-leon-xiv-en-estados-unidos","status":"publish","type":"post","link":"https:\/\/www.europesays.com\/es\/122513\/","title":{"rendered":"Tr\u00e1iler de Leo from Chicago, documental sobre la vida de Le\u00f3n XIV en Estados Unidos"},"content":{"rendered":"<p>                              <a href=\"https:\/\/www.aciprensa.com\/autor\/2\/walter-sanchez-silva\" rel=\"nofollow noopener\" target=\"_blank\"><br \/>\n                  <img loading=\"lazy\" decoding=\"async\" alt=\"Walter S\u00e1nchez Silva\" class=\"author-image m-0 mr-4\" height=\"48\" src=\"https:\/\/www.europesays.com\/es\/wp-content\/uploads\/2025\/09\/1758179722_954_WalterSanchesilva.jpg\" width=\"48\"\/><br \/>\n                <\/a><\/p>\n<p> Por<br \/>\n                                  <a href=\"https:\/\/www.aciprensa.com\/autor\/2\/walter-sanchez-silva\" rel=\"nofollow noopener\" target=\"_blank\">Walter S\u00e1nchez Silva<\/a>\n                                <\/p>\n<p class=\"post-info date-author\">\n                                  13 de septiembre de 2025<br \/>08:01 p. m.\n                              <\/p>\n<p class=\"post-info date-author-mobile\">\n                  Sep. 13, 2025<br \/>08:01 p. m.\n                <\/p>\n<p>El Vaticano lanz\u00f3 este s\u00e1bado, en la v\u00edspera de <a href=\"https:\/\/www.aciprensa.com\/noticias\/117191\/feliz-cumpleanos-70-querido-papa-leon-xiv\" rel=\"noopener noreferrer nofollow\" target=\"_blank\">su 70 cumplea\u00f1os<\/a>, el tr\u00e1iler del documental Leo from Chicago, sobre la vida del Papa Le\u00f3n XIV en Estados Unidos, pa\u00eds donde naci\u00f3.<\/p>\n<p>El documental, realizado por la Direcci\u00f3n Editorial del Dicasterio para la Comunicaci\u00f3n, en colaboraci\u00f3n con la Arquidi\u00f3cesis de Chicago y el Apostolado El Sembrador Nueva Evangelizaci\u00f3n (ESNE), recorre la historia, hasta sus ra\u00edces, del Papa en el pa\u00eds norteamericano.<\/p>\n<p>\tRecibe las principales noticias de ACI Prensa por WhatsApp y Telegram<\/p>\n<p class=\"box-desc\">Cada vez es m\u00e1s dif\u00edcil ver noticias cat\u00f3licas en las redes sociales. Suscr\u00edbete a nuestros canales gratuitos hoy:<\/p>\n<p>El proyecto, se\u00f1ala <a href=\"https:\/\/www.vaticannews.va\/es\/papa\/news\/2025-09\/documental-leo-from-chicago-medios-vaticanos-papa-estados-unidos.html\" rel=\"noopener noreferrer nofollow\" target=\"_blank\">Vatican News<\/a>, ha estado a cargo de los periodistas Deborah Castellano Lubov, Salvatore Cernuzio y Felipe Herrera-Espaliat, muestra distintos lugares como el \u00e1rea de Dolton en Chicago, donde el Papa viv\u00eda con su familia., con los recuerdos y relatos de los dos hermanos del Santo Padre, Louis Martin y John.<\/p>\n<p>Tambi\u00e9n se ven las oficinas, escuelas y parroquias dirigidas por los agustinos, el centro de estudios Uni\u00f3n Teol\u00f3gica Cat\u00f3lica, y los lugares frecuentados por Robert Prevost, como el restaurante Aurelio&#8217;s Pizza o el Rate Field, el estadio del equipo de los White Sox.<\/p>\n<p>El recorrido tambi\u00e9n incluye la Universidad de Villanova cerca de Filadelfia, y Port Charlotte (Florida), donde vive el hermano mayor del Papa.<\/p>\n<p>En el documental aparecen unos 30 testimonios de personas que conocieron a Le\u00f3n XIV en su ni\u00f1ez y juventud cuando, por ejemplo, fue a marchar a Washington para apoyar la causa de la defensa de la vida.<\/p>\n<p>Leo from Chicago es el documental que sigue a<a href=\"https:\/\/www.aciprensa.com\/noticias\/114543\/vaticano-estrena-documental-leon-de-peru-sobre-el-papa-leon-xiv\" rel=\"noopener noreferrer nofollow\" target=\"_blank\"> Le\u00f3n de Per\u00fa, presentado en junio, sobre los a\u00f1os del Papa en el pa\u00eds sudamericano<\/a>.<\/p>\n<p>Vatican News indica que Leo from Chicago estar\u00e1 disponible pr\u00f3ximamente en los canales del Vaticano.<\/p>\n<p>                    <a href=\"https:\/\/www.aciprensa.com\/autor\/2\/walter-sanchez-silva\" rel=\"nofollow noopener\" target=\"_blank\"><br \/>\n                      <img decoding=\"async\" alt=\"Walter S\u00e1nchez Silva\" src=\"https:\/\/www.europesays.com\/es\/wp-content\/uploads\/2025\/09\/1758179722_314_WalterSanchesilva.jpg\"\/><br \/>\n                    <\/a><\/p>\n<p>\n                    <b>Walter S\u00e1nchez Silva<\/b> <br \/>Soy esposo desde 2008. Con mi esposa tenemos tres hijos aqu\u00ed y uno que se fue al cielo en 2023, antes de nacer. Desde que me incorpor\u00e9 a ACI Prensa en 2005, he tenido la oportunidad de cubrir diversos eventos de la Iglesia Cat\u00f3lica. Entre ellos, las Jornadas Mundiales de la Juventud en Colonia, Madrid y R\u00edo de Janeiro y los viajes apost\u00f3licos del Papa Benedicto XVI a M\u00e9xico y del Papa Francisco a Corea del Sur. He sido enviado al Vaticano para cubrir los s\u00ednodos de la Familia, en 2015; de la Amazon\u00eda, en 2019 y el de la Sinodalidad, en 2023. Sigo de cerca la situaci\u00f3n de la Iglesia Cat\u00f3lica en Nicaragua, que sufre la persecuci\u00f3n de la dictadura de Daniel Ortega, as\u00ed como la actualidad eclesial en la regi\u00f3n.\n                  <\/p>\n","protected":false},"excerpt":{"rendered":"Por Walter S\u00e1nchez Silva 13 de septiembre de 202508:01 p. m. Sep. 13, 202508:01 p. m. El Vaticano&hellip;\n","protected":false},"author":2,"featured_media":122514,"comment_status":"","ping_status":"","sticky":false,"template":"","format":"standard","meta":{"footnotes":""},"categories":[169],"tags":[177,6084,146,147,25,24,176,40270,175,8388,400,40269,23,403],"class_list":{"0":"post-122513","1":"post","2":"type-post","3":"status-publish","4":"format-standard","5":"has-post-thumbnail","7":"category-cine","8":"tag-cine","9":"tag-documental","10":"tag-entertainment","11":"tag-entretenimiento","12":"tag-es","13":"tag-espana","14":"tag-film","15":"tag-leo-from-chicago","16":"tag-movies","17":"tag-noticias-catolicas","18":"tag-papa-leon-xiv","19":"tag-robert-prevost","20":"tag-spain","21":"tag-vaticano"},"share_on_mastodon":{"url":"","error":""},"_links":{"self":[{"href":"https:\/\/www.europesays.com\/es\/wp-json\/wp\/v2\/posts\/122513","targetHints":{"allow":["GET"]}}],"collection":[{"href":"https:\/\/www.europesays.com\/es\/wp-json\/wp\/v2\/posts"}],"about":[{"href":"https:\/\/www.europesays.com\/es\/wp-json\/wp\/v2\/types\/post"}],"author":[{"embeddable":true,"href":"https:\/\/www.europesays.com\/es\/wp-json\/wp\/v2\/users\/2"}],"replies":[{"embeddable":true,"href":"https:\/\/www.europesays.com\/es\/wp-json\/wp\/v2\/comments?post=122513"}],"version-history":[{"count":0,"href":"https:\/\/www.europesays.com\/es\/wp-json\/wp\/v2\/posts\/122513\/revisions"}],"wp:featuredmedia":[{"embeddable":true,"href":"https:\/\/www.europesays.com\/es\/wp-json\/wp\/v2\/media\/122514"}],"wp:attachment":[{"href":"https:\/\/www.europesays.com\/es\/wp-json\/wp\/v2\/media?parent=122513"}],"wp:term":[{"taxonomy":"category","embeddable":true,"href":"https:\/\/www.europesays.com\/es\/wp-json\/wp\/v2\/categories?post=122513"},{"taxonomy":"post_tag","embeddable":true,"href":"https:\/\/www.europesays.com\/es\/wp-json\/wp\/v2\/tags?post=122513"}],"curies":[{"name":"wp","href":"https:\/\/api.w.org\/{rel}","templated":true}]}}