{"id":122519,"date":"2025-09-18T07:20:05","date_gmt":"2025-09-18T07:20:05","guid":{"rendered":"https:\/\/www.europesays.com\/es\/122519\/"},"modified":"2025-09-18T07:20:05","modified_gmt":"2025-09-18T07:20:05","slug":"claves-para-no-perderse-en-la-reunion-de-la-reserva-federal-la-primera-con-el-guru-economico-de-trump-cinco-dias","status":"publish","type":"post","link":"https:\/\/www.europesays.com\/es\/122519\/","title":{"rendered":"Claves para no perderse en la reuni\u00f3n de la Reserva Federal, la primera con el gur\u00fa econ\u00f3mico de Trump &#8211; Cinco D\u00edas"},"content":{"rendered":"<ol>\n<li><a href=\"https:\/\/news.google.com\/rss\/articles\/CBMi-wFBVV95cUxOc0lfd3VFWWNyMVJRb0ZSaU1vZWFVZ1lxVDVmQkR0YlRFdXdRSjhtSlc4aGU0ZXd2ZG1SWmpUUEdKMEdWbTZRNWk1Wmx0YnBfZDRZanRoNDFUeUpVajZ6V0o5aF9sWGRST3ktZUt6c3c1TGVDTlN0eXJabDNNWGpzTjVyUFJnXzY5aFo1Wjc5aVRuVzFFTzQtYnB3SDByNzVONFNFUTlmaThsTXZZd1pTSkF6a3NZZWtOc3RmdUNmYl9ZZ3JUemh4NW5qczRJZnJqZVVXUWdqZ29xX18wNzRRMms2MmFBcnNtVlZGQUNGVjhpclRQd2w0cFVlOA?oc=5\" target=\"_blank\" rel=\"nofollow noopener\">Claves para no perderse en la reuni\u00f3n de la Reserva Federal, la primera con el gur\u00fa econ\u00f3mico de Trump<\/a>&nbsp;&nbsp;Cinco D\u00edas<\/li>\n<li><a href=\"https:\/\/news.google.com\/rss\/articles\/CBMi3wFBVV95cUxPS0RlM0JWQ0dqU0x3OXhMNGFuZjJ2eUk5WVJJS09tQ3Ixd1VFQWx0bTItOXZ4eEN6UGw3emQxczV4cHpNbWlIcVdVRGhINm9wX19Wb0NXZkN2WnlLeEluRV9JWk9GMTZ6V25GbTVnNi1kandzUlg0Q2Z6VWd2Q2FMVURxQi1pb3k5SEh3czNKNXVzaTRwUUZvamk0aHpXNGxiWlBXVjFEUzc2V2l0UTYxU2VzYkEyZ05GcXIxVnhYSy1Ed1VSbndBQmo3WTRJSVRMamhoTUY3VklzWWNDTzNN?oc=5\" target=\"_blank\" rel=\"nofollow noopener\">Stephen Miran, un disidente en la Fed para hacer cumplir los designios de Trump<\/a>&nbsp;&nbsp;Cinco D\u00edas<\/li>\n<li><a href=\"https:\/\/news.google.com\/rss\/articles\/CBMirAFBVV95cUxPeU4xVENhTW5HWlhPeDBPQURlQTV3NkFSUURxRG91OWVTYUktRGFTdEl5Y00waGVjV3p1OG81Q2k2TVdoVk9yVVV0dkFVdjRGOUhuYnp2bXRHRHYxcGhkZW92cGRWcnRmWTB5YUZ1REI2SVFSMVZxZ0JjRkI2enZndjU0RjhOUjlqdFdjNmJRZzFkV0QwUmhhaTJaVUNybkVUMjRWd3ZLNmdzNDBU?oc=5\" target=\"_blank\" rel=\"nofollow noopener\">Senado de EE.UU. ratifica a asesor econ\u00f3mico de Trump como gobernador de la Fed<\/a>&nbsp;&nbsp;elDiario.es<\/li>\n<li><a href=\"https:\/\/news.google.com\/rss\/articles\/CBMipwJBVV95cUxNVm1PeGN0aHRPcGtiQ09zd29iYUt5UFh4bWE3MFZGZDZGT3Nua195ZkU3aEFHQV8ybHdwTURsQ092M0ZPSkVQMnhLRXVJTmFfeUZTUFFWMXgtN1U3NlZWUFpmc3NFQWJHZVVZU2VLd3V2TWRSQWc1bnlENlRPbjJyZHlZU2JwZEp4cm82dENrc2ttN281S1c2YUhGT19EaFdYdkNzdjIzcl8zMy05dmphVDJrU0tXRlhnb05YRXJ3SGVJOHZTekJyT2NnOXFYUmxlbUg3bFZnSnpJcjQweDFUTWhVeFhpamRXZEJyNkhsME40aEpSNTVQcUFmdnNMcU1hdkUtTlhUSDAtTTNnOGhVb2ExeFQzXzJNcEdMNzNOeTBGQjR0SDBF0gGSAkFVX3lxTE9fdkNxOTlUUnpvR2Fyc043dVF5bkYtc1hpYXUyU3hhNTg3R2hFOTFFMTVWUVBDQWpON3NoczJqS1ZUYllXUUNWV0ptc1ZmdGFfWWJWUHVNZmpZejhxVm5mdHduN0NMQVZSNzVyN1p2WFJHUlRpUGpiczNBZzdacDZUbDNyd2FWQ2tjb3JTa0FvckoxaUxVRjZOU3lwY0YwT3Y5NUNPU3l5Ui16ZzJFWHBIQ1V4STNxSnZnQWIwUzBIXzJMMG5NdjlEOWp3VnVoUlNSUzUwUXduWXN3QjNtcW1TWjVkRmcybWZFYWVBeF9EZkhqcE1xNDhvR0VuQnRuT0s2Mko0YUxEbUw3OVdJNGdzbFE?oc=5\" target=\"_blank\" rel=\"nofollow noopener\">Trump resucita el &#8216;tercer mandato&#8217; olvidado de la Fed: el nuevo &#8216;hombre del presidente&#8217; mira m\u00e1s all\u00e1 de la inflaci\u00f3n y empleo<\/a>&nbsp;&nbsp;El Economista<\/li>\n<li><a href=\"https:\/\/news.google.com\/rss\/articles\/CBMiyAFBVV95cUxNQ25icHE1aGhJV3JJTkxhV1BOcWxaMk96Z0JSMVZ2Q0dJSWhrUU85TUFzMGJNNE9rdFVkak44N1FUWTRYZzNFclU0UGQ1ek9EaW9TazAtLWRjNUQ2M0xicDlZdlp5eHNvZFBfdzZza0o4QXlpeXhmakl2Mnl1YU13bzVsMGVCM2U5Um1pLTJNUGVWWVM1TlY5NW9XOEFieTJCbTUwcW1wQXBjMENIc2VjOUNjWTA0M1FHYVRVY0FYblBndWVRQ0k5bg?oc=5\" target=\"_blank\" rel=\"nofollow noopener\">El candidato de Trump se convierte en gobernador de la Fed, que se re\u00fane por las tasas<\/a>&nbsp;&nbsp;SWI swissinfo.ch<\/li>\n<\/ol>\n","protected":false},"excerpt":{"rendered":"Claves para no perderse en la reuni\u00f3n de la Reserva Federal, la primera con el gur\u00fa econ\u00f3mico de&hellip;\n","protected":false},"author":2,"featured_media":120783,"comment_status":"","ping_status":"","sticky":false,"template":"","format":"standard","meta":{"footnotes":""},"categories":[80],"tags":[82,95,94,25,24,23],"class_list":{"0":"post-122519","1":"post","2":"type-post","3":"status-publish","4":"format-standard","5":"has-post-thumbnail","7":"category-economia","8":"tag-business","9":"tag-economia","10":"tag-economy","11":"tag-es","12":"tag-espana","13":"tag-spain"},"share_on_mastodon":{"url":"","error":""},"_links":{"self":[{"href":"https:\/\/www.europesays.com\/es\/wp-json\/wp\/v2\/posts\/122519","targetHints":{"allow":["GET"]}}],"collection":[{"href":"https:\/\/www.europesays.com\/es\/wp-json\/wp\/v2\/posts"}],"about":[{"href":"https:\/\/www.europesays.com\/es\/wp-json\/wp\/v2\/types\/post"}],"author":[{"embeddable":true,"href":"https:\/\/www.europesays.com\/es\/wp-json\/wp\/v2\/users\/2"}],"replies":[{"embeddable":true,"href":"https:\/\/www.europesays.com\/es\/wp-json\/wp\/v2\/comments?post=122519"}],"version-history":[{"count":0,"href":"https:\/\/www.europesays.com\/es\/wp-json\/wp\/v2\/posts\/122519\/revisions"}],"wp:featuredmedia":[{"embeddable":true,"href":"https:\/\/www.europesays.com\/es\/wp-json\/wp\/v2\/media\/120783"}],"wp:attachment":[{"href":"https:\/\/www.europesays.com\/es\/wp-json\/wp\/v2\/media?parent=122519"}],"wp:term":[{"taxonomy":"category","embeddable":true,"href":"https:\/\/www.europesays.com\/es\/wp-json\/wp\/v2\/categories?post=122519"},{"taxonomy":"post_tag","embeddable":true,"href":"https:\/\/www.europesays.com\/es\/wp-json\/wp\/v2\/tags?post=122519"}],"curies":[{"name":"wp","href":"https:\/\/api.w.org\/{rel}","templated":true}]}}