{"id":122520,"date":"2025-09-18T07:21:11","date_gmt":"2025-09-18T07:21:11","guid":{"rendered":"https:\/\/www.europesays.com\/es\/122520\/"},"modified":"2025-09-18T07:21:11","modified_gmt":"2025-09-18T07:21:11","slug":"ordenan-expulsar-a-lider-estudiantil-propalestino-dw-18-09-2025","status":"publish","type":"post","link":"https:\/\/www.europesays.com\/es\/122520\/","title":{"rendered":"ordenan expulsar a l\u00edder estudiantil propalestino \u2013 DW \u2013 18\/09\/2025"},"content":{"rendered":"<p>Una jueza de <a class=\"internal-link\" href=\"https:\/\/www.dw.com\/es\/estados-unidos\/t-17411942\" rel=\"nofollow noopener\" target=\"_blank\">Estados Unidos<\/a> orden\u00f3 deportar al l\u00edder de varias protestas estudiantiles propalestinas Mahmoud Khalil a Argelia o Siria tras no revelar informaci\u00f3n en su solicitud de tarjeta de residencia, seg\u00fan documentos judiciales presentados este mi\u00e9rcoles (17.09.2025).<\/p>\n<p>\u00abPor la presente se ordena adem\u00e1s que el demandado sea removido de Estados Unidos a Argelia, o alternativamente a Siria\u00bb, escribi\u00f3 la jueza Jamee Comans en el texto.<\/p>\n<p>La orden fechada el 12 de septiembre se\u00f1ala la falta de informaci\u00f3n completa en la solicitud migratoria de Khalil.\u00a0<\/p>\n<p>Este \u00abno fue un descuido por parte de un solicitante desinformado o sin educaci\u00f3n (&#8230;). Este tribunal encuentra que el demandado tergivers\u00f3 intencionadamente hechos materiales\u00bb, asegura.<\/p>\n<p>Fue detenido en marzo<\/p>\n<p>Khalil, en un comunicado a la Uni\u00f3n estadounidense por las Libertades Civiles (ACLU), respondi\u00f3 que \u00abno es ninguna sorpresa que la administraci\u00f3n de Trump contin\u00fae tomando represalias\u00bb en su contra \u00abpor ejercer\u00bb su derecho a la libertad de expresi\u00f3n.<\/p>\n<p>El l\u00edder estudiantil naci\u00f3 en Siria de padres palestinos, pero es residente legal permanente en Estados Unidos y est\u00e1 casado con una ciudadana y es padre de un hijo nacido en el pa\u00eds. Fue detenido en marzo y estuvo tres meses privado de su libertad mientras enfrentaba una posible deportaci\u00f3n.\u00a0<\/p>\n<p>El exalumno de la Universidad de Columbia fue uno de los l\u00edderes m\u00e1s visibles de las protestas propalestinas en campus universitarios de todo Estados Unidos contra la conducci\u00f3n de Israel de su guerra en Gaza contra el movimiento islamista Ham\u00e1s.<\/p>\n<p>mg (afp, Telemundo)<\/p>\n<p>\u00a0<\/p>\n","protected":false},"excerpt":{"rendered":"Una jueza de Estados Unidos orden\u00f3 deportar al l\u00edder de varias protestas estudiantiles propalestinas Mahmoud Khalil a Argelia&hellip;\n","protected":false},"author":2,"featured_media":122521,"comment_status":"","ping_status":"","sticky":false,"template":"","format":"standard","meta":{"footnotes":""},"categories":[42],"tags":[17,18,13,14,11,61,62,63,64,19,20,9,10,15,16,12,21,22,65,66,67],"class_list":{"0":"post-122520","1":"post","2":"type-post","3":"status-publish","4":"format-standard","5":"has-post-thumbnail","7":"category-internacional","8":"tag-breaking-news","9":"tag-breakingnews","10":"tag-featured-news","11":"tag-featurednews","12":"tag-headlines","13":"tag-internacional","14":"tag-international","15":"tag-international-news","16":"tag-internationalnews","17":"tag-latest-news","18":"tag-latestnews","19":"tag-news","20":"tag-noticias","21":"tag-noticias-destacadas","22":"tag-noticiasdestacadas","23":"tag-titulares","24":"tag-ultimas-noticias","25":"tag-ultimasnoticias","26":"tag-world","27":"tag-world-news","28":"tag-worldnews"},"share_on_mastodon":{"url":"","error":""},"_links":{"self":[{"href":"https:\/\/www.europesays.com\/es\/wp-json\/wp\/v2\/posts\/122520","targetHints":{"allow":["GET"]}}],"collection":[{"href":"https:\/\/www.europesays.com\/es\/wp-json\/wp\/v2\/posts"}],"about":[{"href":"https:\/\/www.europesays.com\/es\/wp-json\/wp\/v2\/types\/post"}],"author":[{"embeddable":true,"href":"https:\/\/www.europesays.com\/es\/wp-json\/wp\/v2\/users\/2"}],"replies":[{"embeddable":true,"href":"https:\/\/www.europesays.com\/es\/wp-json\/wp\/v2\/comments?post=122520"}],"version-history":[{"count":0,"href":"https:\/\/www.europesays.com\/es\/wp-json\/wp\/v2\/posts\/122520\/revisions"}],"wp:featuredmedia":[{"embeddable":true,"href":"https:\/\/www.europesays.com\/es\/wp-json\/wp\/v2\/media\/122521"}],"wp:attachment":[{"href":"https:\/\/www.europesays.com\/es\/wp-json\/wp\/v2\/media?parent=122520"}],"wp:term":[{"taxonomy":"category","embeddable":true,"href":"https:\/\/www.europesays.com\/es\/wp-json\/wp\/v2\/categories?post=122520"},{"taxonomy":"post_tag","embeddable":true,"href":"https:\/\/www.europesays.com\/es\/wp-json\/wp\/v2\/tags?post=122520"}],"curies":[{"name":"wp","href":"https:\/\/api.w.org\/{rel}","templated":true}]}}