{"id":122524,"date":"2025-09-18T07:23:08","date_gmt":"2025-09-18T07:23:08","guid":{"rendered":"https:\/\/www.europesays.com\/es\/122524\/"},"modified":"2025-09-18T07:23:08","modified_gmt":"2025-09-18T07:23:08","slug":"dia-internacional-de-la-paella","status":"publish","type":"post","link":"https:\/\/www.europesays.com\/es\/122524\/","title":{"rendered":"D\u00eda internacional de la paella"},"content":{"rendered":"<p>Cada 20 de septiembre, coincidiendo con la siega del arroz, Val\u00e8ncia se convierte en capital mundial de la paella. Es la fecha en la que los valencianos rendimos homenaje al plato m\u00e1s internacional de la terreta y lo compartimos con el resto del planeta.<\/p>\n<p>\ud83d\udccd El epicentro de la fiesta estar\u00e1 en <strong>la Marina de Val\u00e8ncia (Pla\u00e7a de L\u2019Aigua, junto al Tinglado n\u00ba2), <\/strong>donde doce chefs llegados de diferentes pa\u00edses encender\u00e1n los fogones para disputar la World Paella Day Cup 2025: el t\u00edtulo a la <strong>mejor paella del mundo cocinada por un chef internacional.<\/strong><\/p>\n<p>El concurso podr\u00e1 seguirse en directo en una pantalla gigante<strong> de 10:00 a 15:00 h, <\/strong>y <strong>a partir de las 12:00 h el p\u00fablico podr\u00e1 saborear raciones de paella a 5 \u20ac <\/strong>y <strong>bebida a 2 \u20ac<\/strong> en las barras habilitadas en el Tinglado n\u00ba2.<\/p>\n<p>\ud83e\udd47 <strong>La copa ya luce en el Mercado Central,<\/strong> donde permanecer\u00e1 hasta el s\u00e1bado por la ma\u00f1ana, cuando ser\u00e1 trasladada al escenario del concurso. <strong>El viernes 19, los chefs finalistas se har\u00e1n la tradicional foto con el trofeo en el mercado.<\/strong><\/p>\n<p>\ud83c\udf0d No importa desde qu\u00e9 rinc\u00f3n del mundo nos visites: el 20 de septiembre el men\u00fa est\u00e1 decidido\u2026 un buen plato de paella para celebrar juntos el d\u00eda de esta joya gastron\u00f3mica universal.<\/p>\n<p><strong>Bon profit!<\/strong><\/p>\n","protected":false},"excerpt":{"rendered":"Cada 20 de septiembre, coincidiendo con la siega del arroz, Val\u00e8ncia se convierte en capital mundial de la&hellip;\n","protected":false},"author":2,"featured_media":122525,"comment_status":"","ping_status":"","sticky":false,"template":"","format":"standard","meta":{"footnotes":""},"categories":[5],"tags":[17,18,25,24,13,14,11,19,20,9,10,15,16,23967,23,12,21,22,40271],"class_list":{"0":"post-122524","1":"post","2":"type-post","3":"status-publish","4":"format-standard","5":"has-post-thumbnail","7":"category-titulares","8":"tag-breaking-news","9":"tag-breakingnews","10":"tag-es","11":"tag-espana","12":"tag-featured-news","13":"tag-featurednews","14":"tag-headlines","15":"tag-latest-news","16":"tag-latestnews","17":"tag-news","18":"tag-noticias","19":"tag-noticias-destacadas","20":"tag-noticiasdestacadas","21":"tag-paella","22":"tag-spain","23":"tag-titulares","24":"tag-ultimas-noticias","25":"tag-ultimasnoticias","26":"tag-world-paella-day"},"share_on_mastodon":{"url":"","error":""},"_links":{"self":[{"href":"https:\/\/www.europesays.com\/es\/wp-json\/wp\/v2\/posts\/122524","targetHints":{"allow":["GET"]}}],"collection":[{"href":"https:\/\/www.europesays.com\/es\/wp-json\/wp\/v2\/posts"}],"about":[{"href":"https:\/\/www.europesays.com\/es\/wp-json\/wp\/v2\/types\/post"}],"author":[{"embeddable":true,"href":"https:\/\/www.europesays.com\/es\/wp-json\/wp\/v2\/users\/2"}],"replies":[{"embeddable":true,"href":"https:\/\/www.europesays.com\/es\/wp-json\/wp\/v2\/comments?post=122524"}],"version-history":[{"count":0,"href":"https:\/\/www.europesays.com\/es\/wp-json\/wp\/v2\/posts\/122524\/revisions"}],"wp:featuredmedia":[{"embeddable":true,"href":"https:\/\/www.europesays.com\/es\/wp-json\/wp\/v2\/media\/122525"}],"wp:attachment":[{"href":"https:\/\/www.europesays.com\/es\/wp-json\/wp\/v2\/media?parent=122524"}],"wp:term":[{"taxonomy":"category","embeddable":true,"href":"https:\/\/www.europesays.com\/es\/wp-json\/wp\/v2\/categories?post=122524"},{"taxonomy":"post_tag","embeddable":true,"href":"https:\/\/www.europesays.com\/es\/wp-json\/wp\/v2\/tags?post=122524"}],"curies":[{"name":"wp","href":"https:\/\/api.w.org\/{rel}","templated":true}]}}