{"id":122526,"date":"2025-09-18T07:25:08","date_gmt":"2025-09-18T07:25:08","guid":{"rendered":"https:\/\/www.europesays.com\/es\/122526\/"},"modified":"2025-09-18T07:25:08","modified_gmt":"2025-09-18T07:25:08","slug":"herido-un-hombre-tras-recibir-una-cornada-en-la-plaza-de-toros-de-mondejar","status":"publish","type":"post","link":"https:\/\/www.europesays.com\/es\/122526\/","title":{"rendered":"Herido un hombre tras recibir una cornada en la plaza de toros de Mond\u00e9jar"},"content":{"rendered":"<p class=\"article-text\">\n        Un hombre de 37 a\u00f1os ha resultado herido grave este mi\u00e9rcoles tras recibir una cornada durante una suelta en la plaza de toros de Mond\u00e9jar (Guadalajara).\n    <\/p>\n<p class=\"article-text\">\n        El hombre, seg\u00fan han informado a Europa Press fuentes del Servicio de Urgencias y Emergencias 112 de Castilla-La Mancha, ha sido trasladado en helic\u00f3ptero sanitario al Hospital 12 de Ocubre de Madrid.\n    <\/p>\n<p>    <a href=\"https:\/\/www.eldiario.es\/castilla-la-mancha\/social\/grave-menor-17-anos-mocejon-corneado-toro-encierro_1_12591355.html\" data-mrf-recirculation=\"saber-mas-abajo\" data-dl-event=\"saber-mas-abajo\" rel=\"nofollow noopener\" target=\"_blank\"><\/p>\n<p class=\"know-more__title\">En estado grave un menor de 17 a\u00f1os en Mocej\u00f3n tras ser corneado por un toro en un encierro\n<\/p>\n<p>            <img decoding=\"async\" class=\"lazy\" loading=\"lazy\" data-src=\"https:\/\/static.eldiario.es\/clip\/8826751b-02fd-4eaf-8b30-2513dc60f8a2_16-9-aspect-ratio_default_0.jpg\" src=\"data:image\/svg+xml,%3Csvg xmlns=\" http:=\"\" viewbox=\"0 0 880 495\" alt=\"En estado grave un menor de 17 a\u00f1os en Mocej\u00f3n tras ser corneado por un toro en un encierro\"\/><\/p>\n<p>                        <\/a><\/p>\n<p class=\"article-text\">\n        El aviso del suceso se ha recibido a las 17.57 horas y hasta el lugar se ha desplazado la Guardia Civil y el helic\u00f3ptero sanitario.\n    <\/p>\n","protected":false},"excerpt":{"rendered":"Un hombre de 37 a\u00f1os ha resultado herido grave este mi\u00e9rcoles tras recibir una cornada durante una suelta&hellip;\n","protected":false},"author":2,"featured_media":122527,"comment_status":"","ping_status":"","sticky":false,"template":"","format":"standard","meta":{"footnotes":""},"categories":[277],"tags":[517,1705,373,10906,168,25,24,1667,10907,10,1925,23,167,374],"class_list":{"0":"post-122526","1":"post","2":"type-post","3":"status-publish","4":"format-standard","5":"has-post-thumbnail","7":"category-toreo","8":"tag-actualidad","9":"tag-analisis","10":"tag-bullfighting","11":"tag-castila","12":"tag-deportes","13":"tag-es","14":"tag-espana","15":"tag-informacion","16":"tag-la-mancha","17":"tag-noticias","18":"tag-opinion","19":"tag-spain","20":"tag-sports","21":"tag-toreo"},"share_on_mastodon":{"url":"","error":""},"_links":{"self":[{"href":"https:\/\/www.europesays.com\/es\/wp-json\/wp\/v2\/posts\/122526","targetHints":{"allow":["GET"]}}],"collection":[{"href":"https:\/\/www.europesays.com\/es\/wp-json\/wp\/v2\/posts"}],"about":[{"href":"https:\/\/www.europesays.com\/es\/wp-json\/wp\/v2\/types\/post"}],"author":[{"embeddable":true,"href":"https:\/\/www.europesays.com\/es\/wp-json\/wp\/v2\/users\/2"}],"replies":[{"embeddable":true,"href":"https:\/\/www.europesays.com\/es\/wp-json\/wp\/v2\/comments?post=122526"}],"version-history":[{"count":0,"href":"https:\/\/www.europesays.com\/es\/wp-json\/wp\/v2\/posts\/122526\/revisions"}],"wp:featuredmedia":[{"embeddable":true,"href":"https:\/\/www.europesays.com\/es\/wp-json\/wp\/v2\/media\/122527"}],"wp:attachment":[{"href":"https:\/\/www.europesays.com\/es\/wp-json\/wp\/v2\/media?parent=122526"}],"wp:term":[{"taxonomy":"category","embeddable":true,"href":"https:\/\/www.europesays.com\/es\/wp-json\/wp\/v2\/categories?post=122526"},{"taxonomy":"post_tag","embeddable":true,"href":"https:\/\/www.europesays.com\/es\/wp-json\/wp\/v2\/tags?post=122526"}],"curies":[{"name":"wp","href":"https:\/\/api.w.org\/{rel}","templated":true}]}}