{"id":122528,"date":"2025-09-18T07:28:07","date_gmt":"2025-09-18T07:28:07","guid":{"rendered":"https:\/\/www.europesays.com\/es\/122528\/"},"modified":"2025-09-18T07:28:07","modified_gmt":"2025-09-18T07:28:07","slug":"la-anecdota-de-del-potro-con-lebron-james-y-justin-timberlake-no-sabiamos-que-hacer","status":"publish","type":"post","link":"https:\/\/www.europesays.com\/es\/122528\/","title":{"rendered":"La an\u00e9cdota de Del Potro con LeBron James y Justin Timberlake: \u00abNo sab\u00edamos qu\u00e9 hacer\u00bb"},"content":{"rendered":"<p data-gtm-element-container=\"modulo-texto-link\" class=\"paragraph\"><strong>El pasado 7 de septiembre Carlos Alcaraz se coronaba campe\u00f3n del US Open<\/strong>. El murciano sumaba su segundo t\u00edtulo en Nueva York, el sexto Grand Slam de su carrera, confirmando el dominio del tenis europeo en los &#8216;majors&#8217;.<\/p>\n<p data-gtm-element-container=\"modulo-texto-link\" class=\"paragraph\">De hecho, de los \u00faltimos 85 Grand Slams, 84 han ido a parar a manos de tenistas del &#8216;Viejo Continente&#8217; (Djokovic, Nadal, Federer, Murray, Wawrinka, Sinner, Alcaraz&#8230;). <strong>S\u00f3lo un hombre rompi\u00f3 esa hegemon\u00eda: Juan Mart\u00edn del Potro.<\/strong><\/p>\n<blockquote class=\"twitter-tweet\" data-lang=\"es\"><p>\n<a href=\"https:\/\/twitter.com\/Tiempodetenis1\/status\/1967238964747829658\" rel=\"nofollow noopener\" target=\"_blank\">\n<\/p><\/blockquote>\n<p data-gtm-element-container=\"modulo-texto-link\" class=\"paragraph\"><strong>El argentino rompi\u00f3 todos los pron\u00f3sticos en el US Open de 2009, cuando evit\u00f3 que Roger Federer ganara su sexto t\u00edtulo consecutivo\u00a0<\/strong> en la pista Arthur Ashe derrot\u00e1ndole por\u00a03-6, 7-6 (5), 4-6, 7-6 (4) y 6-2.<\/p>\n<p>    Lee tambi\u00e9n<\/p>\n<p data-gtm-element-container=\"modulo-texto-link\" class=\"paragraph\">Fue su gran momento de gloria, y le llev\u00f3 a vivir situaciones de lo m\u00e1s curiosas. Una de ellas tuvo lugar tras su victoria en la final, cuando recibi\u00f3 una llamada a horas intempestivas.<\/p>\n<p data-gtm-element-container=\"modulo-texto-link\" class=\"paragraph\">\u00abVolvemos al hotel tipo dos de la ma\u00f1ana y suena el tel\u00e9fono de mi habitaci\u00f3n. Atiendo y me dicen en ingl\u00e9s:<strong> &#8216;Hola Delpo, soy Justin Timberlake. Estuve en tu partido. Estoy haciendo una fiesta privada en un boliche de ac\u00e1 de New York y me gustar\u00eda que vengas <\/strong>y seas mi invitado de honor'\u00bb explic\u00f3 el extenista argentino.\u00a0<\/p>\n<p data-gtm-element-container=\"modulo-texto-link\" class=\"paragraph\">\u00abYo le dije que s\u00ed, que me pasara la direcci\u00f3n. <strong>Era un lunes, no sab\u00edamos qu\u00e9 hacer. Llegamos y era todo Hollywood: cantantes, famosos<\/strong>. De repente, el m\u00e1s importante era yo. Me acuerdo que estaba LeBron James, que fue cuando lo conoc\u00ed. Yo estaba rodeado de seguridad y \u00e9l pidiendo por favor que lo dejen pasar para sacarse una foto conmigo\u00bb a\u00f1adi\u00f3 Delpo, recientemente retirado.<\/p>\n<p><script async src=\"https:\/\/platform.twitter.com\/widgets.js\" charset=\"utf-8\"><\/script><\/p>\n","protected":false},"excerpt":{"rendered":"El pasado 7 de septiembre Carlos Alcaraz se coronaba campe\u00f3n del US Open. El murciano sumaba su segundo&hellip;\n","protected":false},"author":2,"featured_media":122529,"comment_status":"","ping_status":"","sticky":false,"template":"","format":"standard","meta":{"footnotes":""},"categories":[274],"tags":[168,25,24,23,167,327,326],"class_list":{"0":"post-122528","1":"post","2":"type-post","3":"status-publish","4":"format-standard","5":"has-post-thumbnail","7":"category-tenis","8":"tag-deportes","9":"tag-es","10":"tag-espana","11":"tag-spain","12":"tag-sports","13":"tag-tenis","14":"tag-tennis"},"share_on_mastodon":{"url":"","error":""},"_links":{"self":[{"href":"https:\/\/www.europesays.com\/es\/wp-json\/wp\/v2\/posts\/122528","targetHints":{"allow":["GET"]}}],"collection":[{"href":"https:\/\/www.europesays.com\/es\/wp-json\/wp\/v2\/posts"}],"about":[{"href":"https:\/\/www.europesays.com\/es\/wp-json\/wp\/v2\/types\/post"}],"author":[{"embeddable":true,"href":"https:\/\/www.europesays.com\/es\/wp-json\/wp\/v2\/users\/2"}],"replies":[{"embeddable":true,"href":"https:\/\/www.europesays.com\/es\/wp-json\/wp\/v2\/comments?post=122528"}],"version-history":[{"count":0,"href":"https:\/\/www.europesays.com\/es\/wp-json\/wp\/v2\/posts\/122528\/revisions"}],"wp:featuredmedia":[{"embeddable":true,"href":"https:\/\/www.europesays.com\/es\/wp-json\/wp\/v2\/media\/122529"}],"wp:attachment":[{"href":"https:\/\/www.europesays.com\/es\/wp-json\/wp\/v2\/media?parent=122528"}],"wp:term":[{"taxonomy":"category","embeddable":true,"href":"https:\/\/www.europesays.com\/es\/wp-json\/wp\/v2\/categories?post=122528"},{"taxonomy":"post_tag","embeddable":true,"href":"https:\/\/www.europesays.com\/es\/wp-json\/wp\/v2\/tags?post=122528"}],"curies":[{"name":"wp","href":"https:\/\/api.w.org\/{rel}","templated":true}]}}