{"id":122530,"date":"2025-09-18T07:29:08","date_gmt":"2025-09-18T07:29:08","guid":{"rendered":"https:\/\/www.europesays.com\/es\/122530\/"},"modified":"2025-09-18T07:29:08","modified_gmt":"2025-09-18T07:29:08","slug":"basta-de-alentar-el-caos-que-tanto-dana-la-imagen-de-espana-y-el-prestigio-de-la-vuelta","status":"publish","type":"post","link":"https:\/\/www.europesays.com\/es\/122530\/","title":{"rendered":"\u00a1Basta de alentar el caos que tanto da\u00f1a la imagen de Espa\u00f1a y el prestigio de La Vuelta!"},"content":{"rendered":"<p>De todos es sabido que el pasado domingo, hacia las seis de la tarde, un grupo de <strong>manifestantes propalestinos<\/strong> <a href=\"https:\/\/www.elperiodico.com\/es\/deportes\/20250915\/ultima-hora-vuelta-hoy-directo-121453549\" target=\"_blank\" rel=\"nofollow noopener\">interrumpi\u00f3 la celebraci\u00f3n de la \u00faltima etapa de la Vuelta a Espa\u00f1a<\/a>, provocando <strong>disturbios y enfrentamientos <\/strong>con la Polic\u00eda, con lanzamiento de objetos, derribo de vallas y ocupaci\u00f3n de la calzada en el paseo del Prado, la calle de Atocha y la Gran V\u00eda madrile\u00f1a.<\/p>\n<p>Ya se ven\u00eda anunciando. En etapas anteriores, e incluso el d\u00eda previo, con la final en la Bola del Mundo, ya hubo intentos de paralizar la carrera, con grave <strong>peligro para los deportistas y los aficionados<\/strong> que la segu\u00edan. Lo que resulta <strong>inaceptable <\/strong>es que un <strong>Gobierno<\/strong>, con su presidente a la cabeza, manifestara esa misma ma\u00f1ana su respeto hacia los ciclistas y, acto seguido, elogiara las acciones de los manifestantes. <\/p>\n<p>Finalmente, se hizo necesario <strong>desplegar un amplio dispositivo de seguridad<\/strong> y actuar con contundencia, mientras familias que hab\u00edan acudido con sus hijos a disfrutar de un acontecimiento deportivo deb\u00edan ser evacuadas, entre los sollozos de los peque\u00f1os. \u00a1Basta ya de enfrentamientos! \u00a1Basta de alentar el caos que tanto da\u00f1a la imagen de Espa\u00f1a y el prestigio de una de las grandes carreras internacionales del ciclismo!<\/p>\n","protected":false},"excerpt":{"rendered":"De todos es sabido que el pasado domingo, hacia las seis de la tarde, un grupo de manifestantes&hellip;\n","protected":false},"author":2,"featured_media":122531,"comment_status":"","ping_status":"","sticky":false,"template":"","format":"standard","meta":{"footnotes":""},"categories":[273],"tags":[40272,313,312,168,12955,25,24,23,167],"class_list":{"0":"post-122530","1":"post","2":"type-post","3":"status-publish","4":"format-standard","5":"has-post-thumbnail","7":"category-ciclismo","8":"tag-basta-de-alentar-el-caos-que-tanto-dana-la-imagen-de-espana-y-el-prestigio-de-la-vuelta","9":"tag-ciclismo","10":"tag-cycling","11":"tag-deportes","12":"tag-entre-todos","13":"tag-es","14":"tag-espana","15":"tag-spain","16":"tag-sports"},"share_on_mastodon":{"url":"","error":""},"_links":{"self":[{"href":"https:\/\/www.europesays.com\/es\/wp-json\/wp\/v2\/posts\/122530","targetHints":{"allow":["GET"]}}],"collection":[{"href":"https:\/\/www.europesays.com\/es\/wp-json\/wp\/v2\/posts"}],"about":[{"href":"https:\/\/www.europesays.com\/es\/wp-json\/wp\/v2\/types\/post"}],"author":[{"embeddable":true,"href":"https:\/\/www.europesays.com\/es\/wp-json\/wp\/v2\/users\/2"}],"replies":[{"embeddable":true,"href":"https:\/\/www.europesays.com\/es\/wp-json\/wp\/v2\/comments?post=122530"}],"version-history":[{"count":0,"href":"https:\/\/www.europesays.com\/es\/wp-json\/wp\/v2\/posts\/122530\/revisions"}],"wp:featuredmedia":[{"embeddable":true,"href":"https:\/\/www.europesays.com\/es\/wp-json\/wp\/v2\/media\/122531"}],"wp:attachment":[{"href":"https:\/\/www.europesays.com\/es\/wp-json\/wp\/v2\/media?parent=122530"}],"wp:term":[{"taxonomy":"category","embeddable":true,"href":"https:\/\/www.europesays.com\/es\/wp-json\/wp\/v2\/categories?post=122530"},{"taxonomy":"post_tag","embeddable":true,"href":"https:\/\/www.europesays.com\/es\/wp-json\/wp\/v2\/tags?post=122530"}],"curies":[{"name":"wp","href":"https:\/\/api.w.org\/{rel}","templated":true}]}}