{"id":122532,"date":"2025-09-18T07:30:23","date_gmt":"2025-09-18T07:30:23","guid":{"rendered":"https:\/\/www.europesays.com\/es\/122532\/"},"modified":"2025-09-18T07:30:23","modified_gmt":"2025-09-18T07:30:23","slug":"la-comunidad-de-madrid-apoya-a-los-alumnos-del-instituto-publico-de-fuenlabrada-finalistas-de-la-competicion-f1-in-schools-2","status":"publish","type":"post","link":"https:\/\/www.europesays.com\/es\/122532\/","title":{"rendered":"La Comunidad de Madrid apoya a los alumnos del instituto p\u00fablico de Fuenlabrada finalistas de la competici\u00f3n F1\u00ae in Schools"},"content":{"rendered":"<p>El consejero de Educaci\u00f3n, Ciencia y Universidades de la Comunidad de Madrid, Emilio Viciana, ha recibido hoy a los alumnos del instituto p\u00fablico Jos\u00e9 Luis L\u00f3pez Aranguren de Fuenlabrada que ganaron la competici\u00f3n nacional de F\u00f3rmula 1 F1\u00ae in Schools, y que viajar\u00e1n el d\u00eda 27 de septiembre a Singapur para representar a Espa\u00f1a en la final internacional. Estos estudiantes han afrontado el reto de desarrollar su talento en disciplinas como ingenier\u00eda, dise\u00f1o industrial, marketing y comunicaci\u00f3n y gesti\u00f3n, ya que cada conjunto participante organiza su propia escuder\u00eda que lanza a la pista su monoplaza a escala.<\/p>\n<p>La Comunidad de Madrid ha apoyado a estos j\u00f3venes ayud\u00e1ndoles a conseguir los patrocinadores para lograr sus objetivos, as\u00ed como financiando parte del viaje. Adem\u00e1s, el Gobierno regional, a trav\u00e9s de sus centros de Formaci\u00f3n del Profesorado, ha impartido cursos para 60 docentes de 30 colegios e institutos para dotarles de los conocimientos y herramientas necesarias a la hora de participar en este evento, como dosieres de dise\u00f1o, manuales y reglamentos. \u201cQueremos desear la mejor de las suertes a estos j\u00f3venes, que han afrontado con la mejor nota posible el desaf\u00edo de participar en una iniciativa que promueve las vocaciones cient\u00edfico-tecnol\u00f3gicas y la excelencia educativa dentro del mundo de la F\u00f3rmula 1, que muy pronto llegar\u00e1 a la Comunidad de Madrid\u201d, ha subrayado Viciana.<\/p>\n","protected":false},"excerpt":{"rendered":"El consejero de Educaci\u00f3n, Ciencia y Universidades de la Comunidad de Madrid, Emilio Viciana, ha recibido hoy a&hellip;\n","protected":false},"author":2,"featured_media":122533,"comment_status":"","ping_status":"","sticky":false,"template":"","format":"standard","meta":{"footnotes":""},"categories":[270],"tags":[168,25,24,306,271,272,23,167],"class_list":{"0":"post-122532","1":"post","2":"type-post","3":"status-publish","4":"format-standard","5":"has-post-thumbnail","7":"category-formula-1","8":"tag-deportes","9":"tag-es","10":"tag-espana","11":"tag-f1","12":"tag-formula-1","13":"tag-formula1","14":"tag-spain","15":"tag-sports"},"share_on_mastodon":{"url":"","error":""},"_links":{"self":[{"href":"https:\/\/www.europesays.com\/es\/wp-json\/wp\/v2\/posts\/122532","targetHints":{"allow":["GET"]}}],"collection":[{"href":"https:\/\/www.europesays.com\/es\/wp-json\/wp\/v2\/posts"}],"about":[{"href":"https:\/\/www.europesays.com\/es\/wp-json\/wp\/v2\/types\/post"}],"author":[{"embeddable":true,"href":"https:\/\/www.europesays.com\/es\/wp-json\/wp\/v2\/users\/2"}],"replies":[{"embeddable":true,"href":"https:\/\/www.europesays.com\/es\/wp-json\/wp\/v2\/comments?post=122532"}],"version-history":[{"count":0,"href":"https:\/\/www.europesays.com\/es\/wp-json\/wp\/v2\/posts\/122532\/revisions"}],"wp:featuredmedia":[{"embeddable":true,"href":"https:\/\/www.europesays.com\/es\/wp-json\/wp\/v2\/media\/122533"}],"wp:attachment":[{"href":"https:\/\/www.europesays.com\/es\/wp-json\/wp\/v2\/media?parent=122532"}],"wp:term":[{"taxonomy":"category","embeddable":true,"href":"https:\/\/www.europesays.com\/es\/wp-json\/wp\/v2\/categories?post=122532"},{"taxonomy":"post_tag","embeddable":true,"href":"https:\/\/www.europesays.com\/es\/wp-json\/wp\/v2\/tags?post=122532"}],"curies":[{"name":"wp","href":"https:\/\/api.w.org\/{rel}","templated":true}]}}