{"id":122534,"date":"2025-09-18T07:31:16","date_gmt":"2025-09-18T07:31:16","guid":{"rendered":"https:\/\/www.europesays.com\/es\/122534\/"},"modified":"2025-09-18T07:31:16","modified_gmt":"2025-09-18T07:31:16","slug":"firma-de-autografos-del-baskonia","status":"publish","type":"post","link":"https:\/\/www.europesays.com\/es\/122534\/","title":{"rendered":"Firma de aut\u00f3grafos del Baskonia"},"content":{"rendered":"<p>\n        La afici\u00f3n del <a href=\"https:\/\/www.noticiasdealava.eus\/baskonia\/\" title=\"Baskonia\" class=\"link copy\" rel=\"nofollow noopener\" target=\"_blank\">Baskonia<\/a> nunca falla. En las buenas y en las malas, la pasi\u00f3n de la provincia por los colores azulgranas es uno de los principales activos de la entidad del Paseo de Zurbano y este mi\u00e9rcoles volvi\u00f3 a quedar claro en la <strong>firma de aut\u00f3grafos organizada por el club, aperitivo del arranque oficial de la temporada que tendr\u00e1 lugar el pr\u00f3ximo 30 de septiembre<\/strong> en el Buesa Arena contra el Olympiacos.\n<\/p>\n<p class=\"article-body__text \">\n        Aunque la campa\u00f1a pasada los resultados obtenidos por el equipo, que se qued\u00f3 fuera de la Copa del Rey y del play in de la Euroliga adem\u00e1s de ser eliminado a primeras de cambio en los cuartos de final de la ACB ante el Real Madrid, resultaron decepcionantes, <strong>el apoyo de la parroquia azulgrana no decae y cientos de aficionados arroparon a su equipo durante el evento organizado por el club<\/strong>, en l\u00ednea con ediciones anteriores.\n<\/p>\n<p>            <a href=\"https:\/\/www.noticiasdealava.eus\/baskonia\/2025\/09\/16\/polonara-ingresado-trasplante-medula-chica-10092097.html\" title=\"Polonara, ingresado para trasplante de m\u00e9dula: &quot;Es una chica 90% compatible&quot;\" class=\"new__media\" rel=\"nofollow noopener\" target=\"_blank\"><\/p>\n<p>                <img alt=\"Polonara, ingresado para trasplante de m\u00e9dula: &quot;Es una chica 90% compatible&quot;\" data-src=\"https:\/\/www.europesays.com\/es\/wp-content\/uploads\/2025\/09\/6598b286-8d69-4b25-b765-4d656b945bff_16-9-aspect-ratio_default_0_x527y378.jpg\" class=\"lozad\"\/><\/p>\n<p>        <\/a><\/p>\n<p>        <a href=\"https:\/\/www.noticiasdealava.eus\/baskonia\/2025\/09\/16\/polonara-ingresado-trasplante-medula-chica-10092097.html\" title=\"Polonara, ingresado para trasplante de m\u00e9dula: &quot;Es una chica 90% compatible&quot;\" class=\"new__headline\" rel=\"nofollow noopener\" target=\"_blank\"><br \/>\n            Polonara, ingresado para trasplante de m\u00e9dula: \u00abEs una chica 90% compatible\u00bb<br \/>\n        <\/a><\/p>\n<p class=\"article-body__text \">\n        La llegada de Paolo Galbiati al banquillo, unida a la profunda reconstrucci\u00f3n que se ha producido este verano tanto en la plantilla como en el cuerpo t\u00e9cnico y en la secretar\u00eda t\u00e9cnica, renovada con el fichaje del joven Xevi Pujol, <strong>ha revitalizado los \u00e1nimos de los seguidores baskonistas, que conf\u00edan en que esos cambios se reflejen tambi\u00e9n sobre el parqu\u00e9 y se revierta la din\u00e1mica negativa <\/strong>del pasado curso.\n<\/p>\n<p class=\"article-body__text \">\n        Aunque no se esperaba la llegada de los jugadores a la Baskonia-Alav\u00e9s Experience Store hasta las 19.00 horas,<strong> los aficionados fueron aline\u00e1ndose con antelaci\u00f3n en la puerta de la tienda situada en la Calle General \u00c1lava<\/strong> y formando una larga cola hacia la Plaza de la Virgen Blanca.\n<\/p>\n<p>            <a href=\"https:\/\/www.noticiasdealava.eus\/baskonia\/2025\/09\/16\/matteo-spagnolo-baskonia-paso-justo-presentacion-10092015.html\" title=\"Matteo Spagnolo: &quot;El Baskonia es el paso justo que necesitaba en mi carrera&quot;\" class=\"new__media\" rel=\"nofollow noopener\" target=\"_blank\"><\/p>\n<p>                <img alt=\"Matteo Spagnolo: &quot;El Baskonia es el paso justo que necesitaba en mi carrera&quot;\" data-src=\"https:\/\/www.europesays.com\/es\/wp-content\/uploads\/2025\/09\/44071e76-f79a-41e6-a982-70b6dd1dbfeb_16-9-aspect-ratio_default_0.jpg\" class=\"lozad\"\/><\/p>\n<p>        <\/a><\/p>\n<p>        <a href=\"https:\/\/www.noticiasdealava.eus\/baskonia\/2025\/09\/16\/matteo-spagnolo-baskonia-paso-justo-presentacion-10092015.html\" title=\"Matteo Spagnolo: &quot;El Baskonia es el paso justo que necesitaba en mi carrera&quot;\" class=\"new__headline\" rel=\"nofollow noopener\" target=\"_blank\"><br \/>\n            Matteo Spagnolo: \u00abEl Baskonia es el paso justo que necesitaba en mi carrera\u00bb<br \/>\n        <\/a><\/p>\n<p class=\"article-body__text \">\n        Las<strong> caras de ilusi\u00f3n de los ni\u00f1os \u2013y los no tan ni\u00f1os\u2013 reinaron en la fila, que estall\u00f3 de j\u00fabilo con la llegada de los jugadores<\/strong>. Los seguidores que vieron de cerca la entrada de la plantilla en la tienda fueron coreando los nombres de los jugadores y del t\u00e9cnico Paolo Galbiati, que pronto se contagiaron del entusiasmo de la afici\u00f3n y se les dibuj\u00f3 una sonrisa de oreja a oreja.\n<\/p>\n<p class=\"article-body__text \">\n        Una vez los componentes del primer equipo, incluidos los lesionados Rodions Kurucs y Markus Howard y los reci\u00e9n llegados Tadas Sedekerskis y Timoth\u00e9 Luwawu-Cabarrot, se repartieron y tomaron asiento en las mesas preparadas por el club, <strong>los aficionados fueron desfilando ordenadamente por el establecimiento en busca de conocer de cerca a sus \u00eddolos<\/strong>.\n<\/p>\n<p class=\"article-photo__footer\">\n            En im\u00e1genes: El Baskonia se da un ba\u00f1o de masas en la firma de aut\u00f3grafos            DNA        <\/p>\n<p class=\"article-body__text \">\n        No faltaron las habituales tacos de fotograf\u00edas firmadas que repartieron los jugadores, pero<strong> lo que m\u00e1s buscaron los asistentes fue sacarse una fotograf\u00eda o un <\/strong><strong>selfie<\/strong><strong> junto a su jugador favorito<\/strong>. Los m\u00e1s cl\u00e1sicos, eso s\u00ed, optaron por llevar <strong>camisetas, balones, gorras, banderas o las tradicionales libretas <\/strong>para que los miembros de la plantilla estamparan en ellas sus aut\u00f3grafos.\n<\/p>\n<p>  Inyecci\u00f3n de energ\u00eda <\/p>\n<p class=\"article-body__text \">\n        Las caras nuevas \u2013Rafa Villar, Matteo Spagnolo, Hamidou Diallo, Clement Frisch, Rodions Kurucs y Mamadi Diakite\u2013 pudieron presenciar de cerca la pasi\u00f3n de la afici\u00f3n baskonista, aunque<strong> los m\u00e1s aclamados fueron referentes ya asentados en el Buesa Arena como Markus Howard y Tadas Sedekerskis<\/strong>, muy atentos con todos los seguidores que se acercaron a ellos para que ninguno se quedara sin su aut\u00f3grafo o su fotograf\u00eda.\n<\/p>\n<p class=\"article-body__text \">\n        <strong>Tambi\u00e9n tuvo trabajo el nuevo entrenador Paolo Galbiati<\/strong>, para quien el evento se convirti\u00f3 en una clase intensiva de castellano al intercambiar impresiones con varios aficionados.\n<\/p>\n<p class=\"article-body__text \">\n        Durante una intensa hora y media, <strong>la plantilla del Baskonia atendi\u00f3 a todos los fans que acudieron a la tienda oficial en un evento que volvi\u00f3 a resultar tan exitoso como los de ediciones anteriores<\/strong> y que siempre es muy agradecido tanto por la afici\u00f3n como por los propios jugadores.\n<\/p>\n<p>            <a href=\"https:\/\/www.noticiasdealava.eus\/baskonia\/2025\/09\/16\/fichaje-base-baskonia-retrasa-10092357.html\" title=\"El fichaje del base del Baskonia se retrasa\" class=\"new__media\" rel=\"nofollow noopener\" target=\"_blank\"><\/p>\n<p>                <img alt=\"El fichaje del base del Baskonia se retrasa\" data-src=\"https:\/\/www.europesays.com\/es\/wp-content\/uploads\/2025\/09\/6d2b6114-2417-485c-8c7d-834daad554f9_16-9-aspect-ratio_default_0.jpg\" class=\"lozad\"\/><\/p>\n<p>        <\/a><\/p>\n<p>        <a href=\"https:\/\/www.noticiasdealava.eus\/baskonia\/2025\/09\/16\/fichaje-base-baskonia-retrasa-10092357.html\" title=\"El fichaje del base del Baskonia se retrasa\" class=\"new__headline\" rel=\"nofollow noopener\" target=\"_blank\"><br \/>\n            El fichaje del base del Baskonia se retrasa<br \/>\n        <\/a><\/p>\n<p class=\"article-body__text \">\n        El ba\u00f1o de masas, que sirvi\u00f3 para<strong> reforzar la comuni\u00f3n entre jugadores y afici\u00f3n<\/strong>, deber\u00eda suponer una inyecci\u00f3n de energ\u00eda para un grupo que lleva semanas trabajando a destajo y que tendr\u00e1 este curso la<strong> tarea de mantener la ilusi\u00f3n de sus seguidores<\/strong>. Su objetivo m\u00e1s inmediato ser\u00e1 hacer un buen papel en el Torneo EncestaR\u00edas que disputar\u00e1 entre el pr\u00f3ximo viernes y el s\u00e1bado en Pontevedra, en el que se medir\u00e1 al Valencia Basket en la semifinal el viernes a las 18.45 horas.\n<\/p>\n<p class=\"article-body__text \">\n        El s\u00e1bado disputar\u00e1 la final o el encuentro por el tercer y cuarto puesto ante el Breog\u00e1n o el Real Madrid, <strong>el 23 de septiembre se medir\u00e1 al Trieste en el Buesa Arena y el 25 disputar\u00e1 la Euskal Kopa<\/strong> ante el Bilbao Basket, \u00faltimo encuentro de la pretemporada previo al comienzo del fuego real.\u00a0<\/p>\n","protected":false},"excerpt":{"rendered":"La afici\u00f3n del Baskonia nunca falla. En las buenas y en las malas, la pasi\u00f3n de la provincia&hellip;\n","protected":false},"author":2,"featured_media":122535,"comment_status":"","ping_status":"","sticky":false,"template":"","format":"standard","meta":{"footnotes":""},"categories":[269],"tags":[2984,40274,299,298,4714,40273,168,2226,25,24,3822,2713,23,167],"class_list":{"0":"post-122534","1":"post","2":"type-post","3":"status-publish","4":"format-standard","5":"has-post-thumbnail","7":"category-baloncesto","8":"tag-aficionados","9":"tag-autografos","10":"tag-baloncesto","11":"tag-basketball","12":"tag-baskonia","13":"tag-comunion","14":"tag-deportes","15":"tag-entrenador","16":"tag-es","17":"tag-espana","18":"tag-firma","19":"tag-jugadores","20":"tag-spain","21":"tag-sports"},"share_on_mastodon":{"url":"","error":""},"_links":{"self":[{"href":"https:\/\/www.europesays.com\/es\/wp-json\/wp\/v2\/posts\/122534","targetHints":{"allow":["GET"]}}],"collection":[{"href":"https:\/\/www.europesays.com\/es\/wp-json\/wp\/v2\/posts"}],"about":[{"href":"https:\/\/www.europesays.com\/es\/wp-json\/wp\/v2\/types\/post"}],"author":[{"embeddable":true,"href":"https:\/\/www.europesays.com\/es\/wp-json\/wp\/v2\/users\/2"}],"replies":[{"embeddable":true,"href":"https:\/\/www.europesays.com\/es\/wp-json\/wp\/v2\/comments?post=122534"}],"version-history":[{"count":0,"href":"https:\/\/www.europesays.com\/es\/wp-json\/wp\/v2\/posts\/122534\/revisions"}],"wp:featuredmedia":[{"embeddable":true,"href":"https:\/\/www.europesays.com\/es\/wp-json\/wp\/v2\/media\/122535"}],"wp:attachment":[{"href":"https:\/\/www.europesays.com\/es\/wp-json\/wp\/v2\/media?parent=122534"}],"wp:term":[{"taxonomy":"category","embeddable":true,"href":"https:\/\/www.europesays.com\/es\/wp-json\/wp\/v2\/categories?post=122534"},{"taxonomy":"post_tag","embeddable":true,"href":"https:\/\/www.europesays.com\/es\/wp-json\/wp\/v2\/tags?post=122534"}],"curies":[{"name":"wp","href":"https:\/\/api.w.org\/{rel}","templated":true}]}}