{"id":122536,"date":"2025-09-18T07:32:05","date_gmt":"2025-09-18T07:32:05","guid":{"rendered":"https:\/\/www.europesays.com\/es\/122536\/"},"modified":"2025-09-18T07:32:05","modified_gmt":"2025-09-18T07:32:05","slug":"el-psg-ya-mete-miedo-en-champions","status":"publish","type":"post","link":"https:\/\/www.europesays.com\/es\/122536\/","title":{"rendered":"El PSG ya mete miedo en Champions"},"content":{"rendered":"<p class=\"ft-text\">Si el <a class=\"ft-link ft-link--decoration\" href=\"https:\/\/www.sport.es\/es\/videos\/futbol-internacional\/psg\/20250916\/marquinhos-ganar-champions-league-motiva\/121641934.shtml\" rel=\"nofollow noopener\" target=\"_blank\"><strong>PSG<\/strong><\/a><strong> <\/strong>quer\u00eda asustar a todos los pretendientes al t\u00edtulo en su debut en la <strong>Champions<\/strong>, sin duda alguna lo ha conseguido. Si los parisinos quer\u00edan mandar un mensaje a toda Europa de que los campeones van a por todas a por su segunda corona, en efecto lo lograron. Porque el show particular de <strong>Fabi\u00e1n<\/strong>, acompa\u00f1ado de los recitales de otros genios como <strong>Kvaratskhelia<\/strong>, <strong>Nuno Mendes<\/strong>, <strong>Achraf Hakimi<\/strong> o <strong>Marquinhos&#8230;<\/strong> permitieron a este indestructible Par\u00eds Saint-Germain de <strong>Luis Enrique<\/strong> golear sin piedad a la <strong>Atalanta (4-0) <\/strong>en su estreno en la competici\u00f3n europea. <strong>Y todo esto, con el asturiano en la grada&#8230;<\/strong><\/p>\n<p class=\"ft-text\">Era un debut trampa para el <strong>PSG<\/strong>, en parte por el nivel de su rival pero tambi\u00e9n por las bajas en ataque de <strong>Demb\u00e9l\u00e9 <\/strong>o <strong>D\u00e9sir\u00e9 Dou\u00e9<\/strong>. A pesar de ello, y de que su entrenador sigue viendo los partidos desde arriba como si estuviese en la NFL por lesi\u00f3n, el <strong>PSG <\/strong>no se amedrent\u00f3. Y no lo hizo porque se sabe simplemente superior a cualquier equipo que se enfrente. Contra la Atalanta no cambi\u00f3 sus planes y, como casi siempre, le funcion\u00f3.<\/p>\n<p><img decoding=\"async\" src=\"https:\/\/www.europesays.com\/es\/wp-content\/uploads\/2025\/09\/524288f7-409f-44ed-a587-e8b4b53ab8bc_alta-libre-aspect-ratio_default_0.jpg\" width=\"1200\" height=\"800\" alt=\"PSG's Khvicha Kvaratskhelia, centre, reacts during the Champions League opening phase soccer match between Paris Saint-Germain and Atalanta at the Parc des Princes stadium in Paris, France, Wednesday, Sept. 17, 2025. (AP Photo\/Thibault Camus) Associated Press\/LaPresse\" class=\"ft-helper-img-rd\" loading=\"lazy\" hasdataaida=\"true\"\/><\/p>\n<p class=\"ft-helper-fontColor-quaternary ft-helper-fontSize-body-S ft-helper-spacer-t-xxs\">Kvaratskhelia celebra su gol  \/ Thibault Camus \/ AP<\/p>\n<p class=\"ft-text\">Empezaron r\u00e1pidos los parisinos a mandar en el marcador. <strong>Barcola<\/strong>, que no estuvo acertado durante el partido, asisti\u00f3 a <strong>Fabi\u00e1n <\/strong>para que el andaluz asistiese a Marquinhos, quien lleg\u00f3 desde segunda l\u00ednea solo para abrir la lata en el Parque de los Pr\u00edncipes<strong> (1-0)<\/strong>. El tanto tempranero fue un varapalo para la Atalanta, que esperaba poder aguantar el resultado un tiempo m\u00e1s. Pero el PSG no paraba de llegar, Carnesecchi evit\u00f3 una goleada de esc\u00e1ndalo en los primeros minutos&#8230; <strong>pero nada pudo hacer para frenar el vendaval franc\u00e9s.<\/strong><\/p>\n<p>Un vendaval sin fin<\/p>\n<p class=\"ft-text\"><strong>Kvaratskhelia, <\/strong>que recibi\u00f3 en una zona sin aparente peligro lejos del \u00e1rea, se gir\u00f3, empez\u00f3 a trazar una diagonal como un aut\u00e9ntico &#8216;loco&#8217; hasta la frontal del \u00e1rea&#8230; y entonces peg\u00f3 un latigazo por la escuadra que el guardameta italiano no pudo frenar esta vez para evitar el segundo<strong> (2-0)<\/strong>. Y pudieron ser tres antes del descanso si Barcola hubiese aprovechado una pena m\u00e1xima cometida a Marquinhos, pero el franc\u00e9s, sin carrerilla, desperdici\u00f3 el penalti para ampliar distancias.<\/p>\n<p class=\"ft-text\">Sinti\u00e9ndose muy superior a sus rivales, el <strong>PSG <\/strong>se encarg\u00f3 pronto en la segunda parte de cerrar el partido. Nuno Mendes, indiscutiblemente el mejor lateral zurdo del mundo, se fabric\u00f3 un gol de maravilla cuando amag\u00f3 escorado en el \u00e1rea, protegi\u00f3 el esf\u00e9rico y col\u00f3 el bal\u00f3n por el primer palo sin pensarlo <strong>(3-0).<\/strong> En los minutos finales, <strong>Gon\u00e7alo Ramos<\/strong>, con una picadita, se encarg\u00f3 de firmar la goleada <strong>(4-0).<\/strong> La mala noticia para el PSG fue la lesi\u00f3n de Joao Neves, aunque <strong>Luis Enrique<\/strong> tiene motivos para marcharse satisfecho con un equipo que ya asusta en <strong>Champions<\/strong>.<\/p>\n","protected":false},"excerpt":{"rendered":"Si el PSG quer\u00eda asustar a todos los pretendientes al t\u00edtulo en su debut en la Champions, sin&hellip;\n","protected":false},"author":2,"featured_media":121952,"comment_status":"","ping_status":"","sticky":false,"template":"","format":"standard","meta":{"footnotes":""},"categories":[268],"tags":[40275,11681,1241,168,25,24,280,282,12817,5486,4409,281,23,167],"class_list":{"0":"post-122536","1":"post","2":"type-post","3":"status-publish","4":"format-standard","5":"has-post-thumbnail","7":"category-futbol","8":"tag-atalanta","9":"tag-champions","10":"tag-champions-league","11":"tag-deportes","12":"tag-es","13":"tag-espana","14":"tag-football","15":"tag-futbol","16":"tag-mete","17":"tag-miedo","18":"tag-psg","19":"tag-soccer","20":"tag-spain","21":"tag-sports"},"share_on_mastodon":{"url":"","error":""},"_links":{"self":[{"href":"https:\/\/www.europesays.com\/es\/wp-json\/wp\/v2\/posts\/122536","targetHints":{"allow":["GET"]}}],"collection":[{"href":"https:\/\/www.europesays.com\/es\/wp-json\/wp\/v2\/posts"}],"about":[{"href":"https:\/\/www.europesays.com\/es\/wp-json\/wp\/v2\/types\/post"}],"author":[{"embeddable":true,"href":"https:\/\/www.europesays.com\/es\/wp-json\/wp\/v2\/users\/2"}],"replies":[{"embeddable":true,"href":"https:\/\/www.europesays.com\/es\/wp-json\/wp\/v2\/comments?post=122536"}],"version-history":[{"count":0,"href":"https:\/\/www.europesays.com\/es\/wp-json\/wp\/v2\/posts\/122536\/revisions"}],"wp:featuredmedia":[{"embeddable":true,"href":"https:\/\/www.europesays.com\/es\/wp-json\/wp\/v2\/media\/121952"}],"wp:attachment":[{"href":"https:\/\/www.europesays.com\/es\/wp-json\/wp\/v2\/media?parent=122536"}],"wp:term":[{"taxonomy":"category","embeddable":true,"href":"https:\/\/www.europesays.com\/es\/wp-json\/wp\/v2\/categories?post=122536"},{"taxonomy":"post_tag","embeddable":true,"href":"https:\/\/www.europesays.com\/es\/wp-json\/wp\/v2\/tags?post=122536"}],"curies":[{"name":"wp","href":"https:\/\/api.w.org\/{rel}","templated":true}]}}