{"id":122537,"date":"2025-09-18T07:33:08","date_gmt":"2025-09-18T07:33:08","guid":{"rendered":"https:\/\/www.europesays.com\/es\/122537\/"},"modified":"2025-09-18T07:33:08","modified_gmt":"2025-09-18T07:33:08","slug":"es-oficial-disney-cancela-programa-de-jimmy-kimmel-tras-los-polemicos-comentarios-sobre-charlie-kirk-vandal","status":"publish","type":"post","link":"https:\/\/www.europesays.com\/es\/122537\/","title":{"rendered":"Es oficial: Disney cancela programa de Jimmy Kimmel tras los pol\u00e9micos comentarios sobre Charlie Kirk &#8211; Vandal"},"content":{"rendered":"<ol>\n<li><a href=\"https:\/\/news.google.com\/rss\/articles\/CBMi4AFBVV95cUxPS3NzYnZCY25aZm9fOE1nOFUtekVJZll1OGdZa015aUFuVFJNWVJfa2ZlY1RnTkhHRTVnVHRTNFVrZ3hMSkJYSFpXY3NBTGRBSTFTMnp1a0tGR2IzWGZvMHFrWmZiaHdWM1VtT1BpTEJwTGxYNVJNZXhpR1R2bHEzZk9FN0FuSVoxQzY2ZTRVdkhicnVSbExIbzMxdTdob0NqN2RTWG54VmhCMFlRSTV6Vk0xODlOb09weHlSQ0R3cXVvT1hIZGxjeDZqWVhOM0dLdUhOTElZZG9aVGFSQXVrOdIB5gFBVV95cUxOdnpsTnNESlBYWVRfY0lMeG1fRzBQQU9BWGVDN2ZhVDd6MGJISVN3Nl8zOW9GNU1OalhMNGpkTXZ5U0RjRXdhQzhHak5HaU9QeWFVeUR1Z19vb1lPMDMwYWZBU1VObHQyRnpuRHBpWldGTGM0WHk1QmpmWXhtUWowUTBpakViaFZhOGI0bFdTSm9xSFJCVldlZEJ6dzlVX3Z6cFpUMnBQanZWd3dQNWtZWkhoSDFLbHlMbThTazRTWjVfY0JMWHV2Um9JSEdseFByVjQyWTM2ODNNdDRoNElHcWZQeEc1UQ?oc=5\" target=\"_blank\" rel=\"nofollow noopener\">Es oficial: Disney cancela programa de Jimmy Kimmel tras los pol\u00e9micos comentarios sobre Charlie Kirk<\/a>&nbsp;&nbsp;Vandal<\/li>\n<li><a href=\"https:\/\/news.google.com\/rss\/articles\/CBMif0FVX3lxTE1IbzhpSGp2VGVhN0tSRzRzUFpVaEVERGNxcWlIOVBVRUxzaGN6QkF6d1ViYzY3eWdzS2pobGV1dE9MeHpmMDlrSzZOWnNTTUVoUWR0bTBkeU5SN1NZT0ROenFMNml2cF8yVzFsb0FxeFJCazJTWnBaek9vMG9yQ2_SAX9BVV95cUxPS2lHN2R2Wlp4anZMa2dYb0ZkMGR6REV0dFNBaHZseGk0Y1hQUVp1NXlHSTVocVU1d1g3cGlBRU9DekZybVRqT3oxMlNMVXM4by1SeUV2T0hfSUxXZWJXTS1tNkxOVU1nYmw5Q2xyZ3l1cGczUUdLNDNLMGdCUVJN?oc=5\" target=\"_blank\" rel=\"nofollow noopener\">La cadena ABC suspende indefinidamente el programa de Jimmy Kimmel tras un comentario sobre el asesino de Charlie Kirk y burlas a Trump<\/a>&nbsp;&nbsp;El Mundo<\/li>\n<li><a href=\"https:\/\/news.google.com\/rss\/articles\/CBMi5gFBVV95cUxOc2MtZmhETThDOTRnMGxhUk1CQkw5RnVWNndTVUlUZnN1ekJwYWlaUkF4QmZSaTdtQlI1SWtWc0o2dlJCZ2lqV0ZqbEt6UHhmenliNVJHbC1YV0laejkwSWxzcEk5Q2JBdVdUV2t5Q254Vk44WEtTeGRUZ1U0RzJHaDRpRjBzYkIxQVREX2NZOGZUd2FSRVFDNVptakVnLThpQTg0TDdGbmVENm1WMC1kTUtHejBCeFQzaE5lZTV3b2tyWTgyQ2J1WEZoTkdXdTJsLVZvNTJJd1Y0R19kZUpXUVlMUWhUdw?oc=5\" target=\"_blank\" rel=\"nofollow noopener\">Jimmy Kimmel, el \u201cbuen tipo\u201d al que la Administraci\u00f3n Trump fulmin\u00f3 tras dos d\u00e9cadas de humor blanco<\/a>&nbsp;&nbsp;EL PA\u00cdS<\/li>\n<li><a href=\"https:\/\/news.google.com\/rss\/articles\/CBMitAFBVV95cUxOaHlVTy1EQVR1c0xnMnFXTDNJWHZJOUlnRTY2dmhJSUNjNE94SGZSQTJLWHR6WVZHUW9OODM2T1RZcnE2RE9STzNvR0t2bFM4RENXX2UtS2l6OHBnVVN6SjJ5WnpVbUw4eHl2U0EtbHBuMjVoZngxOGplaUNvblRqWkloMXQ2YUFoTGdIS1NUZzdac1g0cjkxOWNnb3FBdFZneVFuYTF1dXc4ZzFOZVVnYzZ6RXA?oc=5\" target=\"_blank\" rel=\"nofollow noopener\">Cancelan el programa de Jimmy Kimmel por sus comentarios sobre el asesinato de Charlie Kirk<\/a>&nbsp;&nbsp;ABC<\/li>\n<li><a href=\"https:\/\/news.google.com\/rss\/articles\/CBMiswFBVV95cUxNM0gtdGE0TXRkcl84MXZfV1ltczFRT0hBRDRMWGFVVjhNQTRFRnhfcHRKM2YycEVYZXZwSEQzYU0yR2dEdUo1c1ZWcW1DV0ozRjhKM1lyTV9BYlJXZHFVeGhUZ0xrUkQyRnhpT3FnbXlsdE8wRlFqSklYeVBsUm84TnVTaTBxRHc4N2c2aHd6bXF4M3ZwQmU4VXd0VWpLcEcxX202c19vSlVwWjc2UDhZcnREdw?oc=5\" target=\"_blank\" rel=\"nofollow noopener\">Fulminan el &#8216;late night&#8217; de Jimmy Kimmel tras dos d\u00e9cadas en antena y Trump lo celebra<\/a>&nbsp;&nbsp;El Correo<\/li>\n<\/ol>\n","protected":false},"excerpt":{"rendered":"Es oficial: Disney cancela programa de Jimmy Kimmel tras los pol\u00e9micos comentarios sobre Charlie Kirk&nbsp;&nbsp;Vandal La cadena ABC&hellip;\n","protected":false},"author":2,"featured_media":122538,"comment_status":"","ping_status":"","sticky":false,"template":"","format":"standard","meta":{"footnotes":""},"categories":[174],"tags":[255,146,147,25,24,2065,256,23],"class_list":{"0":"post-122537","1":"post","2":"type-post","3":"status-publish","4":"format-standard","5":"has-post-thumbnail","7":"category-famosos","8":"tag-celebrities","9":"tag-entertainment","10":"tag-entretenimiento","11":"tag-es","12":"tag-espana","13":"tag-faltan-tags","14":"tag-famosos","15":"tag-spain"},"share_on_mastodon":{"url":"","error":""},"_links":{"self":[{"href":"https:\/\/www.europesays.com\/es\/wp-json\/wp\/v2\/posts\/122537","targetHints":{"allow":["GET"]}}],"collection":[{"href":"https:\/\/www.europesays.com\/es\/wp-json\/wp\/v2\/posts"}],"about":[{"href":"https:\/\/www.europesays.com\/es\/wp-json\/wp\/v2\/types\/post"}],"author":[{"embeddable":true,"href":"https:\/\/www.europesays.com\/es\/wp-json\/wp\/v2\/users\/2"}],"replies":[{"embeddable":true,"href":"https:\/\/www.europesays.com\/es\/wp-json\/wp\/v2\/comments?post=122537"}],"version-history":[{"count":0,"href":"https:\/\/www.europesays.com\/es\/wp-json\/wp\/v2\/posts\/122537\/revisions"}],"wp:featuredmedia":[{"embeddable":true,"href":"https:\/\/www.europesays.com\/es\/wp-json\/wp\/v2\/media\/122538"}],"wp:attachment":[{"href":"https:\/\/www.europesays.com\/es\/wp-json\/wp\/v2\/media?parent=122537"}],"wp:term":[{"taxonomy":"category","embeddable":true,"href":"https:\/\/www.europesays.com\/es\/wp-json\/wp\/v2\/categories?post=122537"},{"taxonomy":"post_tag","embeddable":true,"href":"https:\/\/www.europesays.com\/es\/wp-json\/wp\/v2\/tags?post=122537"}],"curies":[{"name":"wp","href":"https:\/\/api.w.org\/{rel}","templated":true}]}}