{"id":122539,"date":"2025-09-18T07:34:10","date_gmt":"2025-09-18T07:34:10","guid":{"rendered":"https:\/\/www.europesays.com\/es\/122539\/"},"modified":"2025-09-18T07:34:10","modified_gmt":"2025-09-18T07:34:10","slug":"las-manos-prodigio-evolutivo-y-desesperacion-de-artistas","status":"publish","type":"post","link":"https:\/\/www.europesays.com\/es\/122539\/","title":{"rendered":"Las manos, prodigio evolutivo y desesperaci\u00f3n de artistas"},"content":{"rendered":"<p>Los artistas les temen a las manos humanas m\u00e1s que a ning\u00fan otro motivo figurativo. <\/p>\n<p>Cuando se trata de un escultor, la explicaci\u00f3n es bastante intuitiva. Los dedos son estructuras largas y delgadas, esto es, mucha superficie a esculpir para muy poco volumen sustentante. En otras palabras, las probabilidades de que se parta uno y se vaya al traste todo el trabajo son elevad\u00edsimas. Y es que los errores, en escultura, no tienen vuelta atr\u00e1s: un dedo roto significa volver a empezar de cero.<\/p>\n<p>Por el contrario, en pintura, s\u00ed que es posible corregir los errores. Las t\u00e9cnicas de rayos X han puesto de manifiesto c\u00f3mo nuestras pinacotecas est\u00e1n llenas de pentimentos o arrepentimientos de los artistas. Es m\u00e1s, algunos son hasta detectables a simple vista, como las famosas patas traseras del caballo de Felipe IV (el gran Vel\u00e1zquez odiaba con toda su alma pintar equinos).<\/p>\n<p>Entonces, \u00bfpor qu\u00e9 siempre se han quejado los pintores, a lo largo de los siglos, de tener que representar manos? \u00bfNo es m\u00e1s dif\u00edcil conseguir que una cara se parezca al modelo? \u00bfNo requiere m\u00e1s maestr\u00eda t\u00e9cnica plasmar con exactitud un rostro que una mano?<\/p>\n<p>Pues no. Y la explicaci\u00f3n, como en tantas otras cosas, la encontramos en la biolog\u00eda evolutiva.<\/p>\n<p>Qu\u00e9 supuso el modo \u201cmanos libres\u201d<\/p>\n<p>Nuestras manos lo manipulan todo, lo transforman todo y lo crean todo. Constituyen una de las herramientas m\u00e1s poderosas que existen en la naturaleza. De hecho, aunque existen grupos animales que tienen un cerebro mayor que el nuestro (y, posiblemente, podr\u00edan sobrepasarnos en generar pensamientos complejos), no llegar\u00e1n nunca a emular lo que hacemos nosotros. <\/p>\n<p>Ni <a href=\"https:\/\/pubmed.ncbi.nlm.nih.gov\/17503965\/\" rel=\"nofollow noopener\" target=\"_blank\">cet\u00e1ceos<\/a> ni <a href=\"https:\/\/pubmed.ncbi.nlm.nih.gov\/17617460\/\" rel=\"nofollow noopener\" target=\"_blank\">probosc\u00eddeos<\/a> pueden transformar los pensamientos en hechos y estructuras materiales. No hay manos que manipulen la materia ni dedos para crear objetos en la realidad de un delf\u00edn, de una ballena o de un elefante.<\/p>\n<p>La verdad es que la naturaleza del planeta vivi\u00f3 un hecho singular cuando una subtribu de hom\u00ednidos del este del continente africano, los homininos, adoptamos la postura erguida (hace unos 7 millones de a\u00f1os). De repente, pudimos hacer infinidad de cosas que antes estaban vetadas en el mundo animal. De repente, con dos manos dotadas de dedos flexibles y articulados, m\u00e1s el lujazo de un pulgar oponible, pudimos pinzar, manipular de forma precisa y delicada, modelar utensilios, transportar enseres, coger en brazos a las cr\u00edas, recolectar, fabricar armas\u2026 Desde aqu\u00ed, fue un sencillo paso la generalizaci\u00f3n del uso del fuego en el <a href=\"https:\/\/www.semanticscholar.org\/paper\/Middle-Pleistocene-fire-use%3A-The-first-signal-of-in-MacDonald-Scherjon\/b3030b1c4f7e5a0fd3ac6161e2246f7629cd2bc3\" rel=\"nofollow noopener\" target=\"_blank\">Pleistoceno medio<\/a>, con todo lo que ello supuso: calor, luz, protecci\u00f3n ante depredadores y una cocina que aument\u00f3 la variedad de nutrientes <a href=\"https:\/\/www.semanticscholar.org\/paper\/Earliest-fire-in-Africa%3A-towards-the-convergence-of-Gowlett-Wrangham\/19f5d740178e6b807bbcde377f0724ccc616e4a5\" rel=\"nofollow noopener\" target=\"_blank\">a la vez que redujo la transmisi\u00f3n oral de enfermedades bacterianas y endopararasitarias<\/a>. <\/p>\n<p>Pero las manos nos reservaban un regalo a\u00fan mejor. Me refiero a la espectacular revoluci\u00f3n que supuso el poder establecer una comunicaci\u00f3n a lo largo del tiempo. Las palabras ya no se las llevaba el viento. Los mensajes se pod\u00edan conservar. Porque eso fue la escritura, algo que ocurri\u00f3 hace poco m\u00e1s de cinco milenios pero que ha hecho de nosotros una especie sin parang\u00f3n cultural.<\/p>\n<p>Somos lo que somos no s\u00f3lo por lo que pensamos, sino porque podemos ejecutar nuestros pensamientos, transformarlos en acciones y reflejarlos en escritos que trasciendan el espacio y el tiempo.<\/p>\n<p>Y todo, gracias a las manos\u2026<\/p>\n<p>La otra comunicaci\u00f3n<\/p>\n<p>Los humanos actuales nos comunicamos, b\u00e1sicamente, a trav\u00e9s del lenguaje oral y del lenguaje escrito. Pero tambi\u00e9n nuestros antecesores se comunicaban mucho antes de la existencia de la palabra. Lo hac\u00edan mediante el lenguaje corporal. La inmensa mayor\u00eda de los animales tienen c\u00f3digos externos de coloraci\u00f3n y posturas que sirven como advertencias, reclamos, atractivos sexuales o intimidaciones de muy diverso tipo. Los que, adem\u00e1s, disponemos de una musculatura facial compleja, podemos generar gestos y muecas que comunican con extraordinaria precisi\u00f3n nuestra reacci\u00f3n ante diferentes est\u00edmulos externos. <\/p>\n<p>La amplia gesticulaci\u00f3n y los ademanes diversos posibilitaron la comunicaci\u00f3n de nuestros ancestros mucho antes de que apareciese el lenguaje hablado y, por supuesto, el escrito.<\/p>\n<p>Sin embargo, la liberaci\u00f3n de las extremidades anteriores nos ampli\u00f3, de una manera sorprendente, esta facultad. Las manos se convirtieron en un recurso expresivo espectacular.<\/p>\n<p>La raz\u00f3n es puramente matem\u00e1tica. Pensemos en por qu\u00e9 el rostro de todos los primates es tan extraordinariamente pl\u00e1stico. Est\u00e1 claro que son muchos los m\u00fasculos implicados en la m\u00edmica facial, y las posibilidades de combinarlos contra\u00eddos o relajados en un determinado gesto son enormes. Tan valioso es este recurso que, a pesar de que algunos dominen providencialmente la ret\u00f3rica, no renuncian a acompa\u00f1ar las palabras con significativos movimientos de cejas, interesantes fruncidos de frente o encantadoras sonrisas para a\u00f1adir precisi\u00f3n, resoluci\u00f3n, delicadeza, seducci\u00f3n o fuerza a su mensaje oral. <\/p>\n<p>Pues bien, las manos, como terminales de los brazos, constituyen otra herramienta con la que sumar infinitos matices a nuestros argumentos orales. Y ello es posible gracias a las enormes posibilidades combinatorias de los movimientos relativos entre los 27 huesos de una mano. Los ocho carpianos, los cinco metacarpianos y las catorce falanges se combinan en trillones de posibilidades diferentes.<\/p>\n<p>La desesperaci\u00f3n de los artistas<\/p>\n<p>Pero volvamos a los pintores y a sus reticencias a pintar manos. \u00bfPor qu\u00e9? Las caras expresan multitud de gestos diferentes y los pintores no se quejan tanto.<\/p>\n<p>Mi propuesta es que la explicaci\u00f3n estriba en que la cara es una estructura pr\u00e1cticamente plana (de hecho, el elemento que aporta mayor tridimensionalidad, que es la nariz, apenas si tiene movimiento propio). El artista debe ser h\u00e1bil para representar una buena gesticulaci\u00f3n, de acuerdo; pero no pasa por el espantoso trance de torturarse con el escorzo. <\/p>\n<p>Esta compleja t\u00e9cnica de deformaci\u00f3n bidimensional para conseguir efectos tridimensionales se le complica extraordinariamente cuando pinta manos. Representar manos gesticulantes implica multitud de escorzos simult\u00e1neos y con diferentes orientaciones espaciales, pues cada uno de ellos corresponde a la particular posici\u00f3n espacial que adopta, para cada expresi\u00f3n, todos y cada uno de los elementos articulables de la mano.<\/p>\n<p>No es de extra\u00f1ar, pues, que en las obras que los comitentes encargaban a los artistas, las manos tuviesen tarifa propia. No s\u00f3lo acrecentaba el importe del cuadro su tama\u00f1o, el n\u00famero de elementos representados o la tipolog\u00eda del color a utilizar (los azules, por ejemplo, eran considerablemente caros). Si hab\u00eda manos, y si ten\u00edan un protagonismo iconogr\u00e1fico especial, la cosa sub\u00eda de nivel.<\/p>\n<p>            <a href=\"https:\/\/images.theconversation.com\/files\/691194\/original\/file-20250916-56-1xe3e7.jpg?ixlib=rb-4.1.0&amp;q=45&amp;auto=format&amp;w=1000&amp;fit=clip\" rel=\"nofollow noopener\" target=\"_blank\"><img decoding=\"async\" alt=\"\" class=\"lazyload\" src=\"https:\/\/www.europesays.com\/es\/wp-content\/uploads\/2025\/09\/file-20250916-56-1xe3e7.jpg\"  \/><\/a><\/p>\n<p>              Virgen de las Rocas, de Leonardo da Vinci.<br \/>\n              <a class=\"source\" href=\"https:\/\/commons.wikimedia.org\/wiki\/File:Leonardo_Da_Vinci_-_Vergine_delle_Rocce_(Louvre).jpg\" rel=\"nofollow noopener\" target=\"_blank\">Louvre\/Wikimedia Commons<\/a>, <a class=\"license\" href=\"http:\/\/creativecommons.org\/licenses\/by\/4.0\/\" rel=\"nofollow noopener\" target=\"_blank\">CC BY<\/a><\/p>\n<p>Esta es la raz\u00f3n por la que los artistas de dibujos animados, cucos ellos, minimizaron el problema <a href=\"https:\/\/books.google.es\/books?id=feg_AQAAQBAJ&amp;pg=PA149&amp;lpg=PA149&amp;dq=Financially,+not+having+an+extra+finger+in+each+of+45,000+drawings+that+make+up+a+six+and+one-half+minute+short+has+saved+the+Studio+millions&amp;source=bl&amp;ots=ARjY60jaBg&amp;sig=ACfU3U2UD_ztjT8nyXNwksrWHA2886LM7A&amp;hl=es&amp;sa=X&amp;ved=2ahUKEwiL4vaT5YTiAhVPxoUKHeW9ArYQ6AEwAXoECAkQAQ#v=onepage&amp;q=Financially%2C%20not%20having%20an%20extra%20finger%20in%20each%20of%2045%2C000%20drawings%20that%20make%20up%20a%20six%20and%20one-half%20minute%20short%20has%20saved%20the%20Studio%20millions&amp;f=false\" rel=\"nofollow noopener\" target=\"_blank\">reduciendo el n\u00famero de dedos<\/a> o camufl\u00e1ndolos en guantes gruesos y poco articulados como los de Mickey Mouse. <\/p>\n<p>Pero tambi\u00e9n es la raz\u00f3n por la que lloramos ante ciertos prodigios de la historia del arte. Pocas manos han conseguido proteger a un ni\u00f1o con tanta delicadeza como la Virgen de las Rocas, de Leonardo da Vinci, o han sabido insuflar la vida con un dedo milagroso como el de la Capilla Sixtina. <\/p>\n<p>Y desde luego, muy pocas manos han derrochado el perd\u00f3n de un padre como \u00e9sas con las que Rembrandt nos abraza a todos los que sentimos la reconciliaci\u00f3n en <a href=\"https:\/\/es.wikipedia.org\/wiki\/El_retorno_del_hijo_pr%C3%B3digo\" rel=\"nofollow noopener\" target=\"_blank\">El regreso del hijo pr\u00f3digo<\/a>.<\/p>\n","protected":false},"excerpt":{"rendered":"Los artistas les temen a las manos humanas m\u00e1s que a ning\u00fan otro motivo figurativo. Cuando se trata&hellip;\n","protected":false},"author":2,"featured_media":122540,"comment_status":"","ping_status":"","sticky":false,"template":"","format":"standard","meta":{"footnotes":""},"categories":[173],"tags":[229,233,231,230,232,234,146,147,25,24,23],"class_list":{"0":"post-122539","1":"post","2":"type-post","3":"status-publish","4":"format-standard","5":"has-post-thumbnail","7":"category-arte-y-diseno","8":"tag-arte","9":"tag-arte-y-diseno","10":"tag-arts","11":"tag-arts-and-design","12":"tag-design","13":"tag-diseno","14":"tag-entertainment","15":"tag-entretenimiento","16":"tag-es","17":"tag-espana","18":"tag-spain"},"share_on_mastodon":{"url":"","error":""},"_links":{"self":[{"href":"https:\/\/www.europesays.com\/es\/wp-json\/wp\/v2\/posts\/122539","targetHints":{"allow":["GET"]}}],"collection":[{"href":"https:\/\/www.europesays.com\/es\/wp-json\/wp\/v2\/posts"}],"about":[{"href":"https:\/\/www.europesays.com\/es\/wp-json\/wp\/v2\/types\/post"}],"author":[{"embeddable":true,"href":"https:\/\/www.europesays.com\/es\/wp-json\/wp\/v2\/users\/2"}],"replies":[{"embeddable":true,"href":"https:\/\/www.europesays.com\/es\/wp-json\/wp\/v2\/comments?post=122539"}],"version-history":[{"count":0,"href":"https:\/\/www.europesays.com\/es\/wp-json\/wp\/v2\/posts\/122539\/revisions"}],"wp:featuredmedia":[{"embeddable":true,"href":"https:\/\/www.europesays.com\/es\/wp-json\/wp\/v2\/media\/122540"}],"wp:attachment":[{"href":"https:\/\/www.europesays.com\/es\/wp-json\/wp\/v2\/media?parent=122539"}],"wp:term":[{"taxonomy":"category","embeddable":true,"href":"https:\/\/www.europesays.com\/es\/wp-json\/wp\/v2\/categories?post=122539"},{"taxonomy":"post_tag","embeddable":true,"href":"https:\/\/www.europesays.com\/es\/wp-json\/wp\/v2\/tags?post=122539"}],"curies":[{"name":"wp","href":"https:\/\/api.w.org\/{rel}","templated":true}]}}