{"id":122549,"date":"2025-09-18T07:43:07","date_gmt":"2025-09-18T07:43:07","guid":{"rendered":"https:\/\/www.europesays.com\/es\/122549\/"},"modified":"2025-09-18T07:43:07","modified_gmt":"2025-09-18T07:43:07","slug":"el-ibex-35-avanza-un-067-y-supera-los-15-200-puntos-tras-el-recorte-de-tipos-de-la-fed","status":"publish","type":"post","link":"https:\/\/www.europesays.com\/es\/122549\/","title":{"rendered":"El Ibex 35 avanza un 0,67% y supera los 15.200 puntos tras el recorte de tipos de la Fed"},"content":{"rendered":"<p>Este jueves, el Ibex 35 ha experimentado un ascenso del 0,67%, alcanzando los 15.228,4 puntos. Este impulso se produce despu\u00e9s de que la Reserva Federal de los Estados Unidos (Fed) anunciara una reducci\u00f3n en los tipos de inter\u00e9s.<\/p>\n<p>El Comit\u00e9 Federal de Mercado Abierto (FOMC) de la Fed ha reducido los tipos de inter\u00e9s en 25 puntos b\u00e1sicos, situ\u00e1ndolos entre el 4% y el 4,25%. Esta decisi\u00f3n sigue a un per\u00edodo donde el precio del dinero se mantuvo estable tras cinco pausas consecutivas desde enero, y tras haberlo reducido tres veces desde septiembre de 2024.<\/p>\n<p>Jerome Powell, presidente de la Fed, indic\u00f3 que actualmente no hay un \u2018amplio apoyo\u2019 dentro del FOMC para un recorte m\u00e1s agresivo de 50 puntos b\u00e1sicos, como propone Stephen Miran, quien recientemente se uni\u00f3 al organismo por designaci\u00f3n de Donald Trump en reemplazo de Adriana Kugler.<\/p>\n<p>Entre los valores destacados del Ibex 35 en la apertura, Banco Santander lideraba con un aumento del 1,64%, seguido por Indra con un 1,51%, Bankinter con un 1,39% y Unicaja Banco con un 1,2%. Por otro lado, Cellnex y Colonial experimentaban ca\u00eddas del 0,34% y 0,27% respectivamente.<\/p>\n<p>Las principales bolsas europeas tambi\u00e9n iniciaron la jornada con ganancias. Francfort avanzaba un 0,85%, Mil\u00e1n un 0,6%, Par\u00eds un 0,56% y Londres un 0,1%. En el mercado de materias primas, el barril de Brent descend\u00eda un 0,38% a 67,69 d\u00f3lares, mientras que el WTI bajaba un 0,44% a 63,77 d\u00f3lares.<\/p>\n<p>En el \u00e1mbito cambiario, el euro se cotizaba a 1,1796 d\u00f3lares, mientras que el rendimiento del bono a 10 a\u00f1os se reduc\u00eda hasta el 3,225%.<\/p>\n","protected":false},"excerpt":{"rendered":"Este jueves, el Ibex 35 ha experimentado un ascenso del 0,67%, alcanzando los 15.228,4 puntos. Este impulso se&hellip;\n","protected":false},"author":2,"featured_media":122550,"comment_status":"","ping_status":"","sticky":false,"template":"","format":"standard","meta":{"footnotes":""},"categories":[80],"tags":[82,95,94,25,24,23],"class_list":{"0":"post-122549","1":"post","2":"type-post","3":"status-publish","4":"format-standard","5":"has-post-thumbnail","7":"category-economia","8":"tag-business","9":"tag-economia","10":"tag-economy","11":"tag-es","12":"tag-espana","13":"tag-spain"},"share_on_mastodon":{"url":"","error":""},"_links":{"self":[{"href":"https:\/\/www.europesays.com\/es\/wp-json\/wp\/v2\/posts\/122549","targetHints":{"allow":["GET"]}}],"collection":[{"href":"https:\/\/www.europesays.com\/es\/wp-json\/wp\/v2\/posts"}],"about":[{"href":"https:\/\/www.europesays.com\/es\/wp-json\/wp\/v2\/types\/post"}],"author":[{"embeddable":true,"href":"https:\/\/www.europesays.com\/es\/wp-json\/wp\/v2\/users\/2"}],"replies":[{"embeddable":true,"href":"https:\/\/www.europesays.com\/es\/wp-json\/wp\/v2\/comments?post=122549"}],"version-history":[{"count":0,"href":"https:\/\/www.europesays.com\/es\/wp-json\/wp\/v2\/posts\/122549\/revisions"}],"wp:featuredmedia":[{"embeddable":true,"href":"https:\/\/www.europesays.com\/es\/wp-json\/wp\/v2\/media\/122550"}],"wp:attachment":[{"href":"https:\/\/www.europesays.com\/es\/wp-json\/wp\/v2\/media?parent=122549"}],"wp:term":[{"taxonomy":"category","embeddable":true,"href":"https:\/\/www.europesays.com\/es\/wp-json\/wp\/v2\/categories?post=122549"},{"taxonomy":"post_tag","embeddable":true,"href":"https:\/\/www.europesays.com\/es\/wp-json\/wp\/v2\/tags?post=122549"}],"curies":[{"name":"wp","href":"https:\/\/api.w.org\/{rel}","templated":true}]}}