{"id":122551,"date":"2025-09-18T07:44:08","date_gmt":"2025-09-18T07:44:08","guid":{"rendered":"https:\/\/www.europesays.com\/es\/122551\/"},"modified":"2025-09-18T07:44:08","modified_gmt":"2025-09-18T07:44:08","slug":"trump-anuncia-la-designacion-de-antifa-como-organizacion-terrorista-sin-dar-mas-detalles-internacional","status":"publish","type":"post","link":"https:\/\/www.europesays.com\/es\/122551\/","title":{"rendered":"Trump anuncia la designaci\u00f3n de Antifa como \u201corganizaci\u00f3n terrorista\u201d, sin dar m\u00e1s detalles | Internacional"},"content":{"rendered":"<p class=\"\">El presidente de Estados Unidos, Donald Trump, anunci\u00f3 este mi\u00e9rcoles por la noche (hora de Washington, madrugada en Londres, donde se halla en una visita de Estado) que designar\u00e1 \u201corganizaci\u00f3n terrorista\u201d a <a href=\"https:\/\/elpais.com\/internacional\/2020-06-01\/antifa-ni-terrorista-ni-organizacion.html\" target=\"_blank\" rel=\"noreferrer nofollow noopener\" title=\"https:\/\/elpais.com\/internacional\/2020-06-01\/antifa-ni-terrorista-ni-organizacion.html\">Antifa<\/a>, denominaci\u00f3n que sirve para definir a una constelaci\u00f3n amorfa de organizaciones de extrema izquierda con tenues v\u00ednculos entre s\u00ed.<\/p>\n<p class=\"\">Trump hizo su anuncio donde acostumbra: en su propia red social, Truth. \u201cMe complace informar a nuestros numerosos patriotas estadounidenses que designo a ANTIFA, UN DESASTRE ENFERMO, PELIGROSO Y DE IZQUIERDA RADICAL, COMO UNA GRAN ORGANIZACI\u00d3N TERRORISTA\u201d, escribi\u00f3. \u201cTambi\u00e9n recomendar\u00e9 encarecidamente que quienes financian a ANTIFA sean investigados a fondo de acuerdo con los m\u00e1s altos est\u00e1ndares y pr\u00e1cticas legales\u201d.<\/p>\n<p class=\"\">Hace una semana del <a href=\"https:\/\/elpais.com\/internacional\/2025-09-14\/el-asesinato-de-charlie-kirk-coloca-a-estados-unidos-ante-el-espejo-de-su-fractura.html\" target=\"_blank\" rel=\"noreferrer nofollow noopener\" title=\"https:\/\/elpais.com\/internacional\/2025-09-14\/el-asesinato-de-charlie-kirk-coloca-a-estados-unidos-ante-el-espejo-de-su-fractura.html\">asesinato del l\u00edder juvenil MAGA y aliado de Trump Charlie Kirk.<\/a> Y Trump lleva desde entonces <a href=\"https:\/\/elpais.com\/internacional\/2025-09-11\/trump-anuncia-que-concedera-postumamente-la-medalla-de-la-libertad-a-su-aliado-charlie-kirk.html\" target=\"_blank\" rel=\"noreferrer nofollow noopener\" title=\"https:\/\/elpais.com\/internacional\/2025-09-11\/trump-anuncia-que-concedera-postumamente-la-medalla-de-la-libertad-a-su-aliado-charlie-kirk.html\">culpando de este a la \u201cizquierda radical\u201d<\/a> y amenazando con tomar medidas contra grupos progresistas estadounidenses. Lo que se sabe hasta ahora del principal sospechoso, Tyler Robinson, es que proviene de un hogar conservador de Utah y que, seg\u00fan su madre, se \u201cpolitiz\u00f3\u201d en el \u00faltimo a\u00f1o, y adopt\u00f3 posturas \u201cizquierdistas\u201d.<\/p>\n<p class=\"\">El director del FBI, <a href=\"https:\/\/elpais.com\/internacional\/elecciones-usa\/2024-12-01\/donald-trump-elige-como-director-del-fbi-a-un-leal-muy-critico-con-la-principal-agencia-federal-de-investigacion.html\" target=\"_self\" rel=\"nofollow noopener\" title=\"https:\/\/elpais.com\/internacional\/elecciones-usa\/2024-12-01\/donald-trump-elige-como-director-del-fbi-a-un-leal-muy-critico-con-la-principal-agencia-federal-de-investigacion.html\">Kash Patel<\/a>, dijo ante el Senado este martes que la agencia est\u00e1 buscando posibles v\u00ednculos del sospechoso con organizaciones \u201cradicales\u201d del Estado del oeste de Estados Unidos, pero estas no se han confirmado.<\/p>\n<p class=\"\">Dado que Antifa carece de l\u00edder o de estructura organizada, no est\u00e1 claro c\u00f3mo piensa Trump sustanciar su amenaza. Aunque la polic\u00eda asegura que algunos activistas antifascistas est\u00e1n altamente organizados en c\u00e9lulas a nivel local, es imposible saber cu\u00e1l es el n\u00famero de miembros, ni siquiera definir cu\u00e1ndo alguien merece tal nombre.<\/p>\n<p class=\"\">Adem\u00e1s, al tratarse de un grupo que act\u00faa en Estados Unidos, con mayor intensidad desde <a href=\"https:\/\/elpais.com\/internacional\/2017\/08\/12\/actualidad\/1502553163_703843.html\" target=\"_self\" rel=\"nofollow noopener\" title=\"https:\/\/elpais.com\/internacional\/2017\/08\/12\/actualidad\/1502553163_703843.html\">la manifestaci\u00f3n neonazi en Charlottesville (Virginia) en 2017<\/a>, Antifa no puede ingresar en la lista de organizaciones terroristas extranjeras del Departamento de Estado. A esa lista pertenecen \u201cenemigos\u201d de Estados Unidos como el Estado Isl\u00e1mico, Al Qaeda o, <a href=\"https:\/\/elpais.com\/us\/2024-09-16\/texas-declara-al-tren-de-aragua-como-organizacion-terrorista-extranjera.html\" target=\"_self\" rel=\"nofollow noopener\" title=\"https:\/\/elpais.com\/us\/2024-09-16\/texas-declara-al-tren-de-aragua-como-organizacion-terrorista-extranjera.html\">desde febrero, la banda criminal venezolana Tren de Aragua<\/a>. Esa designaci\u00f3n permite al Departamento de Justicia procesar a quienes brindan apoyo material a las entidades incluidas la lista.<\/p>\n<p class=\"\">Trump tambi\u00e9n plante\u00f3 a principios de esta semana la posibilidad de revocar la exenci\u00f3n de impuestos para las organizaciones liberales (progresistas) sin fines de lucro. Antes de eso, su vicepresidente, J. D. Vance, se\u00f1al\u00f3 al <a href=\"https:\/\/elpais.com\/autor\/george-soros\/\" target=\"_blank\" rel=\"nofollow noopener\" title=\"https:\/\/elpais.com\/autor\/george-soros\/\">millonario George Soros y a la Ford Foundation.<\/a><\/p>\n<p class=\"\">\u201cAntifa es terrible. Pero hay otros grupos [tambi\u00e9n]\u201d, declar\u00f3 Trump en el Despacho Oval. \u201cTenemos algunos grupos bastante radicales, y se salieron con la suya\u201d, a\u00f1adi\u00f3 sin citar pruebas ni dar m\u00e1s detalles.<\/p>\n<p class=\"\">El mi\u00e9rcoles por la noche, el senador Bill Cassidy, republicano de Luisiana, elogi\u00f3 el anuncio de Trump: \u201cAntifa se aprovech\u00f3 de las quejas leg\u00edtimas [de parte de la ciudadan\u00eda] para promover la violencia y la anarqu\u00eda, actuando en contra de la justicia. El presidente tiene raz\u00f3n al reconocer el papel destructivo de Antifa al designarlos como terroristas nacionales\u201d. En julio de 2019, Cassidy y el senador Ted Cruz, republicano por Texas, presentaron una resoluci\u00f3n en el Senado para condenar los actos violentos de Antifa y designarla como grupo terrorista.<\/p>\n<p class=\"\">El exdirector del FBI Christopher Wray, que fue nombrado por Trump, declar\u00f3 ese a\u00f1o que<a href=\"https:\/\/elpais.com\/cultura\/2025-07-24\/macarrones-contra-el-fascismo-por-que-la-pasta-es-un-simbolo-de-resistencia-en-italia.html\" target=\"_blank\" rel=\"nofollow noopener\" title=\"https:\/\/elpais.com\/cultura\/2025-07-24\/macarrones-contra-el-fascismo-por-que-la-pasta-es-un-simbolo-de-resistencia-en-italia.html\"> Antifa es una ideolog\u00eda, no una organizaci\u00f3n,<\/a> y que carece de la estructura jer\u00e1rquica que normalmente permitir\u00eda que el Gobierno federal la designara como grupo terrorista.<\/p>\n<p class=\"\">El presidente de Estados Unidos ya amenaz\u00f3 con la adscripci\u00f3n terrorista de Antifa. Fue <a href=\"https:\/\/twitter.com\/realDonaldTrump\/status\/1267129644228247552\" rel=\"nofollow noopener\" title=\"\" target=\"_blank\">el 31 de mayo<\/a> de 2020, seis d\u00edas despu\u00e9s del asesinato a manos de un polic\u00eda blanco de Mine\u00e1polis del afroamericano <a href=\"https:\/\/elpais.com\/internacional\/2021-05-24\/un-ano-de-la-muerte-de-george-floyd-una-reforma-policial-varada-y-un-repunte-de-la-violencia.html\" target=\"_blank\" rel=\"noreferrer nofollow noopener\" title=\"https:\/\/elpais.com\/internacional\/2021-05-24\/un-ano-de-la-muerte-de-george-floyd-una-reforma-policial-varada-y-un-repunte-de-la-violencia.html\">George Floyd,<\/a> que desat\u00f3 una ola de protestas antirracistas por todo el pa\u00eds en plena pandemia. Entonces, su amago ya recibi\u00f3 cr\u00edticas por su inconcreci\u00f3n. En su segunda presidencia, ha demostrado sobradamente una resoluci\u00f3n mayor para llevar a cabo su agenda y consumar sus amenazas.<\/p>\n<p><script async src=\"https:\/\/platform.twitter.com\/widgets.js\" charset=\"utf-8\"><\/script><\/p>\n","protected":false},"excerpt":{"rendered":"El presidente de Estados Unidos, Donald Trump, anunci\u00f3 este mi\u00e9rcoles por la noche (hora de Washington, madrugada en&hellip;\n","protected":false},"author":2,"featured_media":122552,"comment_status":"","ping_status":"","sticky":false,"template":"","format":"standard","meta":{"footnotes":""},"categories":[42],"tags":[17,18,37536,40280,352,629,13,14,40279,11,61,62,63,64,19,20,9,2556,10,15,16,30471,17918,12,21,22,65,66,67],"class_list":{"0":"post-122551","1":"post","2":"type-post","3":"status-publish","4":"format-standard","5":"has-post-thumbnail","7":"category-internacional","8":"tag-breaking-news","9":"tag-breakingnews","10":"tag-charlie-kirk","11":"tag-derek-chauvin","12":"tag-donald-trump","13":"tag-estados-unidos","14":"tag-featured-news","15":"tag-featurednews","16":"tag-george-floyd","17":"tag-headlines","18":"tag-internacional","19":"tag-international","20":"tag-international-news","21":"tag-internationalnews","22":"tag-latest-news","23":"tag-latestnews","24":"tag-news","25":"tag-norteamerica","26":"tag-noticias","27":"tag-noticias-destacadas","28":"tag-noticiasdestacadas","29":"tag-partido-democrata-ee-uu","30":"tag-partido-republicano-ee-uu","31":"tag-titulares","32":"tag-ultimas-noticias","33":"tag-ultimasnoticias","34":"tag-world","35":"tag-world-news","36":"tag-worldnews"},"share_on_mastodon":{"url":"","error":""},"_links":{"self":[{"href":"https:\/\/www.europesays.com\/es\/wp-json\/wp\/v2\/posts\/122551","targetHints":{"allow":["GET"]}}],"collection":[{"href":"https:\/\/www.europesays.com\/es\/wp-json\/wp\/v2\/posts"}],"about":[{"href":"https:\/\/www.europesays.com\/es\/wp-json\/wp\/v2\/types\/post"}],"author":[{"embeddable":true,"href":"https:\/\/www.europesays.com\/es\/wp-json\/wp\/v2\/users\/2"}],"replies":[{"embeddable":true,"href":"https:\/\/www.europesays.com\/es\/wp-json\/wp\/v2\/comments?post=122551"}],"version-history":[{"count":0,"href":"https:\/\/www.europesays.com\/es\/wp-json\/wp\/v2\/posts\/122551\/revisions"}],"wp:featuredmedia":[{"embeddable":true,"href":"https:\/\/www.europesays.com\/es\/wp-json\/wp\/v2\/media\/122552"}],"wp:attachment":[{"href":"https:\/\/www.europesays.com\/es\/wp-json\/wp\/v2\/media?parent=122551"}],"wp:term":[{"taxonomy":"category","embeddable":true,"href":"https:\/\/www.europesays.com\/es\/wp-json\/wp\/v2\/categories?post=122551"},{"taxonomy":"post_tag","embeddable":true,"href":"https:\/\/www.europesays.com\/es\/wp-json\/wp\/v2\/tags?post=122551"}],"curies":[{"name":"wp","href":"https:\/\/api.w.org\/{rel}","templated":true}]}}