{"id":122553,"date":"2025-09-18T07:45:07","date_gmt":"2025-09-18T07:45:07","guid":{"rendered":"https:\/\/www.europesays.com\/es\/122553\/"},"modified":"2025-09-18T07:45:07","modified_gmt":"2025-09-18T07:45:07","slug":"el-fiscal-general-del-estado-autoriza-abrir-una-investigacion-sobre-los-crimenes-de-israel-en-gaza-espana","status":"publish","type":"post","link":"https:\/\/www.europesays.com\/es\/122553\/","title":{"rendered":"El fiscal general del Estado autoriza abrir una investigaci\u00f3n sobre los \u201ccr\u00edmenes\u201d de Israel en Gaza | Espa\u00f1a"},"content":{"rendered":"<p class=\"\">El <a href=\"https:\/\/elpais.com\/noticias\/alvaro-garcia-ortiz\/\" target=\"_self\" rel=\"nofollow noopener\" title=\"https:\/\/elpais.com\/noticias\/alvaro-garcia-ortiz\/\">fiscal general del Estado, \u00c1lvaro Garc\u00eda Ortiz<\/a>, ha autorizado la apertura de una investigaci\u00f3n para que se determine si los actos llevados a cabo por <a href=\"https:\/\/elpais.com\/planeta-futuro\/2025-09-18\/huir-de-ciudad-de-gaza-aunque-haya-que-dormir-en-la-playa-o-en-la-carretera-moriran-bajo-los-bombardeos-israelies-si-no-logran-salir.html\" target=\"_self\" rel=\"nofollow noopener\" title=\"https:\/\/elpais.com\/planeta-futuro\/2025-09-18\/huir-de-ciudad-de-gaza-aunque-haya-que-dormir-en-la-playa-o-en-la-carretera-moriran-bajo-los-bombardeos-israelies-si-no-logran-salir.html\">Israel en Gaza<\/a> podr\u00edan ser \u201cgraves violaciones del Derecho Internacional, de los Derechos Humanos y del Derecho Internacional Humanitario\u201d, seg\u00fan ha adelantado este jueves la Cadena SER y ha confirmado EL PA\u00cdS.<\/p>\n<p class=\"\">La investigaci\u00f3n ha sido solicitada por la fiscal de Sala de Derechos Humanos y Memoria Democr\u00e1tica, Dolores Delgado, y en ella estar\u00e1n involucrados el fiscal jefe de la Audiencia Nacional y la Fiscal\u00eda Especializada de Cooperaci\u00f3n Internacional para que se determine si los actos llevados a cabo por Israel en la Franja de Gaza podr\u00edan ser \u201cgraves violaciones del Derecho Internacional de los Derechos Humanos y del Derecho Internacional Humanitario, constitutivas de cr\u00edmenes previstos en los art\u00edculos 607 y siguientes del C\u00f3digo Penal\u201d, seg\u00fan el decreto de la Fiscal\u00eda. <\/p>\n<p class=\"\">Delgado abri\u00f3 un expediente en junio pasado tras recibir un informe de la Comisar\u00eda General de Informaci\u00f3n de la Polic\u00eda Nacional sobre las acciones del ej\u00e9rcito israel\u00ed contra la poblaci\u00f3n civil en la Franja de Gaza, que podr\u00edan ser contrarias al Derecho Internacional. El documento policial recog\u00eda el testimonio de testigos protegidos y aportaba otras pruebas \u201csobre las acciones y circunstancias en el terreno\u201d, que, seg\u00fan el decreto firmado por el fiscal general, constituir\u00edan graves violaciones contra los derechos humanos.<\/p>\n<p class=\"\">Espa\u00f1a, seg\u00fan el decreto firmado por Garc\u00eda Ortiz, ha asumido la obligaci\u00f3n de colaborar y canalizar la asistencia necesaria para la investigaci\u00f3n de los ataques de Israel a Gaza, lo que legitima la investigaci\u00f3n en el marco de las competencias de la Fiscal\u00eda para hacer efectivo el principio de cooperaci\u00f3n internacional. El escrito recuerda la existencia de dos procedimientos seguidos ante tribunales internaciones, uno en la Corte Internacional de Justicia y otro en la Fiscal\u00eda de la Corte Penal Internacional, con los que Espa\u00f1a tiene obligaci\u00f3n de cooperar, de acuerdo con las leyes y los Tratados suscritos por Espa\u00f1a. El decreto recuerda tambi\u00e9n que la Comisi\u00f3n Internacional Independiente de Investigaci\u00f3n de Naciones Unidas sobre el Territorio Palestino Ocupado ha calificado estos hechos de genocidio, en aplicaci\u00f3n de la Convenci\u00f3n para la Prevenci\u00f3n y Sanci\u00f3n del Delito de Genocidio de 1948, y ha urgido a Israel a cumplir con sus obligaciones legales del Derecho Internacional, al tiempo que ha instado a los Estados parte a cooperar con la investigaci\u00f3n de la Fiscal\u00eda de la Corte Penal Internacional.<\/p>\n<p class=\"\">El art\u00edculo 23.4 a) de la Ley Org\u00e1nica del Poder Judicial (LOPJ) otorga jurisdicci\u00f3n a los tribunales espa\u00f1oles para investigar hechos cometidos fuera del territorio espa\u00f1ol que pudieran ser constitutivos de delito de genocidio, lesa humanidad o contra las personas y bienes protegidos en caso de conflicto armado, siempre que el procedimiento se dirija contra un espa\u00f1ol o contra un ciudadano extranjero que resida habitualmente en Espa\u00f1a, o contra un extranjero que se encontrara en Espa\u00f1a y cuya extradici\u00f3n hubiera sido denegada por las autoridades espa\u00f1olas. A su vez, el art\u00edculo 23.4, atribuye jurisdicci\u00f3n a los tribunales espa\u00f1oles respecto de \u201ccualquier otro delito cuya persecuci\u00f3n se imponga con car\u00e1cter obligatorio por un Tratado vigente para Espa\u00f1a o por otros actos normativos de una Organizaci\u00f3n Internacional de la que Espa\u00f1a sea miembro, en los supuestos y condiciones que se determinen en los mismos\u201d.<\/p>\n","protected":false},"excerpt":{"rendered":"El fiscal general del Estado, \u00c1lvaro Garc\u00eda Ortiz, ha autorizado la apertura de una investigaci\u00f3n para que se&hellip;\n","protected":false},"author":2,"featured_media":122554,"comment_status":"","ping_status":"","sticky":false,"template":"","format":"standard","meta":{"footnotes":""},"categories":[8],"tags":[8577,13241,17,18,25,24,13,14,73,11,74,19,20,9,10,15,16,23,12,21,22],"class_list":{"0":"post-122553","1":"post","2":"type-post","3":"status-publish","4":"format-standard","5":"has-post-thumbnail","7":"category-espana","8":"tag-alvaro-garcia-ortiz","9":"tag-benjamin-netanyahu","10":"tag-breaking-news","11":"tag-breakingnews","12":"tag-es","13":"tag-espana","14":"tag-featured-news","15":"tag-featurednews","16":"tag-franja-gaza","17":"tag-headlines","18":"tag-israel","19":"tag-latest-news","20":"tag-latestnews","21":"tag-news","22":"tag-noticias","23":"tag-noticias-destacadas","24":"tag-noticiasdestacadas","25":"tag-spain","26":"tag-titulares","27":"tag-ultimas-noticias","28":"tag-ultimasnoticias"},"share_on_mastodon":{"url":"","error":""},"_links":{"self":[{"href":"https:\/\/www.europesays.com\/es\/wp-json\/wp\/v2\/posts\/122553","targetHints":{"allow":["GET"]}}],"collection":[{"href":"https:\/\/www.europesays.com\/es\/wp-json\/wp\/v2\/posts"}],"about":[{"href":"https:\/\/www.europesays.com\/es\/wp-json\/wp\/v2\/types\/post"}],"author":[{"embeddable":true,"href":"https:\/\/www.europesays.com\/es\/wp-json\/wp\/v2\/users\/2"}],"replies":[{"embeddable":true,"href":"https:\/\/www.europesays.com\/es\/wp-json\/wp\/v2\/comments?post=122553"}],"version-history":[{"count":0,"href":"https:\/\/www.europesays.com\/es\/wp-json\/wp\/v2\/posts\/122553\/revisions"}],"wp:featuredmedia":[{"embeddable":true,"href":"https:\/\/www.europesays.com\/es\/wp-json\/wp\/v2\/media\/122554"}],"wp:attachment":[{"href":"https:\/\/www.europesays.com\/es\/wp-json\/wp\/v2\/media?parent=122553"}],"wp:term":[{"taxonomy":"category","embeddable":true,"href":"https:\/\/www.europesays.com\/es\/wp-json\/wp\/v2\/categories?post=122553"},{"taxonomy":"post_tag","embeddable":true,"href":"https:\/\/www.europesays.com\/es\/wp-json\/wp\/v2\/tags?post=122553"}],"curies":[{"name":"wp","href":"https:\/\/api.w.org\/{rel}","templated":true}]}}