{"id":122555,"date":"2025-09-18T07:51:05","date_gmt":"2025-09-18T07:51:05","guid":{"rendered":"https:\/\/www.europesays.com\/es\/122555\/"},"modified":"2025-09-18T07:51:05","modified_gmt":"2025-09-18T07:51:05","slug":"alcaraz-emblema-de-la-laver-cup-la-exhibicion-que-valio-el-titulo-en-2024-y-no-tiene-comparacion","status":"publish","type":"post","link":"https:\/\/www.europesays.com\/es\/122555\/","title":{"rendered":"Alcaraz, emblema de la Laver Cup: La exhibici\u00f3n que vali\u00f3 el t\u00edtulo en 2024 y no tiene comparaci\u00f3n"},"content":{"rendered":"<p>La actuaci\u00f3n de <b data-testid=\"body-text-bold\">Carlos Alcaraz<\/b> en la \u00faltima edici\u00f3n de la Laver Cup, que tuvo lugar hace un a\u00f1o en Berl\u00edn, fue de las que hacen \u00e9poca, siendo la punta de lanza del equipo que por aquel entonces capitane\u00f3 Bjorn Borg. El tenista murciano, que esta vez desembarcar\u00e1 en San Francisco como el n\u00famero uno del mundo tras su reciente t\u00edtulo en el US Open, logr\u00f3 un total de ocho puntos, el mejor de la historia en este apartado.<\/p>\n<p><img decoding=\"async\" class=\"text-transparent h-full w-full object-cover\" src=\"https:\/\/www.europesays.com\/es\/wp-content\/uploads\/2025\/09\/4043776-82013168-2560-1440.jpg\" alt=\"picture\" data-testid=\"image-high-res\"\/><\/p>\n<p class=\"caption-s6-fx\">Europa-Resto del Mundo (Alcaraz-Fritz): La copa vuelve al viejo continente (6-2 y 7-5, glob: 13-11)<\/p>\n<p class=\"caption-s6-fx\">Autor del v\u00eddeo: Eurosport<\/p>\n<p>En la capital alemana, las cosas no empezaron bien para <b data-testid=\"body-text-bold\">Alcaraz<\/b>, que pudo incluso lograr una puntuaci\u00f3n mayor si hubiera ganado el primer partido de dobles junto a Alexander Zverev frente a Taylor Fritz y Ben Shelton. Pero fue el inicio atropellado, en una temporada que no estaba siendo f\u00e1cil ya que llegaba despu\u00e9s de caer en segunda ronda en Flushing Meadows, que luego vali\u00f3 una actuaci\u00f3n magn\u00edfica que le sirvi\u00f3 para levantar el vuelo.<\/p>\n<p><img decoding=\"async\" class=\"text-transparent h-full w-full object-cover\" src=\"https:\/\/www.europesays.com\/es\/wp-content\/uploads\/2025\/09\/4043434-82006328-2560-1440.jpg\" alt=\"picture\" data-testid=\"image-high-res\"\/><\/p>\n<p class=\"caption-s6-fx\">Europa-Resto del Mundo (Alcaraz\/Ruud-Shelton\/Tiafoe): Inicio de la remontada 6-2, 7-6(6), global 7-8<\/p>\n<p class=\"caption-s6-fx\">Autor del v\u00eddeo: Eurosport<\/p>\n<p>Tras la derrota el viernes, el actual n\u00famero uno mundial dio la vuelta pr\u00e1cticamente \u00e9l solo a la competici\u00f3n, <b data-testid=\"body-text-bold\">venciendo en dos partidos individuales y uno de dobles<\/b>, que fueron fundamentales para la remontada. El factor Alcaraz le dio alas a los europeos, empezando por superar a Ben Shelton en su \u00fanico partido el s\u00e1bado.<\/p>\n<p>Pero fue el domingo en el que <b data-testid=\"body-text-bold\">Alcaraz se encontr\u00f3 en su salsa<\/b>. Primero haciendo pareja junto a Casper Ruud para nuevamente superar al bombardero estadounidense y a Frances Tiafoe, manteniendo vivas las esperanzas del viejo continente, que quer\u00eda recuperar la ansiada copa, y posteriormente contra Taylor Fritz, poni\u00e9ndole el broche a un fin de semana que mejoraba al de Roger Federer en 2017, como el tenista con mayor puntuaci\u00f3n individual en una edici\u00f3n de la Laver Cup.<\/p>\n<p><img decoding=\"async\" class=\"text-transparent h-full w-full object-cover\" src=\"https:\/\/www.europesays.com\/es\/wp-content\/uploads\/2025\/09\/4042926-81996168-2560-1440.jpg\" alt=\"picture\" data-testid=\"image-high-res\"\/><\/p>\n<p class=\"caption-s6-fx\">Europa-R. del Mundo (Alcaraz-Shelton): vuelta a la senda de la victoria (6-4 y 6-4)<\/p>\n<p class=\"caption-s6-fx\">Autor del v\u00eddeo: Eurosport<\/p>\n<p>Es dif\u00edcil, pero todav\u00eda tendr\u00e1 margen de mejora <b data-testid=\"body-text-bold\">Alcaraz <\/b>en San Francisco, si consigue lograr el triunfo tambi\u00e9n en el punto de dobles que le falt\u00f3 el curso pasado, llegando a alcanzar la actuaci\u00f3n perfecta. Algo que podr\u00e1s seguir en <a class=\"text-action-onLight-05 hover:text-action-onLight-05-hover active:text-action-onLight-05-pressed hover:underline active:underline\" data-analytics-id=\"textlink\" rel=\"noopener nofollow\" data-testid=\"atom-textlink\" href=\"https:\/\/www.eurosport.es\/tenis\/copa-laver-individual\/2025\/tenis-laver-cup-san-francisco-carlos-alcaraz-europa-resto-del-mundo-como-ver-television-online-streaming-plan-hbo-max-suscripcion-horario-fecha_sto23221960\/story.shtml\" target=\"_blank\">Eurosport y HBO Max del 19 al 21 de septiembre<\/a>.<\/p>\n","protected":false},"excerpt":{"rendered":"La actuaci\u00f3n de Carlos Alcaraz en la \u00faltima edici\u00f3n de la Laver Cup, que tuvo lugar hace un&hellip;\n","protected":false},"author":2,"featured_media":122556,"comment_status":"","ping_status":"","sticky":false,"template":"","format":"standard","meta":{"footnotes":""},"categories":[274],"tags":[39678,168,25,24,23,167,327,326],"class_list":{"0":"post-122555","1":"post","2":"type-post","3":"status-publish","4":"format-standard","5":"has-post-thumbnail","7":"category-tenis","8":"tag-copa-laver-individual","9":"tag-deportes","10":"tag-es","11":"tag-espana","12":"tag-spain","13":"tag-sports","14":"tag-tenis","15":"tag-tennis"},"share_on_mastodon":{"url":"","error":""},"_links":{"self":[{"href":"https:\/\/www.europesays.com\/es\/wp-json\/wp\/v2\/posts\/122555","targetHints":{"allow":["GET"]}}],"collection":[{"href":"https:\/\/www.europesays.com\/es\/wp-json\/wp\/v2\/posts"}],"about":[{"href":"https:\/\/www.europesays.com\/es\/wp-json\/wp\/v2\/types\/post"}],"author":[{"embeddable":true,"href":"https:\/\/www.europesays.com\/es\/wp-json\/wp\/v2\/users\/2"}],"replies":[{"embeddable":true,"href":"https:\/\/www.europesays.com\/es\/wp-json\/wp\/v2\/comments?post=122555"}],"version-history":[{"count":0,"href":"https:\/\/www.europesays.com\/es\/wp-json\/wp\/v2\/posts\/122555\/revisions"}],"wp:featuredmedia":[{"embeddable":true,"href":"https:\/\/www.europesays.com\/es\/wp-json\/wp\/v2\/media\/122556"}],"wp:attachment":[{"href":"https:\/\/www.europesays.com\/es\/wp-json\/wp\/v2\/media?parent=122555"}],"wp:term":[{"taxonomy":"category","embeddable":true,"href":"https:\/\/www.europesays.com\/es\/wp-json\/wp\/v2\/categories?post=122555"},{"taxonomy":"post_tag","embeddable":true,"href":"https:\/\/www.europesays.com\/es\/wp-json\/wp\/v2\/tags?post=122555"}],"curies":[{"name":"wp","href":"https:\/\/api.w.org\/{rel}","templated":true}]}}