{"id":122557,"date":"2025-09-18T07:52:09","date_gmt":"2025-09-18T07:52:09","guid":{"rendered":"https:\/\/www.europesays.com\/es\/122557\/"},"modified":"2025-09-18T07:52:09","modified_gmt":"2025-09-18T07:52:09","slug":"tve-se-plantea-no-renovar-a-pedro-delgado-tras-sus-criticas-al-gobierno-en-la-vuelta-a-espana","status":"publish","type":"post","link":"https:\/\/www.europesays.com\/es\/122557\/","title":{"rendered":"TVE se plantea no renovar a Pedro Delgado tras sus cr\u00edticas al Gobierno en La Vuelta a Espa\u00f1a"},"content":{"rendered":"<p class=\"paragraph\">Nacido en Segovia en 1960,<b> Pedro &#8216;Perico&#8217; Delgado<\/b> se hizo un nombre, primero, como uno de los mejores ciclistas de nuestro pa\u00eds, y despu\u00e9s, como voz y comentarista de <b><a href=\"https:\/\/www.eldebate.com\/espana\/20250916\/encuesta-apoya-usted-protestas-propalestinas-interrumpieron-vuelta-espana-cns_335134.html\" rel=\"nofollow noopener\" target=\"_blank\">La Vuelta a Espa\u00f1a<\/a><\/b>. Ahora, en cambio, ni su prestigio a lo largo de los a\u00f1os le han asegurado un puesto en la cadena p\u00fablica.<\/p>\n<p class=\"paragraph\">Los incidentes y la posterior suspensi\u00f3n de la \u00faltima etapa el pasado domingo a manos de los manifestantes <b>propalestinos <\/b>en Madrid despert\u00f3 su indignaci\u00f3n y <a href=\"https:\/\/www.eldebate.com\/cine-tv-series\/20250916\/oscar-puente-elogia-pedro-delgado-como-ciclista-burla-como-comentarista-tve_334881.html\" rel=\"nofollow noopener\" target=\"_blank\">no dud\u00f3 en expresar su opini\u00f3n en pleno directo <\/a>de La 1 de TVE.<\/p>\n<p class=\"paragraph\">\u00abEstos son grupos antisistema que les da lo mismo lo que est\u00e9 pasando en Gaza porque lo demuestran. Quieren violencia, quieren bronca, no quieren proclamarse por esa paz y buscar que el <b>genocidio de Gaza <\/b>acabe de una vez por todas. Les da igual qui\u00e9n salga malparado de esa guerra, ellos lo que quieren es l\u00edo aqu\u00ed\u00bb, <a href=\"https:\/\/www.eldebate.com\/cine-tv-series\/20250915\/tve-corto-pedro-delgado-anuncios-cuando-critico-izquierda-apoyar-boicot-vuelta-espana_334559.html\" rel=\"nofollow noopener\" target=\"_blank\">reconoc\u00eda la leyenda del ciclismo espa\u00f1ol.<\/a><\/p>\n<p class=\"paragraph\">\u00abAl final provocas violencia. \u00bfQui\u00e9n se cree, que uno tiene m\u00e1s derecho que el otro? <b><a href=\"https:\/\/www.eldebate.com\/cine-tv-series\/20250914\/pedro-delgado-senala-izquierda-tve-boicot-vuelta-indignante-fomenten-este-odio_334401.html\" rel=\"nofollow noopener\" target=\"_blank\">\u00bfPor qu\u00e9 no respet\u00e1is a los corredores?<\/a><\/b>\u00bb, alzaba la voz el exciclista. Sus declaraciones, sin ser del todo expl\u00edcitas, apuntaban directamente contra el Gobierno de S\u00e1nchez, del que dec\u00eda que hab\u00eda da\u00f1ado seriamente la reputaci\u00f3n de un evento deportivo hist\u00f3rico para nuestro pa\u00eds.<\/p>\n<p class=\"paragraph\">Delgado expres\u00f3 claramente que este tipo de actitudes \u00ab<b>fomentan el odio en un pa\u00eds que se llama democracia y no se est\u00e1n respetando los derechos<\/b>\u00bb. \u00abSe supone que estamos en una democracia y me parece mal que muchos partidos pol\u00edticos alienten el odio entre espa\u00f1oles. Es indignante\u00bb.<\/p>\n<p>            <a href=\"#\" title=\"\"><br \/>\n                <img decoding=\"async\" loading=\"lazy\" width=\"120px\" height=\"90px\" alt=\"As\u00ed ser\u00e1 La Vuelta en TVE en 2026\" src=\"https:\/\/imagenes.eldebate.com\/files\/related_image\/files\/fp\/uploads\/2025\/09\/15\/68c83e9b589b9.r_d.800-423.png\" data-full-src=\"https:\/\/www.europesays.com\/es\/wp-content\/uploads\/2025\/09\/68c83e9b589b9.png\"\/><br \/>\n            <\/a><\/p>\n<p class=\"paragraph\">En este sentido, la direcci\u00f3n de RTVE, tal y como recoge Vozp\u00f3puli est\u00e1<b> \u00abtremendamente molesta\u00bb <\/b>con los comentarios y la \u00abactitud\u00bb mostrada por el comentarista. Tanto que, de momento, no han confirmado su continuaci\u00f3n en la cadena. \u00abTodo puede pasar y no sabemos qu\u00e9 ocurrir\u00e1 de aqu\u00ed al a\u00f1o que viene\u00bb, explican las fuentes consultadas en el citado peri\u00f3dico.<\/p>\n<p class=\"paragraph\">Su intervenci\u00f3n en TVE no ha sido la \u00faltima que ha hecho sobre la pol\u00e9mica. El exdeportista estuvo el martes 16 de septiembre en presentaci\u00f3n de la V edici\u00f3n de la Gran Fondo Sierra de Albacete y aprovech\u00f3 para aclarar: \u00abYo <b>estoy en contra del genocidio<\/b>. Todos los corredores que estaban all\u00ed como toda La Vuelta a Espa\u00f1a est\u00e1n en contra de lo que est\u00e1 pasando, es de ley natural\u00bb.<\/p>\n<p class=\"paragraph\">\u00ab\u00bfC\u00f3mo se conjuga? Con diplomacia, igual que hubo unas acciones contra Rusia, \u00bfpor qu\u00e9 no se hacen contra Israel? Yo no tengo la capacidad y La Vuelta tampoco, no s\u00e9 si t\u00fa s\u00ed, pero yo. Son otros organismos los que tienen que tomar medidas, nosotros somos por desgracia infelices ciudadanos que vivimos con una angustia y una pena muy grande por lo que est\u00e1 pasando\u00bb, remat\u00f3 poco despu\u00e9s.<\/p>\n","protected":false},"excerpt":{"rendered":"Nacido en Segovia en 1960, Pedro &#8216;Perico&#8217; Delgado se hizo un nombre, primero, como uno de los mejores&hellip;\n","protected":false},"author":2,"featured_media":122558,"comment_status":"","ping_status":"","sticky":false,"template":"","format":"standard","meta":{"footnotes":""},"categories":[273],"tags":[313,312,168,25,24,23,167],"class_list":{"0":"post-122557","1":"post","2":"type-post","3":"status-publish","4":"format-standard","5":"has-post-thumbnail","7":"category-ciclismo","8":"tag-ciclismo","9":"tag-cycling","10":"tag-deportes","11":"tag-es","12":"tag-espana","13":"tag-spain","14":"tag-sports"},"share_on_mastodon":{"url":"","error":""},"_links":{"self":[{"href":"https:\/\/www.europesays.com\/es\/wp-json\/wp\/v2\/posts\/122557","targetHints":{"allow":["GET"]}}],"collection":[{"href":"https:\/\/www.europesays.com\/es\/wp-json\/wp\/v2\/posts"}],"about":[{"href":"https:\/\/www.europesays.com\/es\/wp-json\/wp\/v2\/types\/post"}],"author":[{"embeddable":true,"href":"https:\/\/www.europesays.com\/es\/wp-json\/wp\/v2\/users\/2"}],"replies":[{"embeddable":true,"href":"https:\/\/www.europesays.com\/es\/wp-json\/wp\/v2\/comments?post=122557"}],"version-history":[{"count":0,"href":"https:\/\/www.europesays.com\/es\/wp-json\/wp\/v2\/posts\/122557\/revisions"}],"wp:featuredmedia":[{"embeddable":true,"href":"https:\/\/www.europesays.com\/es\/wp-json\/wp\/v2\/media\/122558"}],"wp:attachment":[{"href":"https:\/\/www.europesays.com\/es\/wp-json\/wp\/v2\/media?parent=122557"}],"wp:term":[{"taxonomy":"category","embeddable":true,"href":"https:\/\/www.europesays.com\/es\/wp-json\/wp\/v2\/categories?post=122557"},{"taxonomy":"post_tag","embeddable":true,"href":"https:\/\/www.europesays.com\/es\/wp-json\/wp\/v2\/tags?post=122557"}],"curies":[{"name":"wp","href":"https:\/\/api.w.org\/{rel}","templated":true}]}}